{"id":34619,"date":"2021-04-13T21:00:17","date_gmt":"2021-04-14T01:00:17","guid":{"rendered":"https:\/\/cimbcc.org\/test2\/?p=34619"},"modified":"2023-10-16T22:11:43","modified_gmt":"2023-10-17T02:11:43","slug":"fuite-majeure-dinformations-personnelles-provenant-de-facebook","status":"publish","type":"post","link":"https:\/\/cimbcc.org\/test2\/fuite-majeure-dinformations-personnelles-provenant-de-facebook\/","title":{"rendered":"Fuite majeure d&rsquo;informations personnelles provenant de Facebook"},"content":{"rendered":"<figure id=\"attachment_24158\" aria-describedby=\"caption-attachment-24158\" style=\"width: 125px\" class=\"wp-caption aligncenter\"><img loading=\"lazy\" decoding=\"async\" class=\"size-full wp-image-24158\" src=\"https:\/\/cimbcc.org\/test2\/wp-content\/uploads\/photo_gervais_richard.jpg\" alt=\"\" width=\"125\" height=\"125\" \/><figcaption id=\"caption-attachment-24158\" class=\"wp-caption-text\"><span style=\"color: #ffffff;\">mnm<\/span>Richard Gervais<\/figcaption><\/figure>\n<p style=\"text-align: justify;\">Les donn\u00e9es personnelles de 533 millions d&rsquo;utilisateurs Facebook provenant de 106 pays sont d\u00e9sormais visibles sur Internet. Cette fuite majeure d&rsquo;informations personnelles a \u00e9t\u00e9 d\u00e9couverte au d\u00e9but du mois d&rsquo;avril 2021 par <a href=\"https:\/\/twitter.com\/UnderTheBreach\/status\/1378314424239460352?mc_cid=fdd0d26e4d&amp;mc_eid=UNIQID\" target=\"_blank\" rel=\"noopener\">Alon Gal<\/a>, un sp\u00e9cialiste en s\u00e9curit\u00e9 informatique.<\/p>\n<p style=\"text-align: justify;\">Cette information a \u00e9t\u00e9 confirm\u00e9e dans un <a href=\"https:\/\/about.fb.com\/news\/2021\/04\/facts-on-news-reports-about-facebook-data\/?mc_cid=fdd0d26e4d&amp;mc_eid=UNIQID\" target=\"_blank\" rel=\"noopener\">communiqu\u00e9 \u00e9mis<\/a> par Facebook le 6 avril 2021, mais ils affirment que ces donn\u00e9es ont \u00e9t\u00e9 glan\u00e9es avant septembre 2019.<\/p>\n<p><!--more--><\/p>\n<hr \/>\n<h4>Contenu de l&rsquo;information subtilis\u00e9e \u00e0 Facebook<\/h4>\n<p style=\"text-align: justify;\">\u00c0 la fin de 2020, le <a href=\"https:\/\/www.journaldunet.com\/ebusiness\/le-net\/1125265-nombre-d-utilisateurs-de-facebook-dans-le-monde\/\" target=\"_blank\" rel=\"noopener\">nombre d&rsquo;utilisateurs qui consultent au moins une fois par mois leur compte Facebook<\/a> \u00e9tait estim\u00e9 \u00e0 2,8 milliards de personnes. La fuite dont il est question ici touche peut-\u00eatre le cinqui\u00e8me de tous ces utilisateurs. Il est donc fort possible que vos informations n&rsquo;aient pas \u00e9t\u00e9 divulgu\u00e9es. La vigilance s&rsquo;impose quand m\u00eame.<\/p>\n<p style=\"text-align: justify;\">Selon le <a href=\"https:\/\/www.7sur7.be\/tech\/votre-numero-est-il-concerne-par-la-fuite-de-donnees-chez-facebook-vous-pouvez-le-verifier-sur-ce-site~a24cdba7\/?referrer=https%3A%2F%2Fwww.google.com%2F\" target=\"_blank\" rel=\"noopener\">site web belge <strong><em>7 sur 7<\/em><\/strong><\/a>, il est possible de retrouver les informations suivantes :<\/p>\n<ul>\n<li style=\"text-align: justify;\">les num\u00e9ros de t\u00e9l\u00e9phone,<\/li>\n<li style=\"text-align: justify;\">l\u2019identifiant Facebook,<\/li>\n<li style=\"text-align: justify;\">le nom complet,<\/li>\n<li style=\"text-align: justify;\">la date de naissance,<\/li>\n<li style=\"text-align: justify;\">parfois l\u2019adresse \u00e9lectronique,<\/li>\n<li style=\"text-align: justify;\">le sexe,<\/li>\n<li style=\"text-align: justify;\">la date de cr\u00e9ation du compte,<\/li>\n<li style=\"text-align: justify;\">le lieu actuel de r\u00e9sidence ainsi que le lieu pr\u00e9c\u00e9dent,<\/li>\n<li style=\"text-align: justify;\">la bio des comptes.<\/li>\n<\/ul>\n<p style=\"text-align: justify;\">Les mots de passe ne feraient pas partie des informations publi\u00e9es.<\/p>\n<hr \/>\n<h4>Gestion du compte Facebook<\/h4>\n<p style=\"text-align: justify;\">Lorsque vous g\u00e9rez votre compte Facebook, il est recommand\u00e9 de <strong>ne pas ajouter d&rsquo;informations qui ne sont pas obligatoires<\/strong>. Celles-ci pourraient justement \u00eatre utilis\u00e9es contre le d\u00e9tenteur du compte telles que :<\/p>\n<ul>\n<li style=\"text-align: justify;\">num\u00e9ro de t\u00e9l\u00e9phone,<\/li>\n<li style=\"text-align: justify;\">adresse \u00e9lectronique personnelle,<\/li>\n<li style=\"text-align: justify;\">sexe,<\/li>\n<li style=\"text-align: justify;\">lieu de r\u00e9sidence actuel,<\/li>\n<li style=\"text-align: justify;\">information sur soi, c&rsquo;est-\u00e0-dire la bio.<\/li>\n<\/ul>\n<p style=\"text-align: justify;\">\u00c9galement, il n\u2019est pas recommandable de donner acc\u00e8s \u00e0 sa <strong>liste d\u2019amis<\/strong> \u00e0 tous les abonn\u00e9s Facebook. Il est pr\u00e9f\u00e9rable de <strong>rendre celle-ci priv\u00e9e<\/strong> en changeant le param\u00e8tre \u00ab <em>qui peut voir<\/em> \u00bb pour \u00ab <em>moi seulement<\/em> \u00bb.<\/p>\n<hr \/>\n<h4>S\u00e9quence des \u00e9v\u00e9nements<\/h4>\n<p style=\"text-align: justify;\">Le <a href=\"https:\/\/fr.wikipedia.org\/wiki\/R%C3%A8glement_g%C3%A9n%C3%A9ral_sur_la_protection_des_donn%C3%A9es\" target=\"_blank\" rel=\"noopener\">R\u00e8glement g\u00e9n\u00e9ral sur la protection des donn\u00e9es<\/a> (RGPD) est entr\u00e9 en vigueur le 25 mai 2018 dans les pays de l&rsquo;Union europ\u00e9enne. Comme le souligne <a href=\"https:\/\/www.technologyreview.com\/2021\/04\/07\/1021892\/facebook-data-leak\/\" target=\"_blank\" rel=\"noopener\">cet article<\/a> du <em>MIT Technology Review<\/em>, la s\u00e9quence des \u00e9v\u00e9nements sera tr\u00e8s importante \u00e0 \u00e9tablir et elle fait l&rsquo;objet d&rsquo;une enqu\u00eate.<\/p>\n<p style=\"text-align: justify;\">Si la fuite d&rsquo;informations est survenue apr\u00e8s mai 2018, Facebook s&rsquo;expose \u00e0 des amendes cors\u00e9es puisque la br\u00e8che n&rsquo;a pas \u00e9t\u00e9 signal\u00e9e \u00e0 l&rsquo;int\u00e9rieur du d\u00e9lai prescrit de 72 heures \u00e0 l&rsquo;autorit\u00e9 r\u00e9glementaire europ\u00e9enne.<\/p>\n<hr \/>\n<h4>Recommandations<\/h4>\n<p style=\"text-align: justify;\">L\u2019information accessible par les pirates \u00e0 la suite de cette faille ne permet pas \u00e0 un intrus de p\u00e9n\u00e9trer dans vos comptes et d\u2019y faire des dommages.<\/p>\n<p style=\"text-align: justify;\">Par contre, elle permet \u00e0 un pirate de communiquer avec vous et de vous faire croire qu\u2019il est un employ\u00e9 d\u2019une compagnie avec laquelle vous faites affaire parce qu\u2019il poss\u00e8de des informations pr\u00e9cises et exactes sur vous.<\/p>\n<p>Le site <strong><em>7 sur 7<\/em><\/strong> vous recommande donc\u00a0:<\/p>\n<p style=\"text-align: justify; padding-left: 40px;\"><em>\u00ab \u00c0 partir de maintenant, soyez tr\u00e8s prudent lorsque vous r\u00e9pondez \u00e0 des appels inconnus provenant de num\u00e9ros \u00e9trangers ou \u00e0 des messages suspects. \u00bb<\/em><\/p>\n<p style=\"text-align: justify;\">Si vous d\u00e9sirez savoir si votre information personnelle a d\u00e9j\u00e0 \u00e9t\u00e9 compromise, vous pouvez consulter le <a href=\"https:\/\/haveibeenpwned.com\/?mc_cid=fdd0d26e4d&amp;mc_eid=UNIQID\" target=\"_blank\" rel=\"noopener\">site Web pwned<\/a>.<\/p>\n<hr \/>\n<h4>Remerciements<\/h4>\n<p style=\"text-align: justify;\">Je remercie M. Jean-Victor C\u00f4t\u00e9 de m&rsquo;avoir sugg\u00e9r\u00e9 le sujet de cet article. Je suis aussi reconnaissant \u00e0 MM. Michel Gagn\u00e9 et Sylvain Garneau pour leurs commentaires et suggestions.<\/p>\n<p>Richard Gervais<\/p>\n","protected":false},"excerpt":{"rendered":"<p>Les donn\u00e9es personnelles de 533 millions d&rsquo;utilisateurs Facebook provenant de 106 pays sont d\u00e9sormais visibles sur Internet. Cette fuite majeure d&rsquo;informations personnelles a \u00e9t\u00e9 d\u00e9couverte au d\u00e9but du mois d&rsquo;avril 2021 par Alon Gal, un sp\u00e9cialiste en s\u00e9curit\u00e9 informatique. Cette information a \u00e9t\u00e9 confirm\u00e9e dans un communiqu\u00e9 \u00e9mis par Facebook le 6 avril 2021, mais &hellip; <a href=\"https:\/\/cimbcc.org\/test2\/fuite-majeure-dinformations-personnelles-provenant-de-facebook\/\" class=\"more-link\">Continuer la lecture de <span class=\"screen-reader-text\">Fuite majeure d&rsquo;informations personnelles provenant de Facebook<\/span>  <span class=\"meta-nav\">&rarr;<\/span><\/a><\/p>\n","protected":false},"author":43,"featured_media":0,"comment_status":"open","ping_status":"closed","sticky":false,"template":"","format":"standard","meta":{"footnotes":""},"categories":[25],"tags":[677,20,683,1457],"class_list":["post-34619","post","type-post","status-publish","format-standard","hentry","category-chronique-securite","tag-donnees-personnelles","tag-facebook","tag-protection-des-donnees","tag-rgpd"],"_links":{"self":[{"href":"https:\/\/cimbcc.org\/test2\/wp-json\/wp\/v2\/posts\/34619","targetHints":{"allow":["GET"]}}],"collection":[{"href":"https:\/\/cimbcc.org\/test2\/wp-json\/wp\/v2\/posts"}],"about":[{"href":"https:\/\/cimbcc.org\/test2\/wp-json\/wp\/v2\/types\/post"}],"author":[{"embeddable":true,"href":"https:\/\/cimbcc.org\/test2\/wp-json\/wp\/v2\/users\/43"}],"replies":[{"embeddable":true,"href":"https:\/\/cimbcc.org\/test2\/wp-json\/wp\/v2\/comments?post=34619"}],"version-history":[{"count":14,"href":"https:\/\/cimbcc.org\/test2\/wp-json\/wp\/v2\/posts\/34619\/revisions"}],"predecessor-version":[{"id":34636,"href":"https:\/\/cimbcc.org\/test2\/wp-json\/wp\/v2\/posts\/34619\/revisions\/34636"}],"wp:attachment":[{"href":"https:\/\/cimbcc.org\/test2\/wp-json\/wp\/v2\/media?parent=34619"}],"wp:term":[{"taxonomy":"category","embeddable":true,"href":"https:\/\/cimbcc.org\/test2\/wp-json\/wp\/v2\/categories?post=34619"},{"taxonomy":"post_tag","embeddable":true,"href":"https:\/\/cimbcc.org\/test2\/wp-json\/wp\/v2\/tags?post=34619"}],"curies":[{"name":"wp","href":"https:\/\/api.w.org\/{rel}","templated":true}]}}