{"id":35019,"date":"2021-05-20T21:00:11","date_gmt":"2021-05-21T01:00:11","guid":{"rendered":"https:\/\/cimbcc.org\/test2\/?p=35019"},"modified":"2023-10-16T22:11:43","modified_gmt":"2023-10-17T02:11:43","slug":"echos-du-conseil-dadministration-4-mai-2021","status":"publish","type":"post","link":"https:\/\/cimbcc.org\/test2\/echos-du-conseil-dadministration-4-mai-2021\/","title":{"rendered":"\u00c9chos du conseil d&rsquo;administration &#8211; 4 mai 2021"},"content":{"rendered":"<figure id=\"attachment_31421\" aria-describedby=\"caption-attachment-31421\" style=\"width: 512px\" class=\"wp-caption alignnone\"><img loading=\"lazy\" decoding=\"async\" class=\"size-full wp-image-31421\" src=\"https:\/\/cimbcc.org\/test2\/wp-content\/uploads\/chip_ca_2020_2021.jpg\" alt=\"CA 2020-2021\" width=\"512\" height=\"202\" srcset=\"https:\/\/cimbcc.org\/test2\/wp-content\/uploads\/chip_ca_2020_2021.jpg 512w, https:\/\/cimbcc.org\/test2\/wp-content\/uploads\/chip_ca_2020_2021-300x118.jpg 300w\" sizes=\"auto, (max-width: 512px) 100vw, 512px\" \/><figcaption id=\"caption-attachment-31421\" class=\"wp-caption-text\">Dans l\u2019ordre habituel : Danielle Barab\u00e9, Michel C\u00f4t\u00e9, R\u00e9jean C\u00f4t\u00e9, Berthe Demers, Michel Gagn\u00e9, Sylvain Garneau, Richard Gervais, Jacques Lalibert\u00e9, Sylvie Mazur, Danielle Provost<\/figcaption><\/figure>\n<p style=\"text-align: justify;\"><em>Avant d\u2019amorcer la r\u00e9union du 4\u00a0mai, le conseil d\u2019administration a remerci\u00e9 <strong>Jacques Lalibert\u00e9<\/strong> pour sa longue et pr\u00e9cieuse contribution comme administrateur, tout en acceptant \u00e0 regret sa d\u00e9mission. <\/em><\/p>\n<p style=\"text-align: justify;\"><em>Heureusement, les membres pourront encore compter sur lui comme responsable de <\/em><a href=\"https:\/\/cimbcc.org\/test2\/entraide\/lassistance-par-courriel\" target=\"_blank\" rel=\"noopener\"><em>l\u2019assistance par courriel<\/em><\/a><em> et de <\/em><a href=\"https:\/\/cimbcc.org\/test2\/services\/page-facebook-du-club\" target=\"_blank\" rel=\"noopener\"><em>la page Facebook du Club<\/em><\/a><em> et comme b\u00e9n\u00e9vole \u00e0 la <\/em><a href=\"https:\/\/cimbcc.org\/test2\/services\/le-soutien-a-la-recuperation-de-materiel-informatique\" target=\"_blank\" rel=\"noopener\"><em>r\u00e9cup\u00e9ration de mat\u00e9riel informatique<\/em><\/a><em>. <strong>Merci Jacques!<\/strong><\/em><\/p>\n<p style=\"text-align: justify;\">De cette r\u00e9union du 4\u00a0mai, il faut retenir que\u00a0:<\/p>\n<ul>\n<li style=\"text-align: justify;\">le conseil a adopt\u00e9 les orientations qui lui ont \u00e9t\u00e9 pr\u00e9sent\u00e9es pour les s\u00e9ances du mercredi et du vendredi ainsi que pour les ateliers.<\/li>\n<li style=\"text-align: justify;\">un appel \u00e0 tous a \u00e9t\u00e9 lanc\u00e9, car il est urgent de trouver une personne qui pourra succ\u00e9der \u00e0 une des responsables des ateliers.<\/li>\n<li style=\"text-align: justify;\">des indications ont \u00e9t\u00e9 donn\u00e9es \u00e0 la tr\u00e9sori\u00e8re pour la pr\u00e9paration des pr\u00e9visions budg\u00e9taires de l\u2019an prochain.<\/li>\n<\/ul>\n<p><!--more--><\/p>\n<hr \/>\n<h4 style=\"text-align: justify;\"><strong>S\u00e9ances du mercredi et du vendredi en 2021-2022<\/strong><\/h4>\n<p style=\"text-align: justify;\">Le conseil d\u2019administration a approuv\u00e9 le projet propos\u00e9 pour les s\u00e9ances du mercredi et du vendredi de l\u2019ann\u00e9e prochaine. Celui-ci s\u2019appuie sur les donn\u00e9es recueillies cette ann\u00e9e et sur les observations des b\u00e9n\u00e9voles qui ont pr\u00e9sent\u00e9 diff\u00e9rents sujets aux membres.<\/p>\n<p style=\"text-align: justify;\"><strong>D\u00e8s septembre prochain, les s\u00e9ances du mercredi soir se d\u00e9rouleront par vid\u00e9oconf\u00e9rence et celles du vendredi apr\u00e8s-midi se tiendront au Chalet Marie-Victorin<\/strong>. Toutes les s\u00e9ances dureront deux heures, avec une courte pause apr\u00e8s une heure. Aucune s\u00e9ance ne sera enregistr\u00e9e.<\/p>\n<p style=\"text-align: justify;\"><strong>La s\u00e9rie <em>D\u00e9couverte<\/em> sera propos\u00e9e le mercredi soir d\u00e8s 19\u00a0heures.<\/strong> Les sujets trait\u00e9s seront nouveaux ou ils n\u2019auront pas \u00e9t\u00e9 abord\u00e9s au cours des trois derni\u00e8res ann\u00e9es.<\/p>\n<p style=\"text-align: justify;\"><strong>La s\u00e9rie <em>Facile<\/em> pour sa part se tiendra en salle le vendredi apr\u00e8s-midi.<\/strong> Les membres seront aussi invit\u00e9s \u00e0 participer \u00e0 un atelier o\u00f9 ils recevront de l\u2019aide pour faire les exercices propos\u00e9s dans cette s\u00e9rie. Cet atelier pourrait se tenir \u00e0 la biblioth\u00e8que de Sainte-Julie. La tenue en salle de la s\u00e9rie <em>Facile<\/em> et celle de l\u2019atelier sont bien s\u00fbr tributaires de l\u2019assouplissement des r\u00e8gles sanitaires actuelles et d\u2019un sentiment de s\u00e9curit\u00e9 retrouv\u00e9.<\/p>\n<p style=\"text-align: justify;\">Les calendriers des s\u00e9ances du mercredi et du vendredi seront accessibles sur le site Web du Club vers la fin de l\u2019\u00e9t\u00e9.<\/p>\n<hr \/>\n<h4 style=\"text-align: justify;\"><strong>Les ateliers<\/strong><\/h4>\n<p style=\"text-align: justify;\">Le bilan de la participation aux ateliers en 2020-2021 a r\u00e9v\u00e9l\u00e9 que l\u2019int\u00e9r\u00eat pour les ateliers sur les tablettes \u00e9lectroniques et sur les t\u00e9l\u00e9phones intelligents demeure \u00e9lev\u00e9. Dans certains cas, il a fallu diviser les groupes pour r\u00e9duire leur taille.<\/p>\n<p style=\"text-align: justify;\">Les participants sont majoritairement favorables aux vid\u00e9oconf\u00e9rences. Les animateurs sont plus partag\u00e9s. Pour certains, l\u2019utilisation de Zoom est la meilleure formule. Elle requiert davantage de discipline. L\u2019utilisation de la vid\u00e9oconf\u00e9rence est moins appropri\u00e9e pour les ateliers o\u00f9 l\u2019animateur doit personnaliser ses interventions en cours de r\u00e9union.<\/p>\n<p style=\"text-align: justify;\">En 2021-2022, on pr\u00e9voit que certains ateliers se d\u00e9rouleront par vid\u00e9oconf\u00e9rence et d\u2019autres en salle, si la situation le permet. Les animateurs sont d\u00e9j\u00e0 connus et l\u2019inscription aux ateliers de l\u2019automne prochain sera ouverte en septembre.<\/p>\n<h4 style=\"text-align: center;\"><span style=\"color: #ff0000;\"><strong><mark>Appel \u00e0 tous<\/mark><\/strong><\/span><\/h4>\n<p style=\"text-align: justify;\"><strong>Berthe Demers a annonc\u00e9 que c\u2019est la derni\u00e8re ann\u00e9e o\u00f9 elle partagera la responsabilit\u00e9 des ateliers avec Danielle Barab\u00e9. Elle lance donc un appel pour recruter la personne qui lui succ\u00e9dera. <\/strong><\/p>\n<p style=\"text-align: justify;\">Elle souhaite que cette personne se manifeste bient\u00f4t, car elle lui proposera de l\u2019accompagner dans ses t\u00e2ches tout au long de l\u2019ann\u00e9e. Cette personne pourra ainsi \u00eatre initi\u00e9e \u00e0 des t\u00e2ches qui demandent davantage des habilet\u00e9s de communication interpersonnelle que des habilet\u00e9s en informatique. Et faire \u00e9quipe avec Danielle Barab\u00e9 facilite grandement la gestion des ateliers.<\/p>\n<p style=\"text-align: justify;\">Pour plus d\u2019information ou pour proposer vos services, remplissez le formulaire du menu <em>Nous joindre<\/em> que vous trouverez <a href=\"https:\/\/cimbcc.org\/test2\/nous-joindre\/nous-joindre-les-ateliers\" target=\"_blank\" rel=\"noopener\">en cliquant ici<\/a>. Berthe Demers communiquera tr\u00e8s vite avec vous.<\/p>\n<hr \/>\n<h4><strong>Rapport financier<\/strong><\/h4>\n<p style=\"text-align: justify;\">Danielle Barab\u00e9, tr\u00e9sori\u00e8re du Club, confirme que le d\u00e9ficit de l\u2019ann\u00e9e financi\u00e8re du Club, qui se terminera le 30 juin, est actuellement estim\u00e9 \u00e0 environ 4\u00a0000 $. Ce d\u00e9ficit aurait \u00e9t\u00e9 plus important si le Club n\u2019avait pu obtenir le soutien financier de ses partenaires.<\/p>\n<p style=\"text-align: justify;\">Pour pr\u00e9parer la prochaine ann\u00e9e financi\u00e8re, le Club sollicitera le renouvellement des subventions re\u00e7ues cette ann\u00e9e. Il faut aussi esp\u00e9rer que la majorit\u00e9 des membres actuels du Club <a href=\"https:\/\/cimbcc.org\/test2\/periode-de-renouvellement-terminee\" target=\"_blank\" rel=\"noopener\">renouvelleront leur adh\u00e9sion<\/a> \u00e0 la fin de l\u2019\u00e9t\u00e9.<\/p>\n<p style=\"text-align: justify;\">Au chapitre des d\u00e9penses, notre tr\u00e9sori\u00e8re pr\u00e9voira entre autres les co\u00fbts de location des salles pour la <em>Journ\u00e9e d\u2019information et d\u2019inscription<\/em> du 7\u00a0septembre, pour les s\u00e9ances du vendredi apr\u00e8s-midi et pour le souper de No\u00ebl du 8\u00a0d\u00e9cembre. Tout ceci reste \u00e0 confirmer selon la lev\u00e9e des restrictions sanitaires actuelles.<\/p>\n<p style=\"text-align: justify;\">Sylvie Mazur, secr\u00e9taire du conseil d\u2019administration<\/p>\n","protected":false},"excerpt":{"rendered":"<p>Avant d\u2019amorcer la r\u00e9union du 4\u00a0mai, le conseil d\u2019administration a remerci\u00e9 Jacques Lalibert\u00e9 pour sa longue et pr\u00e9cieuse contribution comme administrateur, tout en acceptant \u00e0 regret sa d\u00e9mission. Heureusement, les membres pourront encore compter sur lui comme responsable de l\u2019assistance par courriel et de la page Facebook du Club et comme b\u00e9n\u00e9vole \u00e0 la r\u00e9cup\u00e9ration &hellip; <a href=\"https:\/\/cimbcc.org\/test2\/echos-du-conseil-dadministration-4-mai-2021\/\" class=\"more-link\">Continuer la lecture de <span class=\"screen-reader-text\">\u00c9chos du conseil d&rsquo;administration &#8211; 4 mai 2021<\/span>  <span class=\"meta-nav\">&rarr;<\/span><\/a><\/p>\n","protected":false},"author":43,"featured_media":0,"comment_status":"open","ping_status":"closed","sticky":false,"template":"","format":"standard","meta":{"footnotes":""},"categories":[386],"tags":[1476,269,1487,371,370,271,1488,1186,1277],"class_list":["post-35019","post","type-post","status-publish","format-standard","hentry","category-echos-du-conseil-dadministration","tag-2021-2022","tag-ateliers","tag-salle-marie-victorin","tag-decouverte","tag-facile","tag-presentations","tag-rapport-financier","tag-seances-du-mercredi-et-du-vendredi","tag-videoconference"],"_links":{"self":[{"href":"https:\/\/cimbcc.org\/test2\/wp-json\/wp\/v2\/posts\/35019","targetHints":{"allow":["GET"]}}],"collection":[{"href":"https:\/\/cimbcc.org\/test2\/wp-json\/wp\/v2\/posts"}],"about":[{"href":"https:\/\/cimbcc.org\/test2\/wp-json\/wp\/v2\/types\/post"}],"author":[{"embeddable":true,"href":"https:\/\/cimbcc.org\/test2\/wp-json\/wp\/v2\/users\/43"}],"replies":[{"embeddable":true,"href":"https:\/\/cimbcc.org\/test2\/wp-json\/wp\/v2\/comments?post=35019"}],"version-history":[{"count":6,"href":"https:\/\/cimbcc.org\/test2\/wp-json\/wp\/v2\/posts\/35019\/revisions"}],"predecessor-version":[{"id":35021,"href":"https:\/\/cimbcc.org\/test2\/wp-json\/wp\/v2\/posts\/35019\/revisions\/35021"}],"wp:attachment":[{"href":"https:\/\/cimbcc.org\/test2\/wp-json\/wp\/v2\/media?parent=35019"}],"wp:term":[{"taxonomy":"category","embeddable":true,"href":"https:\/\/cimbcc.org\/test2\/wp-json\/wp\/v2\/categories?post=35019"},{"taxonomy":"post_tag","embeddable":true,"href":"https:\/\/cimbcc.org\/test2\/wp-json\/wp\/v2\/tags?post=35019"}],"curies":[{"name":"wp","href":"https:\/\/api.w.org\/{rel}","templated":true}]}}