{"id":35202,"date":"2021-06-09T21:00:10","date_gmt":"2021-06-10T01:00:10","guid":{"rendered":"https:\/\/cimbcc.org\/test2\/?p=35202"},"modified":"2023-10-16T22:11:43","modified_gmt":"2023-10-17T02:11:43","slug":"bilan-des-presentations-techniques-de-lhiver-2021","status":"publish","type":"post","link":"https:\/\/cimbcc.org\/test2\/bilan-des-presentations-techniques-de-lhiver-2021\/","title":{"rendered":"Bilan des pr\u00e9sentations techniques de l\u2019hiver 2021"},"content":{"rendered":"<figure id=\"attachment_24078\" aria-describedby=\"caption-attachment-24078\" style=\"width: 125px\" class=\"wp-caption aligncenter\"><img loading=\"lazy\" decoding=\"async\" class=\"size-full wp-image-24078\" src=\"https:\/\/cimbcc.org\/test2\/wp-content\/uploads\/photo_belanger_guy.jpg\" alt=\"\" width=\"125\" height=\"125\" \/><figcaption id=\"caption-attachment-24078\" class=\"wp-caption-text\"><span style=\"color: #ffffff;\">mmm<\/span>Guy B\u00e9langer<\/figcaption><\/figure>\n<p style=\"text-align: justify;\">Le 7 mai a marqu\u00e9 la fin des pr\u00e9sentations techniques des <strong>mercredis<\/strong> et des <strong>vendredis<\/strong> pour la saison 2020-2021. Comme \u00e0 l\u2019automne, la pand\u00e9mie de COVID-19 a forc\u00e9 la tenue de nos r\u00e9unions en vid\u00e9oconf\u00e9rence en utilisant le logiciel Zoom. La tendance observ\u00e9e \u00e0 l\u2019automne s\u2019est maintenue, c&rsquo;est-\u00e0-dire un nombre de participants exceptionnellement \u00e9lev\u00e9 par rapport aux ann\u00e9es pass\u00e9es.<\/p>\n<p style=\"text-align: justify;\">En plus des s\u00e9ries <a href=\"https:\/\/cimbcc.org\/test2\/wp-content\/uploads\/calendrier_serie_facile.pdf\" target=\"_blank\" rel=\"noopener\"><strong>Facile<\/strong><\/a> et <a href=\"https:\/\/cimbcc.org\/test2\/wp-content\/uploads\/calendrier_serie_decouverte.pdf\" target=\"_blank\" rel=\"noopener\"><strong>D\u00e9couverte<\/strong><\/a>, une troisi\u00e8me s\u00e9rie a \u00e9t\u00e9 propos\u00e9e aux membres, soit des pr\u00e9sentations sur l\u2019utilisation des <strong><a href=\"https:\/\/cimbcc.org\/test2\/wp-content\/uploads\/calendrier_serie_ios_android.pdf\" target=\"_blank\" rel=\"noopener\">appareils mobiles<\/a>,<\/strong> tablettes et t\u00e9l\u00e9phones intelligents. Cette nouvelle exp\u00e9rience a \u00e9t\u00e9 ax\u00e9e sur les syst\u00e8mes d\u2019exploitation iOS (appareils Apple) et Android (appareils semblables aux mod\u00e8les offerts par, entre autres, Samsung).<\/p>\n<p style=\"text-align: justify;\">De plus, quelques pr\u00e9sentations hors-s\u00e9ries ont \u00e9t\u00e9 offertes portant sur l\u2019<a href=\"https:\/\/cimbcc.org\/test2\/lhistoire-du-numerique-70-ans-de-decouvertes-et-de-bouleversements\" target=\"_blank\" rel=\"noopener\">historique du num\u00e9rique<\/a> (par Monsieur Charles Terreault) et sur la pose et l\u2019entretien des c\u00e2bles sous-marins (par Monsieur Jean-Pierre Bonneau). Divers groupes ont \u00e9t\u00e9 invit\u00e9s \u00e0 assister \u00e0 quelques pr\u00e9sentations et des collaborations ont \u00e9t\u00e9 \u00e9tablies avec les clubs informatiques de Longueuil et de Brossard.<\/p>\n<p style=\"text-align: justify;\">Cet article pr\u00e9sente des donn\u00e9es recueillies lors de pr\u00e9sentations de la saison 2020-2021. L&rsquo;approche retenue pour les r\u00e9unions de la saison 2021-2022 sera aussi mentionn\u00e9e.<\/p>\n<p><!--more--><\/p>\n<hr \/>\n<h4>Saison 2020-2021<\/h4>\n<p><img loading=\"lazy\" decoding=\"async\" class=\"alignnone size-full wp-image-35206\" src=\"https:\/\/cimbcc.org\/test2\/wp-content\/uploads\/chip_2021_06_bilan_presentations_1.jpg\" alt=\"\" width=\"576\" height=\"271\" srcset=\"https:\/\/cimbcc.org\/test2\/wp-content\/uploads\/chip_2021_06_bilan_presentations_1.jpg 576w, https:\/\/cimbcc.org\/test2\/wp-content\/uploads\/chip_2021_06_bilan_presentations_1-300x141.jpg 300w\" sizes=\"auto, (max-width: 576px) 100vw, 576px\" \/><\/p>\n<p style=\"text-align: justify;\">Le diagramme ci-dessus illustre les assistances aux diverses s\u00e9ances de l\u2019hiver 2021. On y note que la majorit\u00e9 des vid\u00e9oconf\u00e9rences a accueilli plus de 100 personnes. La tendance \u00e0 la baisse des participants \u00e0 partir d&rsquo;avril et de mai s&rsquo;explique par l&rsquo;arriv\u00e9e du printemps et de la belle temp\u00e9rature.<\/p>\n<p style=\"text-align: justify;\">La r\u00e9partition des assistances totales pour les diff\u00e9rents types de pr\u00e9sentations pour l\u2019automne 2020 et l\u2019hiver 2021 est illustr\u00e9e dans la figure suivante. Comme par le pass\u00e9, on remarque que la s\u00e9rie <strong>Facile<\/strong> attire plus de participants que la s\u00e9rie <strong>D\u00e9couverte<\/strong> pour les deux saisons. Pour cette derni\u00e8re s\u00e9rie, le nombre de participants a chut\u00e9 l\u00e9g\u00e8rement \u00e0 l\u2019hiver.<\/p>\n<p><img loading=\"lazy\" decoding=\"async\" class=\"alignnone size-full wp-image-35207\" src=\"https:\/\/cimbcc.org\/test2\/wp-content\/uploads\/chip_2021_06_bilan_presentations_2.jpg\" alt=\"\" width=\"576\" height=\"267\" srcset=\"https:\/\/cimbcc.org\/test2\/wp-content\/uploads\/chip_2021_06_bilan_presentations_2.jpg 576w, https:\/\/cimbcc.org\/test2\/wp-content\/uploads\/chip_2021_06_bilan_presentations_2-300x139.jpg 300w\" sizes=\"auto, (max-width: 576px) 100vw, 576px\" \/><\/p>\n<p><img loading=\"lazy\" decoding=\"async\" class=\"alignnone size-full wp-image-35208\" src=\"https:\/\/cimbcc.org\/test2\/wp-content\/uploads\/chip_2021_06_bilan_presentations_3.jpg\" alt=\"\" width=\"535\" height=\"31\" srcset=\"https:\/\/cimbcc.org\/test2\/wp-content\/uploads\/chip_2021_06_bilan_presentations_3.jpg 535w, https:\/\/cimbcc.org\/test2\/wp-content\/uploads\/chip_2021_06_bilan_presentations_3-300x17.jpg 300w\" sizes=\"auto, (max-width: 535px) 100vw, 535px\" \/><\/p>\n<p style=\"text-align: justify;\">Comme par les ann\u00e9es ant\u00e9rieures, les pr\u00e9sentations de la s\u00e9rie <strong>Facile<\/strong> pour l\u2019hiver ont \u00e9t\u00e9 des reprises int\u00e9grales des m\u00eames sujets qu\u2019\u00e0 l\u2019automne 2020. Pour la s\u00e9rie <strong>D\u00e9couverte<\/strong>, on y a retrouv\u00e9 la majorit\u00e9 des pr\u00e9sentations de l\u2019automne avec quelques modifications avec, entre autres, des sujets qui avaient \u00e9t\u00e9 annul\u00e9s \u00e0 l\u2019hiver 2020 avec l&rsquo;arriv\u00e9e de la pand\u00e9mie, soit les fonctions avanc\u00e9es de Windows 10 par R\u00e9jean C\u00f4t\u00e9 et deux s\u00e9ances pr\u00e9sent\u00e9es par Michel Paul portant sur les syst\u00e8mes GPS et sur le g\u00e9ocaching.<\/p>\n<p style=\"text-align: justify;\">Dans la cat\u00e9gorie <strong>Tous<\/strong>, on y retrouve, \u00e0 l\u2019automne, l\u2019assembl\u00e9e annuelle des membres \u00e0 laquelle s\u2019ajoute une pr\u00e9sentation ax\u00e9e sur l\u2019utilisation de l\u2019outil Zoom anim\u00e9e par Pierre Delisle. \u00a0Cette s\u00e9ance a \u00e9t\u00e9 reprise en janvier 2021. \u00c0 l\u2019hiver 2021, sous cette rubrique <strong>Tous<\/strong>, on comptabilise les pr\u00e9sences des pr\u00e9sentations hors-s\u00e9ries mentionn\u00e9es plus haut. Enfin sous le libell\u00e9 <strong>A<\/strong>, on retrouve la nouvelle s\u00e9rie <strong>iOS \/ Android<\/strong> pour appareils mobiles.<\/p>\n<hr \/>\n<h4>Merci \u00e0 nos b\u00e9n\u00e9voles<\/h4>\n<p style=\"text-align: justify;\">Dans l\u2019ensemble, le programme d\u2019hiver s\u2019est d\u00e9roul\u00e9 comme pr\u00e9vu avec de nouvelles initiatives. Ce service aux membres du CIMBCC a \u00e9t\u00e9 rendu possible gr\u00e2ce \u00e0 la g\u00e9n\u00e9reuse participation des pr\u00e9sentatrices et pr\u00e9sentateurs suivants :<\/p>\n<ul>\n<li style=\"text-align: justify;\">mesdames Francine Couture et C\u00e9line Dufresne;<\/li>\n<li style=\"text-align: justify;\">messieurs Denis Charron, R\u00e9jean C\u00f4t\u00e9, Pierre Delisle, Bruno Fournier, Michel Gagn\u00e9, Sylvain Garneau, Michel Paul et Yves P\u00e9pin.<\/li>\n<\/ul>\n<p style=\"text-align: justify;\">Un merci tout sp\u00e9cial \u00e0 mesdames Raymonde Lemay et Danielle Provost qui vous ont transmis, chaque semaine, le descriptif des s\u00e9ances ainsi que les liens pour acc\u00e9der aux sessions Zoom. De plus, les donn\u00e9es pr\u00e9sent\u00e9es ci-haut ont \u00e9t\u00e9 collig\u00e9es et mises en forme par madame C\u00e9line Dufresne.<\/p>\n<hr \/>\n<h4>Saison 2021-2022<\/h4>\n<p style=\"text-align: justify;\">L\u2019\u00e9quipe des pr\u00e9sentatrices et pr\u00e9sentateurs s\u2019active d\u00e9j\u00e0 pour l\u2019\u00e9laboration du programme technique de la prochaine saison, 2021-2022. Pour la s\u00e9rie <strong>Facile<\/strong>, les m\u00eames th\u00e8mes que pour les trois derni\u00e8res ann\u00e9es seront repris et actualis\u00e9s au besoin. Pour la s\u00e9rie <strong>D\u00e9couverte<\/strong>, nous aborderons des sujets qui seront nouveaux ou qui ont \u00e9t\u00e9 pr\u00e9sent\u00e9s il y trois ans ou plus. La s\u00e9rie <strong>iOS \/ Android<\/strong> sera de nouveau en vedette.<\/p>\n<p style=\"text-align: justify;\">Dans la mesure o\u00f9 les contraintes de distanciation et du nombre d\u2019assistants sont lev\u00e9es, nous reprendrons le chemin du <strong>Chalet Marie-Victorin pour les s\u00e9ances du <span style=\"text-decoration: underline;\">vendredi apr\u00e8s-midi<\/span><\/strong>. Ces rencontres en personne permettent \u00e0 nos membres de se voir dans un contexte social agr\u00e9able.<\/p>\n<p style=\"text-align: justify;\">Pour celles du <strong><span style=\"text-decoration: underline;\">mercredi soir<\/span>, nous utiliserons \u00e0 nouveau le logiciel Zoom<\/strong> pour les vid\u00e9oconf\u00e9rences. Il ne sera plus n\u00e9cessaire de vous d\u00e9placer en automobile \u00e0 la noirceur ou par mauvaise temp\u00e9rature. De plus, cela permet \u00e0 des personnes r\u00e9sidant plus loin que la r\u00e9gion imm\u00e9diate de Saint-Bruno, Saint-Basile ou Sainte-Julie de facilement participer aux pr\u00e9sentations du mercredi soir du CIMBCC.<\/p>\n<p style=\"text-align: justify;\">Enfin un grand merci pour toutes les personnes qui ont assist\u00e9, \u00e0 distance, aux diff\u00e9rentes pr\u00e9sentations. Nous esp\u00e9rons vous revoir \u00e0 l\u2019automne. Vous pourrez prendre connaissance de la programmation pr\u00e9liminaire des diff\u00e9rentes s\u00e9ries sur le site de club sous les rubriques <strong>Calendrier et notes de pr\u00e9sentations<\/strong> d\u2019ici la fin juin.<\/p>\n<p style=\"text-align: justify;\">Guy B\u00e9langer,<br \/>\nCo-responsable des s\u00e9ances du mercredi et vendredi du CIMBCC<\/p>\n","protected":false},"excerpt":{"rendered":"<p>Le 7 mai a marqu\u00e9 la fin des pr\u00e9sentations techniques des mercredis et des vendredis pour la saison 2020-2021. Comme \u00e0 l\u2019automne, la pand\u00e9mie de COVID-19 a forc\u00e9 la tenue de nos r\u00e9unions en vid\u00e9oconf\u00e9rence en utilisant le logiciel Zoom. La tendance observ\u00e9e \u00e0 l\u2019automne s\u2019est maintenue, c&rsquo;est-\u00e0-dire un nombre de participants exceptionnellement \u00e9lev\u00e9 par &hellip; <a href=\"https:\/\/cimbcc.org\/test2\/bilan-des-presentations-techniques-de-lhiver-2021\/\" class=\"more-link\">Continuer la lecture de <span class=\"screen-reader-text\">Bilan des pr\u00e9sentations techniques de l\u2019hiver 2021<\/span>  <span class=\"meta-nav\">&rarr;<\/span><\/a><\/p>\n","protected":false},"author":43,"featured_media":0,"comment_status":"open","ping_status":"closed","sticky":false,"template":"","format":"standard","meta":{"footnotes":""},"categories":[402],"tags":[1279,1476,79,371,370,1036,271,1037,1277],"class_list":["post-35202","post","type-post","status-publish","format-standard","hentry","category-activites-du-club","tag-2020-2021","tag-2021-2022","tag-bilan","tag-decouverte","tag-facile","tag-presentateurs","tag-presentations","tag-presentatrices","tag-videoconference"],"_links":{"self":[{"href":"https:\/\/cimbcc.org\/test2\/wp-json\/wp\/v2\/posts\/35202","targetHints":{"allow":["GET"]}}],"collection":[{"href":"https:\/\/cimbcc.org\/test2\/wp-json\/wp\/v2\/posts"}],"about":[{"href":"https:\/\/cimbcc.org\/test2\/wp-json\/wp\/v2\/types\/post"}],"author":[{"embeddable":true,"href":"https:\/\/cimbcc.org\/test2\/wp-json\/wp\/v2\/users\/43"}],"replies":[{"embeddable":true,"href":"https:\/\/cimbcc.org\/test2\/wp-json\/wp\/v2\/comments?post=35202"}],"version-history":[{"count":33,"href":"https:\/\/cimbcc.org\/test2\/wp-json\/wp\/v2\/posts\/35202\/revisions"}],"predecessor-version":[{"id":35653,"href":"https:\/\/cimbcc.org\/test2\/wp-json\/wp\/v2\/posts\/35202\/revisions\/35653"}],"wp:attachment":[{"href":"https:\/\/cimbcc.org\/test2\/wp-json\/wp\/v2\/media?parent=35202"}],"wp:term":[{"taxonomy":"category","embeddable":true,"href":"https:\/\/cimbcc.org\/test2\/wp-json\/wp\/v2\/categories?post=35202"},{"taxonomy":"post_tag","embeddable":true,"href":"https:\/\/cimbcc.org\/test2\/wp-json\/wp\/v2\/tags?post=35202"}],"curies":[{"name":"wp","href":"https:\/\/api.w.org\/{rel}","templated":true}]}}