{"id":35388,"date":"2021-06-23T16:00:57","date_gmt":"2021-06-23T20:00:57","guid":{"rendered":"https:\/\/cimbcc.org\/test2\/?p=35388"},"modified":"2023-10-16T22:11:42","modified_gmt":"2023-10-17T02:11:42","slug":"windows-11-arrive-bientot","status":"publish","type":"post","link":"https:\/\/cimbcc.org\/test2\/windows-11-arrive-bientot\/","title":{"rendered":"Windows 11 arrive bient\u00f4t"},"content":{"rendered":"<figure id=\"attachment_24158\" aria-describedby=\"caption-attachment-24158\" style=\"width: 125px\" class=\"wp-caption aligncenter\"><img loading=\"lazy\" decoding=\"async\" class=\"size-full wp-image-24158\" src=\"https:\/\/cimbcc.org\/test2\/wp-content\/uploads\/photo_gervais_richard.jpg\" alt=\"\" width=\"125\" height=\"125\" \/><figcaption id=\"caption-attachment-24158\" class=\"wp-caption-text\"><span style=\"color: #ffffff;\">mmn<\/span>Richard Gervais<\/figcaption><\/figure>\n<p style=\"text-align: justify;\">Jeudi 24 juin 2021 \u00e0 11 heures, Microsoft devrait d\u00e9voiler la plus r\u00e9cente it\u00e9ration de son syst\u00e8me d&rsquo;exploitation, <strong>Windows 11<\/strong>. Une fuite d&rsquo;information a permis d&rsquo;entrevoir \u00e0 la mi-juin l&rsquo;apparence de cette nouvelle version. Il faudra toutefois attendre l&rsquo;annonce officielle avant de confirmer les v\u00e9ritables changements par rapport \u00e0 Windows 10.<\/p>\n<p style=\"text-align: justify;\">Soyez assur\u00e9(e)s que votre Club informatique vous tiendra inform\u00e9(e)s quant \u00e0 l&rsquo;impact de Windows 11 sur vos appareils actuels. Si ce n&rsquo;est pas d\u00e9j\u00e0 le cas, veuillez consid\u00e9rer la possibilit\u00e9 de devenir membre du CIMBCC en cliquant sur le bouton jaune \u00ab <a href=\"https:\/\/cimbcc.org\/test2\/linscription\" target=\"_blank\" rel=\"noopener\">Pour devenir membre du Club, cliquez ici.<\/a> \u00bb, \u00e0 gauche sur la page d&rsquo;accueil de ce site Web.<\/p>\n<p style=\"text-align: justify;\">Cet article vous parlera bri\u00e8vement de quelques nouveaut\u00e9s de Windows 11.<\/p>\n<p style=\"text-align: justify;\"><!--more--><\/p>\n<hr \/>\n<h4>Historique des versions de Windows<\/h4>\n<p>Voici une liste des versions les plus connues de Windows :<\/p>\n<table style=\"border-collapse: collapse; width: 100%;\">\n<tbody>\n<tr>\n<td style=\"width: 28.481%; text-align: center;\"><strong>Versions<br \/>\nWindows<\/strong><\/td>\n<td style=\"width: 36.1814%; text-align: center;\"><strong><a href=\"https:\/\/fr.wikipedia.org\/wiki\/Histoire_de_Microsoft_Windows\" target=\"_blank\" rel=\"noopener\">Introduction<\/a> et ann\u00e9es de <a href=\"https:\/\/fr.wikipedia.org\/wiki\/Microsoft_Windows\" target=\"_blank\" rel=\"noopener\">mise en march\u00e9<\/a><\/strong><\/td>\n<td style=\"width: 35.3376%; text-align: center;\"><strong>Dur\u00e9e de vie jusqu&rsquo;\u00e0 la <a href=\"https:\/\/en.wikipedia.org\/wiki\/List_of_Microsoft_Windows_versions\" target=\"_blank\" rel=\"noopener\">fin du support<\/a><\/strong><\/td>\n<\/tr>\n<tr>\n<td style=\"width: 28.481%; text-align: center;\">3.0<\/td>\n<td style=\"width: 36.1814%; text-align: center;\">1990-1991<\/td>\n<td style=\"width: 35.3376%; text-align: center;\">11 ans<\/td>\n<\/tr>\n<tr>\n<td style=\"width: 28.481%; text-align: center;\">3.1x<\/td>\n<td style=\"width: 36.1814%; text-align: center;\">1992-1995<\/td>\n<td style=\"width: 35.3376%; text-align: center;\">9 ans<\/td>\n<\/tr>\n<tr>\n<td style=\"width: 28.481%; text-align: center;\">95<\/td>\n<td style=\"width: 36.1814%; text-align: center;\">1995-1998<\/td>\n<td style=\"width: 35.3376%; text-align: center;\">6 ans<\/td>\n<\/tr>\n<tr>\n<td style=\"width: 28.481%; text-align: center;\">98<\/td>\n<td style=\"width: 36.1814%; text-align: center;\">1998-1999<\/td>\n<td style=\"width: 35.3376%; text-align: center;\">7 ans<\/td>\n<\/tr>\n<tr>\n<td style=\"width: 28.481%; text-align: center;\">98 SE<\/td>\n<td style=\"width: 36.1814%; text-align: center;\">1999-2001<\/td>\n<td style=\"width: 35.3376%; text-align: center;\">6 ans<\/td>\n<\/tr>\n<tr>\n<td style=\"width: 28.481%; text-align: center;\">ME<\/td>\n<td style=\"width: 36.1814%; text-align: center;\">2000-2002<\/td>\n<td style=\"width: 35.3376%; text-align: center;\">10 ans<\/td>\n<\/tr>\n<tr>\n<td style=\"width: 28.481%; text-align: center;\">XP<\/td>\n<td style=\"width: 36.1814%; text-align: center;\">2001-2007<\/td>\n<td style=\"width: 35.3376%; text-align: center;\">13 ans<\/td>\n<\/tr>\n<tr>\n<td style=\"width: 28.481%; text-align: center;\">Vista<\/td>\n<td style=\"width: 36.1814%; text-align: center;\">2007-2009<\/td>\n<td style=\"width: 35.3376%; text-align: center;\">10 ans<\/td>\n<\/tr>\n<tr>\n<td style=\"width: 28.481%; text-align: center;\">7<\/td>\n<td style=\"width: 36.1814%; text-align: center;\">2009-2011<\/td>\n<td style=\"width: 35.3376%; text-align: center;\">11 ans<\/td>\n<\/tr>\n<tr>\n<td style=\"width: 28.481%; text-align: center;\">8<\/td>\n<td style=\"width: 36.1814%; text-align: center;\">2012-2014<\/td>\n<td style=\"width: 35.3376%; text-align: center;\">4 ans<\/td>\n<\/tr>\n<tr>\n<td style=\"width: 28.481%; text-align: center;\"><strong>8.1<\/strong><\/td>\n<td style=\"width: 36.1814%; text-align: center;\">2013-2015<\/td>\n<td style=\"width: 35.3376%; text-align: center;\">10 ans<\/td>\n<\/tr>\n<tr>\n<td style=\"width: 28.481%; text-align: center;\"><strong>10<\/strong><\/td>\n<td style=\"width: 36.1814%; text-align: center;\">2015-2021<\/td>\n<td style=\"width: 35.3376%; text-align: center;\">Inconnue<\/td>\n<\/tr>\n<tr>\n<td style=\"width: 28.481%; text-align: center;\">11<\/td>\n<td style=\"width: 36.1814%; text-align: center;\">2021-<\/td>\n<td style=\"width: 35.3376%; text-align: center;\">Inconnue<\/td>\n<\/tr>\n<\/tbody>\n<\/table>\n<p style=\"text-align: justify;\">Cela fait maintenant 36 ans que Windows existe depuis les versions 1.0x et 2.x fort peu connues. Au d\u00e9but, il ne s&rsquo;agissait que d&rsquo;une <a href=\"https:\/\/fr.wikipedia.org\/wiki\/Interface_graphique\" target=\"_blank\" rel=\"noopener\">interface graphique<\/a> greff\u00e9e par-dessus le <a href=\"https:\/\/fr.wikipedia.org\/wiki\/Syst%C3%A8me_d%27exploitation\" target=\"_blank\" rel=\"noopener\">syst\u00e8me d&rsquo;exploitation<\/a>\u00a0<a href=\"https:\/\/en.wikipedia.org\/wiki\/DOS\" target=\"_blank\" rel=\"noopener\">DOS<\/a>. Plus tard, c&rsquo;est devenu un syst\u00e8me op\u00e9rant en <a href=\"https:\/\/fr.wikipedia.org\/wiki\/Architecture_32_bits\" target=\"_blank\" rel=\"noopener\">32 bits<\/a> \u00e0 partir de Windows 95 et en 64 bits, pour Windows XP. C&rsquo;est ce passage \u00e0 <a href=\"https:\/\/fr.wikipedia.org\/wiki\/Processeur_64_bits\" target=\"_blank\" rel=\"noopener\">64 bits<\/a> qui a d&rsquo;ailleurs permis d&rsquo;utiliser la <a href=\"https:\/\/fr.wikipedia.org\/wiki\/M%C3%A9moire_vive\" target=\"_blank\" rel=\"noopener\">m\u00e9moire vive<\/a> <em>(RAM)<\/em> au-del\u00e0 de 4 Go.<\/p>\n<p style=\"text-align: justify;\">Dans le tableau pr\u00e9c\u00e9dent, la dur\u00e9e de vie est bas\u00e9e sur la fin annonc\u00e9e par Microsoft de la publication des mises \u00e0 jour de s\u00e9curit\u00e9 des diff\u00e9rentes versions de Windows. Lorsque les mises \u00e0 jour de s\u00e9curit\u00e9 ne sont plus fournies par le concepteur, vous courrez un s\u00e9rieux risque de piratage en utilisant un ordinateur avec un syst\u00e8me d&rsquo;exploitation obsol\u00e8te, ce qui est le cas pour Windows XP et Windows 7, par exemple.<\/p>\n<p style=\"text-align: justify;\">Outre le Windows 11 encore \u00e0 venir, il n&rsquo;y a que les versions 8.1 et 10 qui sont actuellement support\u00e9es par Microsoft. La fin des mises \u00e0 jour pour la version actuelle 21H1 de Windows 10 est annonc\u00e9e pour d\u00e9cembre 2022. Nous ne savons pas encore ce qu&rsquo;il adviendra par la suite. Compte tenu des exp\u00e9riences pass\u00e9es avec Windows XP (13 ans) et Windows 7 (11 ans), il est fort probable qu&rsquo;il reste encore plusieurs ann\u00e9es pour Windows 10 avant de perdre ses mises \u00e0 jour de s\u00e9curit\u00e9.<\/p>\n<hr \/>\n<h4>Windows 11<\/h4>\n<h5><em>Nouvel \u00e9cran de d\u00e9part<\/em><\/h5>\n<p>Il existe un nouvel \u00e9cran de d\u00e9part, comme illustr\u00e9 ci-dessous.<\/p>\n<figure id=\"attachment_35392\" aria-describedby=\"caption-attachment-35392\" style=\"width: 2560px\" class=\"wp-caption alignnone\"><a href=\"https:\/\/cimbcc.org\/test2\/wp-content\/uploads\/chip_2021_06_windows_11_1.jpg\" target=\"_blank\" rel=\"noopener\"><img loading=\"lazy\" decoding=\"async\" class=\"size-full wp-image-35392\" src=\"https:\/\/cimbcc.org\/test2\/wp-content\/uploads\/chip_2021_06_windows_11_1.jpg\" alt=\"\" width=\"2560\" height=\"1440\" srcset=\"https:\/\/cimbcc.org\/test2\/wp-content\/uploads\/chip_2021_06_windows_11_1.jpg 2560w, https:\/\/cimbcc.org\/test2\/wp-content\/uploads\/chip_2021_06_windows_11_1-300x169.jpg 300w, https:\/\/cimbcc.org\/test2\/wp-content\/uploads\/chip_2021_06_windows_11_1-1024x576.jpg 1024w, https:\/\/cimbcc.org\/test2\/wp-content\/uploads\/chip_2021_06_windows_11_1-768x432.jpg 768w, https:\/\/cimbcc.org\/test2\/wp-content\/uploads\/chip_2021_06_windows_11_1-1536x864.jpg 1536w, https:\/\/cimbcc.org\/test2\/wp-content\/uploads\/chip_2021_06_windows_11_1-2048x1152.jpg 2048w\" sizes=\"auto, (max-width: 2560px) 100vw, 2560px\" \/><\/a><figcaption id=\"caption-attachment-35392\" class=\"wp-caption-text\">Cliquer sur l&rsquo;image pour l&rsquo;agrandir<\/figcaption><\/figure>\n<p style=\"text-align: justify;\">Le menu D\u00e9marrer et la barre des t\u00e2ches ne sont plus situ\u00e9s \u00e0 gauche et en bas, mais bien au centre de l&rsquo;image. Les tuiles introduites avec Windows 8 ont disparu.<\/p>\n<h5><em>Explorateur de fichiers<\/em><\/h5>\n<figure id=\"attachment_35396\" aria-describedby=\"caption-attachment-35396\" style=\"width: 1200px\" class=\"wp-caption alignnone\"><a href=\"https:\/\/cimbcc.org\/test2\/wp-content\/uploads\/chip_2021_06_windows_11_2.jpg\" target=\"_blank\" rel=\"noopener\"><img loading=\"lazy\" decoding=\"async\" class=\"size-full wp-image-35396\" src=\"https:\/\/cimbcc.org\/test2\/wp-content\/uploads\/chip_2021_06_windows_11_2.jpg\" alt=\"\" width=\"1200\" height=\"750\" srcset=\"https:\/\/cimbcc.org\/test2\/wp-content\/uploads\/chip_2021_06_windows_11_2.jpg 1200w, https:\/\/cimbcc.org\/test2\/wp-content\/uploads\/chip_2021_06_windows_11_2-300x188.jpg 300w, https:\/\/cimbcc.org\/test2\/wp-content\/uploads\/chip_2021_06_windows_11_2-1024x640.jpg 1024w, https:\/\/cimbcc.org\/test2\/wp-content\/uploads\/chip_2021_06_windows_11_2-768x480.jpg 768w\" sizes=\"auto, (max-width: 1200px) 100vw, 1200px\" \/><\/a><figcaption id=\"caption-attachment-35396\" class=\"wp-caption-text\">Cliquer sur l&rsquo;image pour l&rsquo;agrandir<\/figcaption><\/figure>\n<p style=\"text-align: justify;\">Un rafra\u00eechissement des ic\u00f4nes de dossiers de l&rsquo;Explorateur de fichiers a \u00e9t\u00e9 r\u00e9alis\u00e9 et les coins de la fen\u00eatre sont maintenant arrondis. Outre ces changements cosm\u00e9tiques mineurs, il n&rsquo;y a pas de modifications quant au fonctionnement de l&rsquo;explorateur par rapport \u00e0 celui de Windows 10.<\/p>\n<p style=\"text-align: justify;\">L&rsquo;image ci-dessous montre encore l&rsquo;Explorateur de fichiers, mais cette fois avec un th\u00e8me sombre. La fl\u00e8che en rouge dans le coin sup\u00e9rieur droit pointe vers des outils permettant de rapidement organiser les fen\u00eatres sur l&rsquo;\u00e9cran.<\/p>\n<p><a style=\"font-weight: bold; background-color: transparent;\" href=\"https:\/\/cimbcc.org\/test2\/wp-content\/uploads\/chip_2021_06_windows_11_3.jpg\" target=\"_blank\" rel=\"noopener\"><img loading=\"lazy\" decoding=\"async\" class=\"size-full wp-image-35397\" src=\"https:\/\/cimbcc.org\/test2\/wp-content\/uploads\/chip_2021_06_windows_11_3.jpg\" alt=\"\" width=\"1200\" height=\"720\" srcset=\"https:\/\/cimbcc.org\/test2\/wp-content\/uploads\/chip_2021_06_windows_11_3.jpg 1200w, https:\/\/cimbcc.org\/test2\/wp-content\/uploads\/chip_2021_06_windows_11_3-300x180.jpg 300w, https:\/\/cimbcc.org\/test2\/wp-content\/uploads\/chip_2021_06_windows_11_3-1024x614.jpg 1024w, https:\/\/cimbcc.org\/test2\/wp-content\/uploads\/chip_2021_06_windows_11_3-768x461.jpg 768w\" sizes=\"auto, (max-width: 1200px) 100vw, 1200px\" \/><\/a><span style=\"font-size: 12px; font-style: italic; background-color: transparent; color: #767676;\">Cliquer sur l&rsquo;image pour l&rsquo;agrandir<\/span><\/p>\n<h5><em>Prix<\/em><\/h5>\n<p style=\"text-align: justify;\">Il est possible d&rsquo;esp\u00e9rer que le passage de Windows 10 \u00e0 Windows\u00a011 soit gratuit pour ceux qui poss\u00e8dent d\u00e9j\u00e0 une version l\u00e9gale de ce syst\u00e8me d&rsquo;exploitation, mais il faudra attendre l&rsquo;annonce officielle pour savoir.<\/p>\n<h5><em>R\u00e9ception par les critiques<\/em><\/h5>\n<p style=\"text-align: justify;\">La tradition en informatique veut qu&rsquo;un changement de num\u00e9ro de version signifie un ajout substantiel de fonctionnalit\u00e9s ou des modifications importantes dans le <a href=\"https:\/\/fr.wikipedia.org\/wiki\/Code_source\" target=\"_blank\" rel=\"noopener\">code source<\/a> d&rsquo;un logiciel.<\/p>\n<p style=\"text-align: justify;\">Les informations disponibles \u00e0 pr\u00e9sent ne montrent pas de modifications fondamentales dans Windows, outre des ajustements cosm\u00e9tiques. Certains critiques disent qu&rsquo;il s&rsquo;agirait d&rsquo;un Windows 10.1 plut\u00f4t qu&rsquo;un vrai Windows 11. La r\u00e9ception est donc plut\u00f4t mitig\u00e9e pour le moment.<\/p>\n<p style=\"text-align: justify;\">Microsoft nous fera peut-\u00eatre des surprises plus substantielles lors du lancement officiel de Windows 11.<\/p>\n<hr \/>\n<h4 style=\"text-align: justify;\">En terminant<\/h4>\n<p style=\"text-align: justify;\">Je tiens \u00e0 remercier MM. Michel Gagn\u00e9, Sylvain Garneau et R\u00e9jean C\u00f4t\u00e9 pour leurs commentaires et suggestions durant la r\u00e9daction de ce texte.<\/p>\n<p style=\"text-align: justify;\">N&rsquo;oubliez pas de vous joindre aux activit\u00e9s du CIMBCC o\u00f9 les changements introduits par Windows 11 seront int\u00e9gr\u00e9s dans les pr\u00e9sentations et ateliers. En particulier, R\u00e9jean C\u00f4t\u00e9 nous d\u00e9crira les nouveaut\u00e9s de Windows 11 \u00e0 la session d\u2019automne et nous conseillera sur la marche \u00e0 suivre pour la migration vers ce nouveau syst\u00e8me d\u2019exploitation.<\/p>\n<p>Richard Gervais<\/p>\n","protected":false},"excerpt":{"rendered":"<p>Jeudi 24 juin 2021 \u00e0 11 heures, Microsoft devrait d\u00e9voiler la plus r\u00e9cente it\u00e9ration de son syst\u00e8me d&rsquo;exploitation, Windows 11. Une fuite d&rsquo;information a permis d&rsquo;entrevoir \u00e0 la mi-juin l&rsquo;apparence de cette nouvelle version. Il faudra toutefois attendre l&rsquo;annonce officielle avant de confirmer les v\u00e9ritables changements par rapport \u00e0 Windows 10. Soyez assur\u00e9(e)s que votre &hellip; <a href=\"https:\/\/cimbcc.org\/test2\/windows-11-arrive-bientot\/\" class=\"more-link\">Continuer la lecture de <span class=\"screen-reader-text\">Windows 11 arrive bient\u00f4t<\/span>  <span class=\"meta-nav\">&rarr;<\/span><\/a><\/p>\n","protected":false},"author":43,"featured_media":0,"comment_status":"open","ping_status":"closed","sticky":false,"template":"","format":"standard","meta":{"footnotes":""},"categories":[53],"tags":[135,86,1499],"class_list":["post-35388","post","type-post","status-publish","format-standard","hentry","category-chronique-logiciel","tag-microsoft","tag-windows","tag-windows-11"],"_links":{"self":[{"href":"https:\/\/cimbcc.org\/test2\/wp-json\/wp\/v2\/posts\/35388","targetHints":{"allow":["GET"]}}],"collection":[{"href":"https:\/\/cimbcc.org\/test2\/wp-json\/wp\/v2\/posts"}],"about":[{"href":"https:\/\/cimbcc.org\/test2\/wp-json\/wp\/v2\/types\/post"}],"author":[{"embeddable":true,"href":"https:\/\/cimbcc.org\/test2\/wp-json\/wp\/v2\/users\/43"}],"replies":[{"embeddable":true,"href":"https:\/\/cimbcc.org\/test2\/wp-json\/wp\/v2\/comments?post=35388"}],"version-history":[{"count":26,"href":"https:\/\/cimbcc.org\/test2\/wp-json\/wp\/v2\/posts\/35388\/revisions"}],"predecessor-version":[{"id":35418,"href":"https:\/\/cimbcc.org\/test2\/wp-json\/wp\/v2\/posts\/35388\/revisions\/35418"}],"wp:attachment":[{"href":"https:\/\/cimbcc.org\/test2\/wp-json\/wp\/v2\/media?parent=35388"}],"wp:term":[{"taxonomy":"category","embeddable":true,"href":"https:\/\/cimbcc.org\/test2\/wp-json\/wp\/v2\/categories?post=35388"},{"taxonomy":"post_tag","embeddable":true,"href":"https:\/\/cimbcc.org\/test2\/wp-json\/wp\/v2\/tags?post=35388"}],"curies":[{"name":"wp","href":"https:\/\/api.w.org\/{rel}","templated":true}]}}