{"id":35575,"date":"2021-07-05T23:43:59","date_gmt":"2021-07-06T03:43:59","guid":{"rendered":"https:\/\/cimbcc.org\/test2\/?p=35575"},"modified":"2023-10-16T22:11:42","modified_gmt":"2023-10-17T02:11:42","slug":"windows-11-la-suite-mais-cela-ne-fait-que-commencer","status":"publish","type":"post","link":"https:\/\/cimbcc.org\/test2\/windows-11-la-suite-mais-cela-ne-fait-que-commencer\/","title":{"rendered":"Windows 11 &#8211; la suite, mais cela ne fait que commencer!"},"content":{"rendered":"<figure id=\"attachment_24081\" aria-describedby=\"caption-attachment-24081\" style=\"width: 125px\" class=\"wp-caption aligncenter\"><img loading=\"lazy\" decoding=\"async\" class=\"size-full wp-image-24081\" src=\"https:\/\/cimbcc.org\/test2\/wp-content\/uploads\/photo_charron_denis.jpg\" alt=\"\" width=\"125\" height=\"125\" \/><figcaption id=\"caption-attachment-24081\" class=\"wp-caption-text\"><span style=\"color: #ffffff;\">mmm<\/span>Denis Charron<\/figcaption><\/figure>\n<p style=\"text-align: justify;\">Le 23 juin dernier, <a href=\"https:\/\/cimbcc.org\/test2\/windows-11-arrive-bientot\" target=\"_blank\" rel=\"noopener\">un article du CHIP<\/a> vous faisait part de l&rsquo;arriv\u00e9e imminente de Windows 11. Cette version du syst\u00e8me d&rsquo;exploitation a effectivement \u00e9t\u00e9 lanc\u00e9e le 24 juin 2021 par Microsoft. Elle n&rsquo;est pas encore vraiment d\u00e9ploy\u00e9e et <strong>votre Club informatique vous recommande d&rsquo;attendre avant de chercher \u00e0 l&rsquo;installer<\/strong>.<\/p>\n<p style=\"text-align: justify;\"><strong>Des informations additionnelles vous seront donn\u00e9es dans les sessions de l&rsquo;automne 2021<\/strong> du CIMBCC. <a href=\"https:\/\/cimbcc.org\/test2\/\" target=\"_blank\" rel=\"noopener\">Restez \u00e0 l&rsquo;\u00e9coute de ce site Web<\/a> pour de plus amples informations.<\/p>\n<p style=\"text-align: justify;\">Dans cet article, il sera question de :<\/p>\n<ul>\n<li style=\"text-align: justify;\">la fin annonc\u00e9e des mises \u00e0 jour de s\u00e9curit\u00e9 pour Windows 10;<\/li>\n<li style=\"text-align: justify;\">la pr\u00e9sentation du nouveau Windows 11;<\/li>\n<li style=\"text-align: justify;\">Windows 11 risque de ne pas \u00eatre compatible avec les ordinateurs plus \u00e2g\u00e9s;<\/li>\n<li style=\"text-align: justify;\">la r\u00e9vision des exigences pour Windows 11.<\/li>\n<\/ul>\n<p><!--more--><\/p>\n<hr \/>\n<h4 style=\"text-align: justify;\"><strong>Fin annonc\u00e9e des mises \u00e0 jour de s\u00e9curit\u00e9 pour Windows 10 <\/strong><\/h4>\n<p style=\"text-align: justify;\">Microsoft a lanc\u00e9 Windows 10 le 29 juillet 2015. Cette entreprise a annonc\u00e9 qu&rsquo;elle mettrait fin aux mises \u00e0 jour de s\u00e9curit\u00e9 de Windows\u00a010 pour les versions Famille et Pro le <strong>14 octobre 2025<\/strong>, comme l&rsquo;indique <a href=\"https:\/\/actu.pcastuces.com\/afficheactu.asp?ID=37446\" target=\"_blank\" rel=\"noopener\">cet article<\/a> du site Web de <em>PC Astuces<\/em>.<\/p>\n<p style=\"text-align: justify;\">Il n&rsquo;est pas recommand\u00e9 d&rsquo;utiliser un syst\u00e8me d&rsquo;exploitation obsol\u00e8te, c&rsquo;est-\u00e0-dire un logiciel dont les correctifs de s\u00e9curit\u00e9 ne sont plus maintenus \u00e0 jour par son concepteur. <strong>Cela laisse donc une fen\u00eatre d&rsquo;un peu plus de 4 ans pour faire la transition de Windows\u00a010 \u00e0 Windows 11<\/strong>, si votre ordinateur le permet.<\/p>\n<hr \/>\n<h4><strong>Pr\u00e9sentation du nouveau Windows 11 <\/strong><\/h4>\n<p style=\"text-align: justify;\">Le nouveau syst\u00e8me d&rsquo;exploitation Windows 11 sera accessible sous la forme d&rsquo;une <strong>mise \u00e0 jour gratuite<\/strong> pour les ordinateurs utilisant Windows 10. Seule la version Famille a \u00e9t\u00e9 annonc\u00e9e pour le moment. <a href=\"https:\/\/actu.pcastuces.com\/afficheactu.asp?Id=37488\" target=\"_blank\" rel=\"noopener\">Cet autre article<\/a> de <em>PC Astuces<\/em> vous fait part des principaux changements.<\/p>\n<hr \/>\n<h4 style=\"text-align: justify;\">Windows 11 risque de ne pas \u00eatre compatible avec les ordinateurs plus \u00e2g\u00e9s<\/h4>\n<p>Microsoft a annonc\u00e9 cette <a href=\"https:\/\/www.microsoft.com\/fr-ca\/windows\/windows-11\" target=\"_blank\" rel=\"noopener\">configuration syst\u00e8me minimale requise<\/a> pour fonctionner avec Windows 11 :<\/p>\n<table style=\"border-collapse: collapse; width: 100%;\">\n<tbody>\n<tr>\n<td style=\"width: 31.8565%;\"><strong>Composantes<\/strong><\/td>\n<td style=\"width: 68.1435%;\"><strong>Minimum requis<\/strong><\/td>\n<\/tr>\n<tr>\n<td style=\"width: 31.8565%;\">Processeur<\/td>\n<td style=\"width: 68.1435%;\">1 gigahertz (GHz) ou plus rapide avec deux c\u0153urs ou plus sur un\u00a0processeur compatible 64\u00a0bits\u00a0ou un syst\u00e8me sur une puce (SoC)<\/td>\n<\/tr>\n<tr>\n<td style=\"width: 31.8565%;\">M\u00e9moire<\/td>\n<td style=\"width: 68.1435%;\">4\u00a0Go de RAM<\/td>\n<\/tr>\n<tr>\n<td style=\"width: 31.8565%;\">Stockage<\/td>\n<td style=\"width: 68.1435%;\">64\u00a0Go de stockage ou plus<\/td>\n<\/tr>\n<tr>\n<td style=\"width: 31.8565%;\">Carte graphique<\/td>\n<td style=\"width: 68.1435%;\">Carte graphique compatible DirectX 12\/WDDM 2.x<\/td>\n<\/tr>\n<tr>\n<td style=\"width: 31.8565%;\">\u00c9cran<\/td>\n<td style=\"width: 68.1435%;\">Plus grand que 9 po avec une r\u00e9solution HD (720p)<\/td>\n<\/tr>\n<tr>\n<td style=\"width: 31.8565%;\">Connexion Internet<\/td>\n<td style=\"width: 68.1435%;\">Un compte Microsoft et une connexion Internet sont requis pour l\u2019installation de Windows 11 Famille<\/td>\n<\/tr>\n<tr>\n<td style=\"width: 31.8565%;\">Microprogramme du syst\u00e8me<\/td>\n<td style=\"width: 68.1435%;\"><a href=\"https:\/\/fr.wikipedia.org\/wiki\/UEFI\" target=\"_blank\" rel=\"noopener\">UEFI<\/a>, <a href=\"https:\/\/fr.wikipedia.org\/wiki\/UEFI#Lancement_s%C3%A9curis%C3%A9_%28secure_boot%29\" target=\"_blank\" rel=\"noopener\">D\u00e9marrage s\u00e9curis\u00e9<\/a><\/td>\n<\/tr>\n<tr>\n<td style=\"width: 31.8565%;\">TPM<\/td>\n<td style=\"width: 68.1435%;\">Module de plateforme s\u00e9curis\u00e9e <em>(<a href=\"https:\/\/fr.wikipedia.org\/wiki\/Trusted_Platform_Module\" target=\"_blank\" rel=\"noopener\">TPM<\/a>)<\/em>\u00a0version 2.0<\/td>\n<\/tr>\n<\/tbody>\n<\/table>\n<p style=\"text-align: justify;\">Les six premiers crit\u00e8res sont assez faciles \u00e0 rencontrer. Toutefois, il peut en \u00eatre autrement avec le microprogramme du syst\u00e8me <em>(<a href=\"https:\/\/fr.wikipedia.org\/wiki\/BIOS_(informatique)\" target=\"_blank\" rel=\"noopener\">BIOS<\/a>)<\/em> et le module de plateforme s\u00e9curis\u00e9e <em>(<a href=\"https:\/\/fr.wikipedia.org\/wiki\/Trusted_Platform_Module\" target=\"_blank\" rel=\"noopener\">TPM<\/a>)<\/em>.<\/p>\n<p style=\"text-align: justify;\">Windows 11 n\u00e9cessitera la version 2.0 du TPM. Comme cette technologie est assez r\u00e9cente, plusieurs ordinateurs risquent de ne pas r\u00e9pondre aux crit\u00e8res d&rsquo;\u00e9ligibilit\u00e9 pour installer Windows 11, <a href=\"https:\/\/actu.pcastuces.com\/afficheactu.asp?Id=37489\" target=\"_blank\" rel=\"noopener\">comme l&rsquo;explique ici<\/a> <em>PC Astuces<\/em>.<\/p>\n<p style=\"text-align: justify;\">L\u2019application <em>Performances et int\u00e9grit\u00e9 de l\u2019appareil (PC Health Check)<\/em> avait \u00e9t\u00e9 mise en ligne par Microsoft pour v\u00e9rifier la compatibilit\u00e9 des ordinateurs avec Windows 11 en juin dernier. Plusieurs personnes l&rsquo;ayant essay\u00e9 ont re\u00e7u le message que leur ordinateur ne pouvait pas fonctionner avec la version 11, mais sans aucune explication pour cet \u00e9chec. Depuis ce temps, Microsoft a retir\u00e9 ce logiciel et en promet une nouvelle version.<\/p>\n<p style=\"text-align: justify;\">Lors de l&rsquo;annonce initiale de Windows 11, il avait \u00e9t\u00e9 dit que le processeur devrait \u00eatre au moins un <a href=\"https:\/\/fr.wikipedia.org\/wiki\/Intel_Core\" target=\"_blank\" rel=\"noopener\"><em>Intel Core<\/em><\/a> de 8<sup>e<\/sup> g\u00e9n\u00e9ration ou un <a href=\"https:\/\/fr.wikipedia.org\/wiki\/Ryzen\" target=\"_blank\" rel=\"noopener\"><em>AMD Ryzen<\/em><\/a> de 2<sup>e<\/sup> g\u00e9n\u00e9ration. Voici les listes fournies par Microsoft pour ces processeurs :<\/p>\n<ul style=\"text-align: justify;\">\n<li style=\"text-align: justify;\"><a href=\"https:\/\/docs.microsoft.com\/en-us\/windows-hardware\/design\/minimum\/supported\/windows-11-supported-intel-processors\" target=\"_blank\" rel=\"noopener\">Intel<\/a>;<\/li>\n<li style=\"text-align: justify;\"><a href=\"https:\/\/docs.microsoft.com\/en-us\/windows-hardware\/design\/minimum\/supported\/windows-11-supported-amd-processors\" target=\"_blank\" rel=\"noopener\">AMD<\/a>.<\/li>\n<\/ul>\n<p style=\"text-align: justify;\">Ces sp\u00e9cifications ont fait grincer des dents puisque les ordinateurs ant\u00e9rieurs \u00e0 ao\u00fbt 2017, pour Intel, et avril 2018, pour AMD, sont exclus.<\/p>\n<hr \/>\n<h4><strong>R\u00e9vision des exigences pour Windows 11<\/strong><\/h4>\n<p style=\"text-align: justify;\">Comme ces sp\u00e9cifications emp\u00eachent plusieurs ordinateurs r\u00e9cents d&rsquo;utiliser Windows 11, Microsoft va peut-\u00eatre accepter de revoir ses exigences \u00e0 la baisse, comme le mentionne <a href=\"https:\/\/actu.pcastuces.com\/afficheactu.asp?Id=37495\" target=\"_blank\" rel=\"noopener\">cet article<\/a>.<\/p>\n<p>Denis Charron<\/p>\n<hr \/>\n<h4>Note de l&rsquo;\u00e9diteur<\/h4>\n<p>Veuillez noter que la revue <em>Prot\u00e9gez-vous<\/em> a publi\u00e9 le 29 juin 2021 un <a href=\"https:\/\/www.protegez-vous.ca\/nouvelles\/technologie\/windows-11-cinq-changements-importants-a-surveiller\" target=\"_blank\" rel=\"noopener\">article int\u00e9ressant<\/a> au sujet de Windows 11.<\/p>\n<p style=\"text-align: justify;\">Je tiens \u00e0 remercier Mme Sylvie Mazur ainsi que MM. R\u00e9jean C\u00f4t\u00e9, Michel C\u00f4t\u00e9, Michel Gagn\u00e9 et Jacques Lalibert\u00e9 pour leurs courriels des deux derni\u00e8res semaines en lien avec l&rsquo;installation possible de Windows 11.<\/p>\n<p style=\"text-align: justify;\">N&rsquo;h\u00e9sitez pas \u00e0 <a href=\"https:\/\/cimbcc.org\/test2\/linscription\" target=\"_blank\" rel=\"noopener\">devenir membre du CIMBCC<\/a> ou \u00e0 <a href=\"https:\/\/cimbcc.org\/test2\/periode-de-renouvellement-terminee\" target=\"_blank\" rel=\"noopener\">renouveler votre adh\u00e9sion<\/a> \u00e0 votre Club informatique pour conna\u00eetre les plus r\u00e9cents d\u00e9veloppements en lien avec <a href=\"https:\/\/fr.wikipedia.org\/wiki\/Windows_11\" target=\"_blank\" rel=\"noopener\">Windows 11<\/a>.<\/p>\n<p>Richard Gervais<\/p>\n","protected":false},"excerpt":{"rendered":"<p>Le 23 juin dernier, un article du CHIP vous faisait part de l&rsquo;arriv\u00e9e imminente de Windows 11. Cette version du syst\u00e8me d&rsquo;exploitation a effectivement \u00e9t\u00e9 lanc\u00e9e le 24 juin 2021 par Microsoft. Elle n&rsquo;est pas encore vraiment d\u00e9ploy\u00e9e et votre Club informatique vous recommande d&rsquo;attendre avant de chercher \u00e0 l&rsquo;installer. Des informations additionnelles vous seront &hellip; <a href=\"https:\/\/cimbcc.org\/test2\/windows-11-la-suite-mais-cela-ne-fait-que-commencer\/\" class=\"more-link\">Continuer la lecture de <span class=\"screen-reader-text\">Windows 11 &#8211; la suite, mais cela ne fait que commencer!<\/span>  <span class=\"meta-nav\">&rarr;<\/span><\/a><\/p>\n","protected":false},"author":43,"featured_media":0,"comment_status":"open","ping_status":"closed","sticky":false,"template":"","format":"standard","meta":{"footnotes":""},"categories":[53],"tags":[135,379,86,88,1499],"class_list":["post-35575","post","type-post","status-publish","format-standard","hentry","category-chronique-logiciel","tag-microsoft","tag-protegez-vous","tag-windows","tag-windows-10","tag-windows-11"],"_links":{"self":[{"href":"https:\/\/cimbcc.org\/test2\/wp-json\/wp\/v2\/posts\/35575","targetHints":{"allow":["GET"]}}],"collection":[{"href":"https:\/\/cimbcc.org\/test2\/wp-json\/wp\/v2\/posts"}],"about":[{"href":"https:\/\/cimbcc.org\/test2\/wp-json\/wp\/v2\/types\/post"}],"author":[{"embeddable":true,"href":"https:\/\/cimbcc.org\/test2\/wp-json\/wp\/v2\/users\/43"}],"replies":[{"embeddable":true,"href":"https:\/\/cimbcc.org\/test2\/wp-json\/wp\/v2\/comments?post=35575"}],"version-history":[{"count":8,"href":"https:\/\/cimbcc.org\/test2\/wp-json\/wp\/v2\/posts\/35575\/revisions"}],"predecessor-version":[{"id":35584,"href":"https:\/\/cimbcc.org\/test2\/wp-json\/wp\/v2\/posts\/35575\/revisions\/35584"}],"wp:attachment":[{"href":"https:\/\/cimbcc.org\/test2\/wp-json\/wp\/v2\/media?parent=35575"}],"wp:term":[{"taxonomy":"category","embeddable":true,"href":"https:\/\/cimbcc.org\/test2\/wp-json\/wp\/v2\/categories?post=35575"},{"taxonomy":"post_tag","embeddable":true,"href":"https:\/\/cimbcc.org\/test2\/wp-json\/wp\/v2\/tags?post=35575"}],"curies":[{"name":"wp","href":"https:\/\/api.w.org\/{rel}","templated":true}]}}