{"id":35734,"date":"2021-07-21T20:26:38","date_gmt":"2021-07-22T00:26:38","guid":{"rendered":"https:\/\/cimbcc.org\/test2\/?p=35734"},"modified":"2023-10-16T22:11:42","modified_gmt":"2023-10-17T02:11:42","slug":"fin-de-la-presse-pour-les-ipad-anterieurs-a-2013-convertir-un-fichier-pdf-au-format-epub-et-robots-dansants","status":"publish","type":"post","link":"https:\/\/cimbcc.org\/test2\/fin-de-la-presse-pour-les-ipad-anterieurs-a-2013-convertir-un-fichier-pdf-au-format-epub-et-robots-dansants\/","title":{"rendered":"Fin de La Presse+ pour les iPad ant\u00e9rieurs \u00e0 2013, convertir un fichier PDF au format ePub et robots dansants"},"content":{"rendered":"<figure id=\"attachment_24081\" aria-describedby=\"caption-attachment-24081\" style=\"width: 125px\" class=\"wp-caption aligncenter\"><img loading=\"lazy\" decoding=\"async\" class=\"size-full wp-image-24081\" src=\"https:\/\/cimbcc.org\/test2\/wp-content\/uploads\/photo_charron_denis.jpg\" alt=\"\" width=\"125\" height=\"125\" \/><figcaption id=\"caption-attachment-24081\" class=\"wp-caption-text\"><span style=\"color: #ffffff;\">mmm<\/span>Denis Charron<\/figcaption><\/figure>\n<p style=\"text-align: justify;\">Trois sujets d&rsquo;articles vous sont pr\u00e9sent\u00e9s aujourd&rsquo;hui :<\/p>\n<ul>\n<li style=\"text-align: justify;\">fin de <em>La Presse+<\/em> pour les iPad ant\u00e9rieurs \u00e0 2013;<\/li>\n<li style=\"text-align: justify;\">convertir un fichier PDF au format ePub;<\/li>\n<li style=\"text-align: justify;\">pr\u00e9sentation des robots dansants.<\/li>\n<\/ul>\n<p><!--more--><\/p>\n<hr \/>\n<h4 style=\"text-align: justify;\"><strong>Fin de <\/strong><strong><em>La Presse+<\/em> pour les <\/strong><strong>iPad ant\u00e9rieurs \u00e0 2013<\/strong><\/h4>\n<p style=\"text-align: justify;\">Un <a href=\"https:\/\/www.lapresse.ca\/promotion\/2021-04-16\/avis-important-concernant-les-ipad-2-ipad-3-et-ipad-mini.php\" target=\"_blank\" rel=\"noopener\">r\u00e9cent article<\/a> de <em>La Presse<\/em> nous explique que les mod\u00e8les de iPad ant\u00e9rieurs \u00e0 2013 et limit\u00e9s \u00e0 <a href=\"https:\/\/fr.wikipedia.org\/wiki\/Historique_des_versions_d%27iOS#iOS_9\" target=\"_blank\" rel=\"noopener\">iOS 9<\/a> ne permettront plus de lire l&rsquo;application <em>La Presse+<\/em> \u00e0 partir du 1<sup>er<\/sup> septembre 2021.<\/p>\n<p style=\"text-align: justify;\">Les appareils ne pouvant pas fonctionner sous les syst\u00e8mes d&rsquo;exploitation <a href=\"https:\/\/fr.wikipedia.org\/wiki\/Historique_des_versions_d%27iOS\" target=\"_blank\" rel=\"noopener\">iOS 10<\/a> ou plus r\u00e9cents sont :<\/p>\n<ul>\n<li style=\"text-align: justify;\"><a href=\"https:\/\/fr.wikipedia.org\/wiki\/IPad_2\" target=\"_blank\" rel=\"noopener\">iPad 2<\/a>, introduit en mars 2011;<\/li>\n<li style=\"text-align: justify;\"><a href=\"https:\/\/fr.wikipedia.org\/wiki\/IPad_(3e_g%C3%A9n%C3%A9ration)\" target=\"_blank\" rel=\"noopener\">iPad 3<\/a>, mis en march\u00e9 \u00e0 partir de mars 2012;<\/li>\n<li style=\"text-align: justify;\"><a href=\"https:\/\/fr.wikipedia.org\/wiki\/IPad_mini_(1re_g%C3%A9n%C3%A9ration)\" target=\"_blank\" rel=\"noopener\">iPad mini de premi\u00e8re g\u00e9n\u00e9ration<\/a>, arriv\u00e9 en novembre 2012.<\/li>\n<\/ul>\n<p style=\"text-align: justify;\">Il ne faut pas confondre les iPad 2 et iPad 3 avec les <a href=\"https:\/\/fr.wikipedia.org\/wiki\/IPad_Air_2\" target=\"_blank\" rel=\"noopener\">iPad Air 2<\/a> (2014) et <a href=\"https:\/\/fr.wikipedia.org\/wiki\/IPad_Air_3\" target=\"_blank\" rel=\"noopener\">iPad Air 3<\/a> (2019). Ces derniers pourront continuer \u00e0 utiliser sans probl\u00e8me <em>La Presse+<\/em>.<\/p>\n<hr \/>\n<h4 style=\"text-align: justify;\"><strong>Convertir un fichier PDF au format ePub <\/strong><\/h4>\n<p style=\"text-align: justify;\">Pour ceux et celles qui lisent des textes et des livres sur leur tablette ou leur liseuse, il peut \u00eatre d\u00e9sagr\u00e9able de consulter un fichier au format <a href=\"https:\/\/fr.wikipedia.org\/wiki\/Portable_Document_Format\" target=\"_blank\" rel=\"noopener\">PDF<\/a>. Ce format ne s&rsquo;ajuste pas automatiquement \u00e0 l&rsquo;\u00e9cran de l&rsquo;appareil, ce que fait le format <a href=\"https:\/\/fr.wikipedia.org\/wiki\/EPUB_(format)\" target=\"_blank\" rel=\"noopener\">ePub<\/a>.<\/p>\n<p style=\"text-align: justify;\">Le logiciel gratuit <a href=\"https:\/\/calibre-ebook.com\/fr\" target=\"_blank\" rel=\"noopener\">Calibre<\/a> permet de convertir un fichier PDF en ePub, comme l&rsquo;explique <a href=\"https:\/\/www.pcastuces.com\/pratique\/bureautique\/convertir_pdf_epub\/page1.htm\" target=\"_blank\" rel=\"noopener\">cet article<\/a> du site Web de <em>PC Astuces<\/em>.<\/p>\n<p style=\"text-align: justify;\">Bonne lecture!<\/p>\n<hr \/>\n<h4 style=\"text-align: justify;\"><strong>Pr\u00e9sentation de robots dansants<\/strong><\/h4>\n<p style=\"text-align: justify;\">Nous avons tous des images de robots se d\u00e9pla\u00e7ant sur des roues ou des chenilles et faisant des gestes peu gracieux avec leurs \u00ab bras \u00bb.<\/p>\n<p style=\"text-align: justify;\">Voici de quoi changer vos pr\u00e9jug\u00e9s sur eux comme vous le montre <a href=\"https:\/\/www.futura-sciences.com\/tech\/actualites\/robotique-decouvrez-derniere-choregraphie-robots-spot-92262\/?utm_source=actu_quo&amp;mgo_eu=%40-1264796828&amp;utm_medium=fs&amp;utm_campaign=emailing&amp;mgo_r=R0_TICbLS_W38Kwbc1aruA_5\" target=\"_blank\" rel=\"noopener\">cet article<\/a> du site Web de Futura Sciences.<\/p>\n<p>Denis Charron<\/p>\n","protected":false},"excerpt":{"rendered":"<p>Trois sujets d&rsquo;articles vous sont pr\u00e9sent\u00e9s aujourd&rsquo;hui : fin de La Presse+ pour les iPad ant\u00e9rieurs \u00e0 2013; convertir un fichier PDF au format ePub; pr\u00e9sentation des robots dansants.<\/p>\n","protected":false},"author":43,"featured_media":0,"comment_status":"open","ping_status":"closed","sticky":false,"template":"","format":"standard","meta":{"footnotes":""},"categories":[403],"tags":[659,1504,660,390,55,147,109,661,1281,105],"class_list":["post-35734","post","type-post","status-publish","format-standard","hentry","category-applications","tag-calibre","tag-danse","tag-epub","tag-ios","tag-ipad","tag-la-presse","tag-liseuse","tag-pdf","tag-robot","tag-tablette"],"_links":{"self":[{"href":"https:\/\/cimbcc.org\/test2\/wp-json\/wp\/v2\/posts\/35734","targetHints":{"allow":["GET"]}}],"collection":[{"href":"https:\/\/cimbcc.org\/test2\/wp-json\/wp\/v2\/posts"}],"about":[{"href":"https:\/\/cimbcc.org\/test2\/wp-json\/wp\/v2\/types\/post"}],"author":[{"embeddable":true,"href":"https:\/\/cimbcc.org\/test2\/wp-json\/wp\/v2\/users\/43"}],"replies":[{"embeddable":true,"href":"https:\/\/cimbcc.org\/test2\/wp-json\/wp\/v2\/comments?post=35734"}],"version-history":[{"count":8,"href":"https:\/\/cimbcc.org\/test2\/wp-json\/wp\/v2\/posts\/35734\/revisions"}],"predecessor-version":[{"id":35742,"href":"https:\/\/cimbcc.org\/test2\/wp-json\/wp\/v2\/posts\/35734\/revisions\/35742"}],"wp:attachment":[{"href":"https:\/\/cimbcc.org\/test2\/wp-json\/wp\/v2\/media?parent=35734"}],"wp:term":[{"taxonomy":"category","embeddable":true,"href":"https:\/\/cimbcc.org\/test2\/wp-json\/wp\/v2\/categories?post=35734"},{"taxonomy":"post_tag","embeddable":true,"href":"https:\/\/cimbcc.org\/test2\/wp-json\/wp\/v2\/tags?post=35734"}],"curies":[{"name":"wp","href":"https:\/\/api.w.org\/{rel}","templated":true}]}}