{"id":35747,"date":"2021-08-05T21:00:25","date_gmt":"2021-08-06T01:00:25","guid":{"rendered":"https:\/\/cimbcc.org\/test2\/?p=35747"},"modified":"2023-10-16T22:11:42","modified_gmt":"2023-10-17T02:11:42","slug":"mot-du-president-aout-2021","status":"publish","type":"post","link":"https:\/\/cimbcc.org\/test2\/mot-du-president-aout-2021\/","title":{"rendered":"Mot du pr\u00e9sident &#8211; ao\u00fbt 2021"},"content":{"rendered":"<figure id=\"attachment_35278\" aria-describedby=\"caption-attachment-35278\" style=\"width: 125px\" class=\"wp-caption aligncenter\"><img loading=\"lazy\" decoding=\"async\" class=\"size-full wp-image-35278\" src=\"https:\/\/cimbcc.org\/test2\/wp-content\/uploads\/photo_cote_rejean.jpg\" alt=\"\" width=\"125\" height=\"125\" \/><figcaption id=\"caption-attachment-35278\" class=\"wp-caption-text\"><span style=\"color: #ffffff;\">mmnm<\/span>R\u00e9jean C\u00f4t\u00e9<\/figcaption><\/figure>\n<p style=\"text-align: justify;\">Nous venons de traverser une p\u00e9riode tr\u00e8s difficile pour tous. On aper\u00e7oit enfin la lumi\u00e8re au bout du tunnel et on retrouve l\u2019espoir de reprendre une vie normale.<\/p>\n<p style=\"text-align: justify;\">Comme chaque ann\u00e9e, septembre annonce la rentr\u00e9e au Club informatique Mont-Bruno, mais celle de cette ann\u00e9e est un peu sp\u00e9ciale parce que cela fait plus d\u2019un an et demi que nous luttons contre la pand\u00e9mie de la COVID-19 et que nous n\u2019avons pu nous rencontrer. Maintenant, le Club esp\u00e8re pouvoir commencer la session d\u2019automne en accueillant ses membres et nos concitoyens \u00e0 la <em>Journ\u00e9e d\u2019information et d\u2019inscription<\/em>.<\/p>\n<p style=\"text-align: justify;\">Outre cette journ\u00e9e importante qui se tiendra le 7 septembre prochain, il sera question dans cet article du renouvellement de votre adh\u00e9sion au Club et des nouveaut\u00e9s pr\u00e9vues pour la p\u00e9riode automnale.<\/p>\n<p><!--more--><\/p>\n<hr \/>\n<h4>Pr\u00e9paration de la saison 2021-2022<\/h4>\n<p style=\"text-align: justify;\">Encore cette ann\u00e9e, chaque responsable d\u2019activit\u00e9 a r\u00e9uni son \u00e9quipe de b\u00e9n\u00e9voles, en mai et en juin, dans le but de planifier les activit\u00e9s pr\u00e9vues pour l\u2019automne\u00a02021 et l\u2019hiver\u00a02022. Le conseil d\u2019administration s\u2019est aussi r\u00e9uni afin de commencer la mise en \u0153uvre du programme de cette nouvelle session.<\/p>\n<hr \/>\n<h4>Renouvellement de votre adh\u00e9sion<\/h4>\n<p style=\"text-align: justify;\">\u00c0 la mi-ao\u00fbt, vous recevrez un premier courriel hebdomadaire pour vous inviter \u00e0 <strong>renouveler votre adh\u00e9sion<\/strong> en tant que membre du Club. Vous pourrez le faire <strong>par la poste<\/strong>, mais aussi <strong>sur le site Web du Club \u00e0 compter du 15 ao\u00fbt seulement<\/strong>. Pour cela, allez sur le <a href=\"https:\/\/cimbcc.org\/test2\/\" target=\"_blank\" rel=\"noopener\">site du Club<\/a>, cliquez sur le bouton jaune, \u00e0 gauche de la page :<img loading=\"lazy\" decoding=\"async\" class=\"aligncenter size-full wp-image-35750\" src=\"https:\/\/cimbcc.org\/test2\/wp-content\/uploads\/chip_2021_08_mot_du_president_1.jpg\" alt=\"\" width=\"218\" height=\"48\" \/>Cliquez ensuite sur l\u2019un des choix propos\u00e9s. Vous pourrez payer votre cotisation par carte de cr\u00e9dit, par Interac ou par ch\u00e8que.<\/p>\n<hr \/>\n<h4>Journ\u00e9e d&rsquo;information et d&rsquo;inscription<\/h4>\n<p style=\"text-align: justify;\">Vous pourrez aussi renouveler votre adh\u00e9sion au Club en vous pr\u00e9sentant \u00e0 la <strong><em>Journ\u00e9e d\u2019information et d\u2019inscription<\/em><\/strong> qui aura lieu cette ann\u00e9e\u00a0:<\/p>\n<ul>\n<li style=\"text-align: justify;\">le <strong>mardi\u00a07\u00a0septembre, de 14 h \u00e0 16 h 30<\/strong>,<\/li>\n<li style=\"text-align: justify;\">au <strong><a href=\"https:\/\/stbruno.ca\/loisirs-et-culture\/centre-communautaire\/\" target=\"_blank\" rel=\"noopener\">Centre communautaire de Saint-Bruno-de-Montarville<\/a><\/strong>.<\/li>\n<\/ul>\n<p style=\"text-align: justify;\">Plus de 20 b\u00e9n\u00e9voles du Club seront sur place pour vous accueillir, mais si vous ne pouvez vous y rendre,\u00a0<strong>vous pourrez, entre 20\u00a0h\u00a030 et 22\u00a0h, joindre par t\u00e9l\u00e9phone une \u00e9quipe de b\u00e9n\u00e9voles<\/strong> qui pourra vous aider \u00e0 renouveler votre adh\u00e9sion au Club.<\/p>\n<p style=\"text-align: justify;\">En participant \u00e0 la<em> Journ\u00e9e d\u2019information et d\u2019inscription<\/em>, vous aurez l\u2019occasion d\u2019assister \u00e0 la pr\u00e9sentation du programme complet des activit\u00e9s de l\u2019automne\u00a02021. <strong>Cette pr\u00e9sentation sera r\u00e9p\u00e9t\u00e9e d\u00e8s 19\u00a0h\u00a030 par vid\u00e9oconf\u00e9rence.<\/strong><\/p>\n<p style=\"text-align: justify;\">Je vous encourage \u00e0 inviter parents et amis \u00e0 vous accompagner \u00e0 la <em>Journ\u00e9e d\u2019information et d\u2019inscription<\/em> pour prendre connaissance des activit\u00e9s du Club informatique Mont-Bruno et pour en devenir membres.<\/p>\n<hr \/>\n<h4>Nouveaut\u00e9s pour la prochaine saison<\/h4>\n<p style=\"text-align: justify;\">Voici quelques nouveaut\u00e9s pr\u00e9vues en <strong>2021-2022\u00a0:<\/strong><\/p>\n<ul style=\"text-align: justify;\">\n<li>Les pr\u00e9sentations de la <strong>s\u00e9rie <em>Facile<\/em><\/strong> seront mises \u00e0 jour pour y ajouter plusieurs \u00e9l\u00e9ments sur <strong>Windows\u00a010 et Windows 11<\/strong> de m\u00eame que sur la<strong> s\u00e9curit\u00e9 informatique<\/strong>. M\u00eame si vous avez d\u00e9j\u00e0 \u00e9t\u00e9 pr\u00e9sent(e) aux expos\u00e9s de la s\u00e9rie <em>Facile<\/em> par le pass\u00e9, je vous encourage fortement \u00e0 assister aux pr\u00e9sentations qui traiteront de ces sujets. Et pourquoi ne pas \u00e9couter \u00e0 nouveau toutes les prestations de la s\u00e9rie <em>Facile<\/em>? Elles expliquent toutes des notions de base qui vous permettent d\u2019utiliser votre ordinateur efficacement et en toute s\u00e9curit\u00e9. Leur contenu inclut certainement encore des \u00e9l\u00e9ments que vous ignorez et que vous avez int\u00e9r\u00eat \u00e0 conna\u00eetre.<\/li>\n<\/ul>\n<ul style=\"text-align: justify;\">\n<li>Pour vous permettre de mieux assimiler les informations contenues dans les pr\u00e9sentations de s\u00e9rie <em>Facile<\/em>, le Club proposera l\u2019automne prochain <strong>un<\/strong><strong> atelier <\/strong>destin\u00e9 aux membres qui\u00a0aimeraient <strong>faire les exercices de la s\u00e9rie <em>Facile<\/em> en groupe et avec l\u2019assistance d\u2019un instructeur<\/strong>. En vous inscrivant \u00e0 cet atelier, vous vous motiverez \u00e0 faire les exercices chaque semaine et vous serez certain de trouver de l\u2019aide si vous rencontrez un probl\u00e8me en faisant ces exercices. Vous pouvez d\u00e9j\u00e0 prendre connaissance de la description de cet atelier sur le site du Club en cliquant sur <a href=\"https:\/\/cimbcc.org\/test2\/activites\/les-ateliers\/atelier-aide-aux-exercices-de-la-serie-facile\" target=\"_blank\" rel=\"noopener\">Ateliers<\/a>.<\/li>\n<\/ul>\n<ul style=\"text-align: justify;\">\n<li>Dans la <strong>s\u00e9rie<\/strong> <strong><em>D\u00e9couverte<\/em><\/strong>, les membres qui sont friands de nouvelles connaissances en informatique trouveront encore plusieurs nouveaut\u00e9s. J\u2019invite aussi les d\u00e9butants \u00e0 y assister, car, m\u00eame si cette s\u00e9rie est plus difficile \u00e0 assimiler pour eux, ils en tireront s\u00fbrement certains avantages.<\/li>\n<\/ul>\n<ul style=\"text-align: justify;\">\n<li>La <strong>s\u00e9rie<\/strong> <strong><em>iOS &amp; Android<\/em><\/strong> est une troisi\u00e8me s\u00e9rie de pr\u00e9sentations de type <em>D\u00e9couverte<\/em>. Cette s\u00e9rie sera propos\u00e9e aux membres par vid\u00e9oconf\u00e9rence, le mercredi soir \u00e0 partir du 13\u00a0avril 2022. Les sujets pr\u00e9sent\u00e9s traiteront exclusivement\u00a0des fonctions et applications que l\u2019on trouve sur les\u00a0tablettes \u00e9lectroniques et les t\u00e9l\u00e9phones intelligents sous Android\u00a0et\u00a0iOS.<\/li>\n<\/ul>\n<ul style=\"text-align: justify;\">\n<li>Pendant la <strong>session d\u2019automne\u00a02021<\/strong>, toutes les s\u00e9ances de la s\u00e9rie <em>Facile<\/em> se tiendront le vendredi apr\u00e8s-midi en pr\u00e9sentiel, au Chalet Marie-Victorin, et toutes les s\u00e9ances de la s\u00e9rie <em>D\u00e9couverte<\/em> se tiendront le mercredi soir par vid\u00e9oconf\u00e9rence.<\/li>\n<\/ul>\n<p style=\"padding-left: 20px; text-align: justify;\">Pendant la <strong>session d\u2019hiver\u00a02022<\/strong>, toutes les s\u00e9ances de la s\u00e9rie <em>Facile<\/em> se tiendront le mercredi soir par vid\u00e9oconf\u00e9rence, et toutes les s\u00e9ances de la s\u00e9rie <em>D\u00e9couverte<\/em> se tiendront le vendredi apr\u00e8s-midi au Chalet Marie-Victorin.<\/p>\n<p style=\"padding-left: 20px; text-align: justify;\">Pour acc\u00e9der aux <em><strong>calendriers et aux notes des pr\u00e9sentations<\/strong>, <\/em><a href=\"https:\/\/cimbcc.org\/test2\/nous-joindre\/nous-joindre-les-presentations-du-mercredi-et-du-vendredi\" target=\"_blank\" rel=\"noopener\">cliquez sur ce lien<\/a> et, \u00e0 la droite de la page d\u2019accueil du site Web,\u00a0cliquez sur l\u2019un des liens sous <strong>CALENDRIERS <\/strong>pour acc\u00e9der au calendrier de la s\u00e9rie de votre choix.<\/p>\n<ul style=\"text-align: justify;\">\n<li>Les quatorze <strong>ateliers<\/strong> offerts durant l\u2019automne\u00a02021 sont pr\u00e9sent\u00e9s sur le site Web du Club. Vous pouvez d\u00e8s maintenant en consulter le contenu et les coordonn\u00e9es <a href=\"https:\/\/cimbcc.org\/test2\/activites\/les-ateliers\" target=\"_blank\" rel=\"noopener\">en cliquant ici<\/a>.<\/li>\n<\/ul>\n<p style=\"text-align: justify; padding-left: 20px;\">L\u2019inscription aux ateliers de l\u2019automne\u00a02021 commencera le <strong>9\u00a0septembre<\/strong> <strong>\u00e0 midi<\/strong>. Les membres recevront un courriel de lancement de l\u2019inscription aux ateliers deux semaines avant le d\u00e9but de celle-ci, ce qui leur laissera amplement le temps de prendre une d\u00e9cision. La mani\u00e8re de s\u2019inscrire demeure inchang\u00e9e\u00a0: elle se fera en ligne, \u00e0 compter du 9\u00a0septembre, en remplissant le formulaire qui se trouve au bas de la page de chacun des ateliers propos\u00e9s pour l\u2019automne\u00a02021.<\/p>\n<p style=\"text-align: justify; padding-left: 20px;\">L\u2019animation d\u2019un atelier est tr\u00e8s valorisante. C\u2019est aussi une belle fa\u00e7on d\u2019approfondir un sujet qui vous tient \u00e0 c\u0153ur. Alors, si vous voulez animer un atelier sur un sujet qui vous passionne, <a href=\"https:\/\/cimbcc.org\/test2\/nous-joindre\/nous-joindre-les-ateliers\" target=\"_blank\" rel=\"noopener\">communiquez<\/a> avec les responsables et c\u2019est avec plaisir qu\u2019elles vous apporteront toute l\u2019aide n\u00e9cessaire \u00e0 la r\u00e9ussite de votre projet.<\/p>\n<hr \/>\n<h4>Bonne rentr\u00e9e informatique !<\/h4>\n<p style=\"text-align: justify;\">Votre pr\u00e9sident qui, encore une fois, a bien h\u00e2te de vous rencontrer \u00e0 la rentr\u00e9e et qui vous dit <strong><em>\u00e0 tr\u00e8s bient\u00f4t<\/em><\/strong>,<\/p>\n<p>R\u00e9jean C\u00f4t\u00e9<br \/>\nPr\u00e9sident<\/p>\n","protected":false},"excerpt":{"rendered":"<p>Nous venons de traverser une p\u00e9riode tr\u00e8s difficile pour tous. On aper\u00e7oit enfin la lumi\u00e8re au bout du tunnel et on retrouve l\u2019espoir de reprendre une vie normale. Comme chaque ann\u00e9e, septembre annonce la rentr\u00e9e au Club informatique Mont-Bruno, mais celle de cette ann\u00e9e est un peu sp\u00e9ciale parce que cela fait plus d\u2019un an &hellip; <a href=\"https:\/\/cimbcc.org\/test2\/mot-du-president-aout-2021\/\" class=\"more-link\">Continuer la lecture de <span class=\"screen-reader-text\">Mot du pr\u00e9sident &#8211; ao\u00fbt 2021<\/span>  <span class=\"meta-nav\">&rarr;<\/span><\/a><\/p>\n","protected":false},"author":43,"featured_media":0,"comment_status":"open","ping_status":"closed","sticky":false,"template":"","format":"standard","meta":{"footnotes":""},"categories":[11],"tags":[1476,107,269,371,370,390,143,271,293],"class_list":["post-35747","post","type-post","status-publish","format-standard","hentry","category-mots-du-president","tag-2021-2022","tag-android","tag-ateliers","tag-decouverte","tag-facile","tag-ios","tag-journee-dinformation-et-dinscription","tag-presentations","tag-renouvellement"],"_links":{"self":[{"href":"https:\/\/cimbcc.org\/test2\/wp-json\/wp\/v2\/posts\/35747","targetHints":{"allow":["GET"]}}],"collection":[{"href":"https:\/\/cimbcc.org\/test2\/wp-json\/wp\/v2\/posts"}],"about":[{"href":"https:\/\/cimbcc.org\/test2\/wp-json\/wp\/v2\/types\/post"}],"author":[{"embeddable":true,"href":"https:\/\/cimbcc.org\/test2\/wp-json\/wp\/v2\/users\/43"}],"replies":[{"embeddable":true,"href":"https:\/\/cimbcc.org\/test2\/wp-json\/wp\/v2\/comments?post=35747"}],"version-history":[{"count":17,"href":"https:\/\/cimbcc.org\/test2\/wp-json\/wp\/v2\/posts\/35747\/revisions"}],"predecessor-version":[{"id":35826,"href":"https:\/\/cimbcc.org\/test2\/wp-json\/wp\/v2\/posts\/35747\/revisions\/35826"}],"wp:attachment":[{"href":"https:\/\/cimbcc.org\/test2\/wp-json\/wp\/v2\/media?parent=35747"}],"wp:term":[{"taxonomy":"category","embeddable":true,"href":"https:\/\/cimbcc.org\/test2\/wp-json\/wp\/v2\/categories?post=35747"},{"taxonomy":"post_tag","embeddable":true,"href":"https:\/\/cimbcc.org\/test2\/wp-json\/wp\/v2\/tags?post=35747"}],"curies":[{"name":"wp","href":"https:\/\/api.w.org\/{rel}","templated":true}]}}