{"id":35864,"date":"2021-08-17T21:00:53","date_gmt":"2021-08-18T01:00:53","guid":{"rendered":"https:\/\/cimbcc.org\/test2\/?p=35864"},"modified":"2023-10-16T22:11:42","modified_gmt":"2023-10-17T02:11:42","slug":"presentations-du-mercredi-et-du-vendredi-pour-lautomne-2021","status":"publish","type":"post","link":"https:\/\/cimbcc.org\/test2\/presentations-du-mercredi-et-du-vendredi-pour-lautomne-2021\/","title":{"rendered":"Pr\u00e9sentations du mercredi et du vendredi pour l&rsquo;automne 2021"},"content":{"rendered":"<figure id=\"attachment_24078\" aria-describedby=\"caption-attachment-24078\" style=\"width: 125px\" class=\"wp-caption aligncenter\"><img loading=\"lazy\" decoding=\"async\" class=\"size-full wp-image-24078\" src=\"https:\/\/cimbcc.org\/test2\/wp-content\/uploads\/photo_belanger_guy.jpg\" alt=\"\" width=\"125\" height=\"125\" \/><figcaption id=\"caption-attachment-24078\" class=\"wp-caption-text\"><span style=\"color: #ffffff;\">mmm<\/span>Guy B\u00e9langer<\/figcaption><\/figure>\n<p style=\"text-align: justify;\">L&rsquo;annonce des activit\u00e9s pour l&rsquo;automne vous est maintenant faite en cette fin du mois d\u2019ao\u00fbt apr\u00e8s plusieurs semaines de pr\u00e9paration. Au CIMBCC, le mois de septembre est une p\u00e9riode f\u00e9brile, car les activit\u00e9s du Club reprendront sous peu :<\/p>\n<ul style=\"text-align: justify;\">\n<li>lors de la <strong>journ\u00e9e d&rsquo;information et d\u2019inscription du <span style=\"color: #ff0000;\">7 septembre<\/span><\/strong>;<\/li>\n<li>au moment de la tenue des <strong>ateliers<\/strong>;<\/li>\n<li>avec les rencontres du <strong>mercredi soir<\/strong> et du <strong>vendredi apr\u00e8s-midi<\/strong>.<\/li>\n<\/ul>\n<p style=\"text-align: justify;\">Dans cet article, nous d\u00e9sirons vous faire part de la programmation des <strong>pr\u00e9sentations<\/strong> de cet automne, planification r\u00e9alis\u00e9e depuis la rel\u00e2che de mai dernier.<\/p>\n<p><!--more--><\/p>\n<hr \/>\n<h4>D\u00e9tails en lien avec l&rsquo;organisation des activit\u00e9s<\/h4>\n<h5><em>Mercredi soir et v<\/em><em>endredi apr\u00e8s-midi<\/em><\/h5>\n<p style=\"text-align: justify;\">Encore cet automne, la pand\u00e9mie de la COVID-19 nous force \u00e0 tenir nos s\u00e9ances du mercredi, pour la <a href=\"https:\/\/cimbcc.org\/test2\/wp-content\/uploads\/calendrier_serie_decouverte.pdf\" target=\"_blank\" rel=\"noopener\">s\u00e9rie <em>D\u00e9couverte<\/em><\/a>, et celles du vendredi, pour la <a href=\"https:\/\/cimbcc.org\/test2\/wp-content\/uploads\/calendrier_serie_facile.pdf\" target=\"_blank\" rel=\"noopener\">s\u00e9rie <em>Facile<\/em><\/a>, en mode virtuel gr\u00e2ce \u00e0 un logiciel de <strong>vid\u00e9oconf\u00e9rence<\/strong>.<\/p>\n<h5><em>Prise en main du logiciel <a href=\"https:\/\/zoom.us\/\" target=\"_blank\" rel=\"noopener\">Zoom<\/a><\/em><\/h5>\n<p style=\"text-align: justify;\">En d\u00e9but de saison, soit le <strong>mardi <span style=\"color: #ff0000;\">14 septembre \u00e0 19 h 30<\/span><\/strong>, monsieur Pierre Delisle passera en revue les <strong>\u00e9l\u00e9ments principaux du logiciel <a href=\"https:\/\/zoom.us\/\" target=\"_blank\" rel=\"noopener\">Zoom<\/a><\/strong> qu&rsquo;il faut ma\u00eetriser pour pouvoir suivre et participer activement aux s\u00e9ances qui se d\u00e9rouleront en vid\u00e9oconf\u00e9rence.<\/p>\n<h5><em>S\u00e9rie Facile et s\u00e9rie D\u00e9couverte<\/em><\/h5>\n<p style=\"text-align: justify;\">Nous aurons encore cet automne :<\/p>\n<ul>\n<li style=\"text-align: justify;\">les expos\u00e9s de la\u00a0<a href=\"https:\/\/cimbcc.org\/test2\/wp-content\/uploads\/calendrier_serie_decouverte.pdf\" target=\"_blank\" rel=\"noopener\">s\u00e9rie <em>D\u00e9couverte<\/em><\/a> les mercredis;<\/li>\n<li style=\"text-align: justify;\">ceux de la <a href=\"https:\/\/cimbcc.org\/test2\/wp-content\/uploads\/calendrier_serie_facile.pdf\" target=\"_blank\" rel=\"noopener\">s\u00e9rie <em>Facile<\/em><\/a> les vendredis.<\/li>\n<\/ul>\n<p style=\"text-align: justify;\">Restez \u00e0 l&rsquo;aff\u00fbt des <strong>messages hebdomadaires<\/strong> envoy\u00e9s aux membres du Club o\u00f9 vous trouverez les liens qui vous permettent d&rsquo;acc\u00e9der aux vid\u00e9oconf\u00e9rences.<\/p>\n<h5><em>Premi\u00e8re pr\u00e9sentation de la S\u00e9rie D\u00e9couverte<\/em><\/h5>\n<p style=\"text-align: justify;\">Les sujets de la <a href=\"https:\/\/cimbcc.org\/test2\/wp-content\/uploads\/calendrier_serie_decouverte.pdf\" target=\"_blank\" rel=\"noopener\">s\u00e9rie <em>D\u00e9couverte<\/em><\/a> sont des nouveaut\u00e9s ou des th\u00e8mes qui n\u2019ont pas \u00e9t\u00e9 trait\u00e9s r\u00e9cemment au Club. Veuillez noter que le d\u00e9but officiel des pr\u00e9sentations de cette s\u00e9rie est pr\u00e9vu pour le mercredi <strong><span style=\"color: #ff0000;\">15 septembre \u00e0 19 h 30<span style=\"color: #000000;\">.<\/span><\/span><\/strong><\/p>\n<h5><em>Premi\u00e8re pr\u00e9sentation de la S\u00e9rie Facile<\/em><\/h5>\n<p style=\"text-align: justify;\">Dans la <a href=\"https:\/\/cimbcc.org\/test2\/wp-content\/uploads\/calendrier_serie_facile.pdf\" target=\"_blank\" rel=\"noopener\">s\u00e9rie <em>Facile<\/em><\/a>, nous reprendrons les m\u00eames th\u00e8mes que les derni\u00e8res ann\u00e9es. \u00a0Le contenu des pr\u00e9sentations sera adapt\u00e9 pour prendre en compte les nouveaut\u00e9s et changements qui sont apparus r\u00e9cemment. La premi\u00e8re pr\u00e9sentation de cette s\u00e9rie aura lieu le vendredi <span style=\"color: #ff0000;\"><strong>17\u00a0septembre \u00e0 13 h 15<\/strong><\/span>.<\/p>\n<hr \/>\n<h4>La programmation de l&rsquo;automne 2021<\/h4>\n<p style=\"text-align: justify;\">Nous vous pr\u00e9sentons les grandes lignes du contenu de nos rencontres en mettant en \u00e9vidence les pr\u00e9sentatrices et pr\u00e9sentateurs qui ont accept\u00e9 de contribuer avec enthousiasme au bon d\u00e9roulement de cette saison.<\/p>\n<h5 style=\"text-align: left;\"><em><strong>Pour la <a href=\"https:\/\/cimbcc.org\/test2\/wp-content\/uploads\/calendrier_serie_facile.pdf\" target=\"_blank\" rel=\"noopener\">s\u00e9rie Facile<\/a><\/strong><\/em><\/h5>\n<table style=\"border-collapse: collapse; width: 100%; height: 736px;\">\n<tbody>\n<tr style=\"height: 52px;\">\n<td style=\"width: 21.097%; text-align: center; height: 52px;\"><strong>Pr\u00e9sentatrice ou pr\u00e9sentateur<\/strong><\/td>\n<td style=\"width: 78.903%; height: 52px;\"><strong>Sommaire de la pr\u00e9sentation<\/strong><\/td>\n<\/tr>\n<tr style=\"height: 264px;\">\n<td style=\"width: 21.097%; text-align: center; height: 264px;\"><strong>Francine Couture<\/strong><\/td>\n<td style=\"width: 78.903%; height: 264px; text-align: justify;\">Elle nous guidera dans la structuration de nos informations sous la forme de <a href=\"https:\/\/fr.wikipedia.org\/wiki\/Fichier_informatique\" target=\"_blank\" rel=\"noopener\"><strong>fichiers<\/strong><\/a> que l\u2019on regroupe dans des <a href=\"https:\/\/fr.wikipedia.org\/wiki\/R%C3%A9pertoire_(informatique)\" target=\"_blank\" rel=\"noopener\"><strong>dossiers<\/strong><\/a>. On verra comment cr\u00e9er ces dossiers, les nommer, les d\u00e9placer et toute autre manipulation pour apporter de l&rsquo;ordre sur notre ordinateur en utilisant l\u2019outil <a href=\"https:\/\/fr.wikipedia.org\/wiki\/Explorateur_Windows\" target=\"_blank\" rel=\"noopener\"><strong>Explorateur de fichiers<\/strong><\/a> de Windows. \u00a0Les sujets seront trait\u00e9s en deux s\u00e9ances.<\/p>\n<p>Comme exercice pratique dans la manipulation de nos fichiers, madame Couture nous indiquera <strong>comment traiter et classer les photos prises avec un appareil photographique, une tablette ou un t\u00e9l\u00e9phone intelligent<\/strong>.\u00a0 De plus, elle vous indiquera comment am\u00e9liorer nos photos avec une application gratuite d\u00e9j\u00e0 disponible dans Windows 10.<\/td>\n<\/tr>\n<tr style=\"height: 70px;\">\n<td style=\"width: 21.097%; text-align: center; height: 70px;\"><strong>Sylvain Garneau<\/strong><\/td>\n<td style=\"width: 78.903%; height: 70px; text-align: justify;\">Il nous fera d\u00e9couvrir le <a href=\"https:\/\/fr.wikipedia.org\/wiki\/Navigateur_web\" target=\"_blank\" rel=\"noopener\">navigateur Web<\/a> de <a href=\"https:\/\/fr.wikipedia.org\/wiki\/Google\" target=\"_blank\" rel=\"noopener\">Google<\/a>, soit l\u2019application <strong><a href=\"https:\/\/fr.wikipedia.org\/wiki\/Google_Chrome\" target=\"_blank\" rel=\"noopener\">Chrome<\/a><\/strong>: comment ouvrir un compte et comment naviguer sur les r\u00e9seaux <a href=\"https:\/\/fr.wikipedia.org\/wiki\/Internet\" target=\"_blank\" rel=\"noopener\">Internet<\/a> avec cet outil. Ces informations seront pr\u00e9sent\u00e9es en trois s\u00e9ances.<\/td>\n<\/tr>\n<tr style=\"height: 140px;\">\n<td style=\"width: 21.097%; text-align: center; height: 140px;\"><strong>Michel<br \/>\nGagn\u00e9<\/strong><\/td>\n<td style=\"width: 78.903%; height: 140px; text-align: justify;\">Il nous indiquera, en deux s\u00e9ances, comment se pr\u00e9munir des <a href=\"https:\/\/fr.wikipedia.org\/wiki\/Virus_informatique\" target=\"_blank\" rel=\"noopener\"><strong>virus<\/strong><\/a> et des tentatives d\u2019<a href=\"https:\/\/fr.wikipedia.org\/wiki\/Hame%C3%A7onnage\" target=\"_blank\" rel=\"noopener\"><strong>hame\u00e7onnage<\/strong><\/a> qui menacent le bon fonctionnement de nos ordinateurs.<\/p>\n<p>De plus, lors d\u2019une troisi\u00e8me pr\u00e9sentation, il nous sensibilisera aux <strong>pr\u00e9cautions \u00e0 prendre pour assurer que nos <a href=\"https:\/\/fr.wikipedia.org\/wiki\/Transaction_informatique\" target=\"_blank\" rel=\"noopener\">transactions<\/a> mon\u00e9taires r\u00e9alis\u00e9es par l\u2019informatique soient s\u00e9curitaires et sans probl\u00e8mes<\/strong>.<\/td>\n<\/tr>\n<tr style=\"height: 52px;\">\n<td style=\"width: 21.097%; text-align: center; height: 52px;\"><strong>Pierre<br \/>\nDelisle<\/strong><\/td>\n<td style=\"width: 78.903%; height: 52px; text-align: justify;\">Il nous pr\u00e9sentera, en deux temps, un outil offert par Microsoft pour transmettre et recevoir nos <a href=\"https:\/\/fr.wikipedia.org\/wiki\/Courrier_%C3%A9lectronique\" target=\"_blank\" rel=\"noopener\"><strong>courriels<\/strong><\/a> soit l\u2019application <a href=\"https:\/\/fr.wikipedia.org\/wiki\/Outlook.com\" target=\"_blank\" rel=\"noopener\"><strong>Outlook.com<\/strong><\/a>.<\/td>\n<\/tr>\n<tr style=\"height: 158px;\">\n<td style=\"width: 21.097%; text-align: center; height: 158px;\"><strong>Guy<br \/>\nB\u00e9langer<\/strong><\/td>\n<td style=\"width: 78.903%; height: 158px; text-align: justify;\">Pour ma part, je vous sensibiliserai \u00e0 une probl\u00e9matique incontournable que l\u2019on vit depuis quelques ann\u00e9es, soit l\u2019afflux des <a href=\"https:\/\/fr.wikipedia.org\/wiki\/Fake_news\" target=\"_blank\" rel=\"noopener\"><strong>fausses nouvelles<\/strong><\/a> qui sont diffus\u00e9es sur le Web.<\/p>\n<p>De plus, je pr\u00e9senterai <strong>divers outils accessibles via Google<\/strong>, comme la m\u00e9canique derri\u00e8re la recherche de mots ou de sites ainsi que diverses applications mises \u00e0 notre disposition.<\/td>\n<\/tr>\n<\/tbody>\n<\/table>\n<h5><em><strong>Pour la <a href=\"https:\/\/cimbcc.org\/test2\/wp-content\/uploads\/calendrier_serie_decouverte.pdf\" target=\"_blank\" rel=\"noopener\">s\u00e9rie D\u00e9couverte<\/a><\/strong><\/em><\/h5>\n<table style=\"border-collapse: collapse; width: 100%; height: 774px;\">\n<tbody>\n<tr style=\"height: 54px;\">\n<td style=\"width: 22.1519%; text-align: center; height: 54px;\"><strong>Pr\u00e9sentatrice ou pr\u00e9sentateur<\/strong><\/td>\n<td style=\"width: 77.8481%; height: 54px;\"><strong>Sommaire de la pr\u00e9sentation<\/strong><\/td>\n<\/tr>\n<tr style=\"height: 72px;\">\n<td style=\"width: 22.1519%; text-align: center; height: 72px;\"><strong>C\u00e9line Dufresne<\/strong> et <strong>Nicole Comtois<\/strong><\/td>\n<td style=\"width: 77.8481%; text-align: justify; height: 72px;\">Elles nous pr\u00e9senteront diff\u00e9rents trucs et astuces pour faciliter l\u2019utilisation de <a href=\"https:\/\/fr.wikipedia.org\/wiki\/Microsoft_Word\" target=\"_blank\" rel=\"noopener\"><strong>Word<\/strong><\/a>: utilisation de taquets et de la r\u00e8gle de m\u00eame que l\u2019utilisation de mod\u00e8les inclus avec cette application.<\/td>\n<\/tr>\n<tr style=\"height: 72px;\">\n<td style=\"width: 22.1519%; text-align: center; height: 72px;\"><strong>Francine Couture<\/strong><\/td>\n<td style=\"width: 77.8481%; text-align: justify; height: 72px;\">Elle nous fera conna\u00eetre les <strong>sites dignes de confiance pour trouver des informations associ\u00e9es \u00e0 notre sant\u00e9<\/strong>. Elle nous sensibilisera \u00e0 nous m\u00e9fier des informations qui peuvent circuler sur des sites plus ou moins fiables.<\/td>\n<\/tr>\n<tr style=\"height: 72px;\">\n<td style=\"width: 22.1519%; text-align: center; height: 72px;\"><strong>R\u00e9jean<br \/>\nC\u00f4t\u00e9<\/strong><\/td>\n<td style=\"width: 77.8481%; text-align: justify; height: 72px;\">Il nous fera part des nouvelles fonctions apport\u00e9es par l\u2019introduction de la version <a href=\"https:\/\/fr.wikipedia.org\/wiki\/Windows_11\" target=\"_blank\" rel=\"noopener\"><strong>Windows 11<\/strong><\/a> du <a href=\"https:\/\/fr.wikipedia.org\/wiki\/Syst%C3%A8me_d%27exploitation\" target=\"_blank\" rel=\"noopener\">syst\u00e8me d\u2019exploitation<\/a> de <a href=\"https:\/\/fr.wikipedia.org\/wiki\/Microsoft\" target=\"_blank\" rel=\"noopener\">Microsoft<\/a>. Il nous fera part de divers programmes et utilitaires qui roulent sous <a href=\"https:\/\/fr.wikipedia.org\/wiki\/Windows_10\" target=\"_blank\" rel=\"noopener\"><strong>Windows 10<\/strong><\/a>.<\/td>\n<\/tr>\n<tr style=\"height: 36px;\">\n<td style=\"width: 22.1519%; text-align: center; height: 36px;\"><strong>Jean<br \/>\nPresne<\/strong><\/td>\n<td style=\"width: 77.8481%; text-align: justify; height: 36px;\">Il nous initiera \u00e0 la <strong>cr\u00e9ation de <a href=\"https:\/\/fr.wikipedia.org\/wiki\/Site_web\" target=\"_blank\" rel=\"noopener\">sites sur le Web<\/a><\/strong> avec le logiciel <a href=\"https:\/\/fr.wikipedia.org\/wiki\/WordPress\" target=\"_blank\" rel=\"noopener\"><strong>WordPress<\/strong><\/a>.<\/td>\n<\/tr>\n<tr style=\"height: 36px;\">\n<td style=\"width: 22.1519%; text-align: center; height: 36px;\"><strong>Denis Charron<\/strong><\/td>\n<td style=\"width: 77.8481%; text-align: justify; height: 36px;\">Il nous guidera sur la <strong>fa\u00e7on s\u00e9curitaire de <a href=\"https:\/\/fr.wikipedia.org\/wiki\/Signature_num%C3%A9rique\" target=\"_blank\" rel=\"noopener\">signer des documents \u00e9lectroniques<\/a><\/strong>.<\/td>\n<\/tr>\n<tr style=\"height: 90px;\">\n<td style=\"width: 22.1519%; text-align: center; height: 90px;\"><strong>Jean-Pierre Bonneau<\/strong><\/td>\n<td style=\"width: 77.8481%; text-align: justify; height: 90px;\">Monsieur Jean-Pierre Bonneau, du club informatique de Brossard, nous pr\u00e9sentera les principaux \u00e9l\u00e9ments (concepts et quincailleries) associ\u00e9s \u00e0 une nouvelle g\u00e9n\u00e9ration d\u2019ordinateurs encore plus puissants et rapides, soit les <a href=\"https:\/\/fr.wikipedia.org\/wiki\/Calculateur_quantique\" target=\"_blank\" rel=\"noopener\"><strong>ordinateurs quantiques<\/strong><\/a>.<\/td>\n<\/tr>\n<tr style=\"height: 72px;\">\n<td style=\"width: 22.1519%; text-align: center; height: 72px;\"><strong>Michel<br \/>\nPaul<\/strong><\/td>\n<td style=\"width: 77.8481%; text-align: justify; height: 72px;\">Il nous sensibilisera \u00e0 l\u2019utilisation du logiciel <a href=\"https:\/\/fr.wikipedia.org\/wiki\/Microsoft_Access\" target=\"_blank\" rel=\"noopener\"><strong>Access<\/strong><\/a> de la <a href=\"https:\/\/fr.wikipedia.org\/wiki\/Microsoft_Office\" target=\"_blank\" rel=\"noopener\">suite Office de Microsoft<\/a>. Ce logiciel permet la gestion syst\u00e9matique de nombreuses donn\u00e9es que l\u2019on doit traiter ou classer.<\/td>\n<\/tr>\n<tr style=\"height: 90px;\">\n<td style=\"width: 22.1519%; text-align: center; height: 90px;\"><strong>Charles Terreault<\/strong><\/td>\n<td style=\"width: 77.8481%; text-align: justify; height: 90px;\">Il nous pr\u00e9sentera la nouvelle technologie de communication qu\u2019est la <a href=\"https:\/\/fr.wikipedia.org\/wiki\/5G\" target=\"_blank\" rel=\"noopener\"><strong>t\u00e9l\u00e9phonie cellulaire 5G<\/strong><\/a>. On verra les principes de la transmission \u00e9lectromagn\u00e9tique, son historique et comment la 5G se distingue des technologies ant\u00e9rieures.<\/td>\n<\/tr>\n<tr style=\"height: 36px;\">\n<td style=\"width: 22.1519%; text-align: center; height: 36px;\"><strong>Pierre<br \/>\nDelisle<\/strong><\/td>\n<td style=\"width: 77.8481%; text-align: justify; height: 36px;\">Il nous pr\u00e9sentera divers outils informatiques pour <strong>apprendre d\u2019autres langues<\/strong>.<\/td>\n<\/tr>\n<tr style=\"height: 54px;\">\n<td style=\"width: 22.1519%; text-align: center; height: 54px;\"><strong>Sylvain Garneau<\/strong><\/td>\n<td style=\"width: 77.8481%; text-align: justify; height: 54px;\">il fera le point sur diff\u00e9rents navigateurs du Web soit les applications <a href=\"https:\/\/fr.wikipedia.org\/wiki\/Microsoft_Edge\" target=\"_blank\" rel=\"noopener\"><strong>Edge<\/strong><\/a> de Microsoft, <a href=\"https:\/\/fr.wikipedia.org\/wiki\/Mozilla_Firefox\" target=\"_blank\" rel=\"noopener\"><strong>Firefox<\/strong><\/a> de Mozilla et <a href=\"https:\/\/fr.wikipedia.org\/wiki\/Safari_(navigateur_web)\" target=\"_blank\" rel=\"noopener\"><strong>Safari<\/strong><\/a> d\u2019Apple.<\/td>\n<\/tr>\n<tr style=\"height: 54px;\">\n<td style=\"width: 22.1519%; text-align: center; height: 54px;\"><strong>Michel<\/strong><br \/>\n<strong>Gagn\u00e9<\/strong><\/td>\n<td style=\"width: 77.8481%; height: 54px; text-align: justify;\">Il nous fera conna\u00eetre les tenants et aboutissements des <a href=\"https:\/\/fr.wikipedia.org\/wiki\/Monnaie_virtuelle\" target=\"_blank\" rel=\"noopener\"><strong>monnaies virtuelles<\/strong><\/a> comme les bitcoins et il expliquera ce que sont les <a href=\"https:\/\/fr.wikipedia.org\/wiki\/Blockchain\" target=\"_blank\" rel=\"noopener\"><strong>cha\u00eenes de blocs<\/strong><\/a>.<\/td>\n<\/tr>\n<tr style=\"height: 18px;\">\n<td style=\"width: 22.1519%; height: 18px; text-align: center;\"><strong>Denis Bergeron<\/strong><\/td>\n<td style=\"width: 77.8481%; height: 18px; text-align: justify;\">Monsieur Denis Bergeron, du club informatique de Brossard, nous fera conna\u00eetre des trucs et astuces du gestionnaire de courriel <a href=\"https:\/\/fr.wikipedia.org\/wiki\/Gmail\" target=\"_blank\" rel=\"noopener\"><strong>Gmail<\/strong><\/a>.<\/td>\n<\/tr>\n<tr style=\"height: 18px;\">\n<td style=\"width: 22.1519%; height: 18px; text-align: center;\"><strong>Germain B\u00e9langer<\/strong><\/td>\n<td style=\"width: 77.8481%; height: 18px; text-align: justify;\">Monsieur Germain B\u00e9langer, aussi du club informatique de Brossard, nous sugg\u00e9rera, \u00e0 la veille de f\u00eates de No\u00ebl, des <strong>id\u00e9es de cadeaux technologiques<\/strong> dans les domaines de l\u2019audio, de la vid\u00e9o, de la t\u00e9l\u00e9phonie et de l\u2019informatique.<\/td>\n<\/tr>\n<\/tbody>\n<\/table>\n<hr \/>\n<h4><strong>Assembl\u00e9e g\u00e9n\u00e9rale annuelle<\/strong><\/h4>\n<p style=\"text-align: justify;\">L\u2019assembl\u00e9e g\u00e9n\u00e9rale annuelle (AGA) des membres se tiendra par vid\u00e9oconf\u00e9rence le <span style=\"color: #ff0000;\"><strong>mercredi 20 octobre<\/strong><\/span>. \u00a0Monsieur R\u00e9jean C\u00f4t\u00e9 dressera un bilan de l\u2019ann\u00e9e \u00e9coul\u00e9e ainsi que des projets pour l\u2019ann\u00e9e \u00e0 venir. Les bilans financiers seront pr\u00e9sent\u00e9s aux membres.<\/p>\n<p style=\"text-align: justify;\">De plus, lors de la soir\u00e9e de l\u2019AGA, monsieur Denis Charron et moi-m\u00eame illustrerons <strong>comment parler \u00e0 notre <a href=\"https:\/\/fr.wikipedia.org\/wiki\/Tablette_tactile\" target=\"_blank\" rel=\"noopener\">tablette<\/a> ou <a href=\"https:\/\/fr.wikipedia.org\/wiki\/Smartphone\" target=\"_blank\" rel=\"noopener\">t\u00e9l\u00e9phone intelligent<\/a><\/strong>, appareils utilisant le syst\u00e8me d\u2019exploitation <a href=\"https:\/\/fr.wikipedia.org\/wiki\/IOS\" target=\"_blank\" rel=\"noopener\">iOS<\/a> ou <a href=\"https:\/\/fr.wikipedia.org\/wiki\/Android\" target=\"_blank\" rel=\"noopener\">Android<\/a>.\u00a0 Cette pr\u00e9sentation s\u2019inscrit dans le cadre de la <a href=\"https:\/\/cimbcc.org\/test2\/wp-content\/uploads\/calendrier_serie_ios_android.pdf\" target=\"_blank\" rel=\"noopener\">s\u00e9rie iOS\u00a0 et Android<\/a> qui sera diffus\u00e9e \u00e0 l\u2019hiver 2022.<\/p>\n<hr \/>\n<h4 style=\"text-align: justify;\"><strong>Site Web du CIMBCC<\/strong><\/h4>\n<p style=\"text-align: justify;\">Nous vous signalons que vous pouvez, en tout temps, consulter les d\u00e9tails des pr\u00e9sentations en acc\u00e9dant \u00e0 la page d\u2019accueil du site Web du Club <a href=\"https:\/\/cimbcc.org\/test2\/\" target=\"_blank\" rel=\"noopener\">en cliquant ici<\/a>.<\/p>\n<p style=\"text-align: justify;\">Sous le libell\u00e9 <strong>Calendriers et notes de pr\u00e9sentations<\/strong><em>,<\/em> vous pourrez alors avoir aussi un aper\u00e7u des s\u00e9ances de l&rsquo;automne 2021 et de l\u2019hiver 2022 en cliquant sur <a href=\"https:\/\/cimbcc.org\/test2\/wp-content\/uploads\/calendrier_serie_facile.pdf\" target=\"_blank\" rel=\"noopener\">S\u00e9rie <em>Facile<\/em><\/a> ou <a href=\"https:\/\/cimbcc.org\/test2\/wp-content\/uploads\/calendrier_serie_decouverte.pdf\" target=\"_blank\" rel=\"noopener\">S\u00e9rie <em>D\u00e9couverte<\/em><\/a>.<\/p>\n<p><img loading=\"lazy\" decoding=\"async\" class=\"aligncenter size-full wp-image-35882\" src=\"https:\/\/cimbcc.org\/test2\/wp-content\/uploads\/chip_2021_08_presentations_automne_2021_1.jpg\" alt=\"\" width=\"366\" height=\"304\" srcset=\"https:\/\/cimbcc.org\/test2\/wp-content\/uploads\/chip_2021_08_presentations_automne_2021_1.jpg 366w, https:\/\/cimbcc.org\/test2\/wp-content\/uploads\/chip_2021_08_presentations_automne_2021_1-300x249.jpg 300w\" sizes=\"auto, (max-width: 366px) 100vw, 366px\" \/><\/p>\n<hr \/>\n<h4>Invitation<\/h4>\n<p style=\"text-align: justify;\">Nous vous attendons nombreuses et nombreux pour cette nouvelle saison. Nous nous souhaitons un automne rempli de belles surprises informatiques et au plaisir de vous retrouver bient\u00f4t.<\/p>\n<p style=\"text-align: justify;\">Merci \u00e0 madame Dufresne, co-responsable des s\u00e9ances du mercredi et du vendredi pour la r\u00e9vision de cet article.<\/p>\n<p>Guy B\u00e9langer<br \/>\nCo-responsable des s\u00e9ances du mercredi et vendredi du CIMBCC<\/p>\n<hr \/>\n<h4>Note de l&rsquo;\u00e9diteur<\/h4>\n<p style=\"text-align: justify;\">Contrairement \u00e0 ce qui avait \u00e9t\u00e9 annonc\u00e9, la pand\u00e9mie de la COVID-19 nous force \u00e0 tenir nos s\u00e9ances du mercredi et du vendredi en mode virtuel gr\u00e2ce \u00e0 un logiciel de vid\u00e9oconf\u00e9rence. Cette d\u00e9cision de derni\u00e8re minute s\u2019applique aux s\u00e9ances de cet automne. Avec un peu de chance, nous pourrons nous r\u00e9unir au Chalet Marie-Victorin en janvier pour les s\u00e9ances du vendredi.<\/p>\n","protected":false},"excerpt":{"rendered":"<p>L&rsquo;annonce des activit\u00e9s pour l&rsquo;automne vous est maintenant faite en cette fin du mois d\u2019ao\u00fbt apr\u00e8s plusieurs semaines de pr\u00e9paration. Au CIMBCC, le mois de septembre est une p\u00e9riode f\u00e9brile, car les activit\u00e9s du Club reprendront sous peu : lors de la journ\u00e9e d&rsquo;information et d\u2019inscription du 7 septembre; au moment de la tenue des &hellip; <a href=\"https:\/\/cimbcc.org\/test2\/presentations-du-mercredi-et-du-vendredi-pour-lautomne-2021\/\" class=\"more-link\">Continuer la lecture de <span class=\"screen-reader-text\">Pr\u00e9sentations du mercredi et du vendredi pour l&rsquo;automne 2021<\/span>  <span class=\"meta-nav\">&rarr;<\/span><\/a><\/p>\n","protected":false},"author":43,"featured_media":0,"comment_status":"open","ping_status":"closed","sticky":false,"template":"","format":"standard","meta":{"footnotes":""},"categories":[402],"tags":[1476,755,569,1511,371,370,271,1277,1190],"class_list":["post-35864","post","type-post","status-publish","format-standard","hentry","category-activites-du-club","tag-2021-2022","tag-aga","tag-assemblee-generale-annuelle","tag-automne-2021","tag-decouverte","tag-facile","tag-presentations","tag-videoconference","tag-zoom"],"_links":{"self":[{"href":"https:\/\/cimbcc.org\/test2\/wp-json\/wp\/v2\/posts\/35864","targetHints":{"allow":["GET"]}}],"collection":[{"href":"https:\/\/cimbcc.org\/test2\/wp-json\/wp\/v2\/posts"}],"about":[{"href":"https:\/\/cimbcc.org\/test2\/wp-json\/wp\/v2\/types\/post"}],"author":[{"embeddable":true,"href":"https:\/\/cimbcc.org\/test2\/wp-json\/wp\/v2\/users\/43"}],"replies":[{"embeddable":true,"href":"https:\/\/cimbcc.org\/test2\/wp-json\/wp\/v2\/comments?post=35864"}],"version-history":[{"count":35,"href":"https:\/\/cimbcc.org\/test2\/wp-json\/wp\/v2\/posts\/35864\/revisions"}],"predecessor-version":[{"id":36149,"href":"https:\/\/cimbcc.org\/test2\/wp-json\/wp\/v2\/posts\/35864\/revisions\/36149"}],"wp:attachment":[{"href":"https:\/\/cimbcc.org\/test2\/wp-json\/wp\/v2\/media?parent=35864"}],"wp:term":[{"taxonomy":"category","embeddable":true,"href":"https:\/\/cimbcc.org\/test2\/wp-json\/wp\/v2\/categories?post=35864"},{"taxonomy":"post_tag","embeddable":true,"href":"https:\/\/cimbcc.org\/test2\/wp-json\/wp\/v2\/tags?post=35864"}],"curies":[{"name":"wp","href":"https:\/\/api.w.org\/{rel}","templated":true}]}}