{"id":35970,"date":"2021-08-19T21:00:28","date_gmt":"2021-08-20T01:00:28","guid":{"rendered":"https:\/\/cimbcc.org\/test2\/?p=35970"},"modified":"2023-10-16T22:11:42","modified_gmt":"2023-10-17T02:11:42","slug":"echos-du-conseil-dadministration-1er-juin-et-3-aout-2021","status":"publish","type":"post","link":"https:\/\/cimbcc.org\/test2\/echos-du-conseil-dadministration-1er-juin-et-3-aout-2021\/","title":{"rendered":"\u00c9chos du conseil d&rsquo;administration &#8211; 1er juin et 3 ao\u00fbt 2021"},"content":{"rendered":"<figure id=\"attachment_36150\" aria-describedby=\"caption-attachment-36150\" style=\"width: 536px\" class=\"wp-caption aligncenter\"><img loading=\"lazy\" decoding=\"async\" class=\"size-full wp-image-36150\" src=\"https:\/\/cimbcc.org\/test2\/wp-content\/uploads\/photo_ca_2021_2022_aout_2021.jpg\" alt=\"CA 2021-2022\" width=\"536\" height=\"216\" srcset=\"https:\/\/cimbcc.org\/test2\/wp-content\/uploads\/photo_ca_2021_2022_aout_2021.jpg 536w, https:\/\/cimbcc.org\/test2\/wp-content\/uploads\/photo_ca_2021_2022_aout_2021-300x121.jpg 300w\" sizes=\"auto, (max-width: 536px) 100vw, 536px\" \/><figcaption id=\"caption-attachment-36150\" class=\"wp-caption-text\">Dans l\u2019ordre habituel : Danielle Barab\u00e9, Michel C\u00f4t\u00e9, R\u00e9jean C\u00f4t\u00e9, Berthe Demers, Michel Gagn\u00e9, Sylvain Garneau, Richard Gervais, Sylvie Mazur, Danielle Provost<\/figcaption><\/figure>\n<p>Au cours des deux derni\u00e8res r\u00e9unions, le conseil d\u2019administration\u00a0:<\/p>\n<ul>\n<li style=\"text-align: justify;\">a constat\u00e9 quelques changements parmi ses b\u00e9n\u00e9voles,<\/li>\n<li style=\"text-align: justify;\">a adopt\u00e9 les pr\u00e9visions budg\u00e9taires de l\u2019ann\u00e9e\u00a02021-2022 qui est commenc\u00e9e depuis le 1<sup>er <\/sup>juillet dernier,<\/li>\n<li style=\"text-align: justify;\">a reconduit le montant des cotisations annuelles des membres,<\/li>\n<li style=\"text-align: justify;\">a revu la planification de la <em>Journ\u00e9e d\u2019information et d\u2019inscription<\/em> du 7\u00a0septembre,<\/li>\n<li style=\"text-align: justify;\">a adopt\u00e9 les orientations propos\u00e9es pour les cours d\u2019initiation donn\u00e9s dans les biblioth\u00e8ques en 2021-2022,<\/li>\n<li style=\"text-align: justify;\">a confirm\u00e9 sa collaboration avec des partenaires.<strong>\u00a0<\/strong><\/li>\n<\/ul>\n<p><!--more--><\/p>\n<hr \/>\n<h4><a href=\"https:\/\/cimbcc.org\/test2\/le-club-2\/nos-responsables\" target=\"_blank\" rel=\"noopener\"><strong>B\u00e9n\u00e9voles<\/strong><\/a><\/h4>\n<p style=\"text-align: justify;\">Le Club compte une nouvelle venue parmi ses b\u00e9n\u00e9voles\u00a0: <strong>Lucie Dubois<\/strong> qui se joindra \u00e0 l\u2019\u00e9quipe de l\u2019accueil des membres pour les activit\u00e9s au Chalet Marie-Victorin.<\/p>\n<p style=\"text-align: justify;\">Par ailleurs, certains b\u00e9n\u00e9voles ont accept\u00e9 de nouvelles responsabilit\u00e9s et d\u2019autres ont d\u00e9cid\u00e9 de r\u00e9duire leurs activit\u00e9s.<\/p>\n<ul>\n<li style=\"text-align: justify;\">Le conseil d\u2019administration souhaite bonne retraite \u00e0 <strong>Yvon Gaudreau<\/strong> qui pendant de nombreuses ann\u00e9es a assur\u00e9 avec son \u00e9quipe la responsabilit\u00e9 des aspects mat\u00e9riels du Club\u00a0: pr\u00e9paration des locaux, service du caf\u00e9, inventaire et s\u00e9curit\u00e9 du mat\u00e9riel, etc. C\u2019est son bras droit, <strong>Serge Bernier<\/strong>, qui lui succ\u00e8de dans ces fonctions.<\/li>\n<li style=\"text-align: justify;\"><strong>Michel Paul<\/strong> devient le responsable du registre des b\u00e9n\u00e9voles. Il succ\u00e8de \u00e0 <strong>Nicole Charron<\/strong> qui conserve la gestion des photos des b\u00e9n\u00e9voles sur le site Web du Club.<\/li>\n<li style=\"text-align: justify;\"><strong>Rita Olsthoorn<\/strong> a accept\u00e9 de g\u00e9rer l\u2019atelier d\u2019aide aux exercices de la s\u00e9rie <em>Facile<\/em> qui sera propos\u00e9 aux membres cet automne.<\/li>\n<\/ul>\n<p style=\"text-align: justify;\">Enfin, le conseil a constat\u00e9 l\u2019insucc\u00e8s de l\u2019appel lanc\u00e9 pour recruter une personne qui pourra succ\u00e9der \u00e0 Berthe Demers comme <strong>co-responsable de la gestion des ateliers<\/strong>. Si personne ne se manifeste, le Club risque d\u2019annuler tous les ateliers en 2022-2023. Tous sont invit\u00e9s \u00e0 relire <a href=\"https:\/\/cimbcc.org\/test2\/echos-du-conseil-dadministration-4-mai-2021#more-35019\" target=\"_blank\" rel=\"noopener\">l\u2019appel \u00e0 tous<\/a> publi\u00e9 le 4\u00a0mai dernier dans le paragraphe sur les ateliers.<\/p>\n<hr \/>\n<h4><strong>Pr\u00e9visions budg\u00e9taires pour 2021-2022 <\/strong><\/h4>\n<p style=\"text-align: justify;\">Le conseil d\u2019administration a adopt\u00e9 les pr\u00e9visions budg\u00e9taires de 2021-2022 telles que pr\u00e9sent\u00e9es par la tr\u00e9sori\u00e8re, Danielle Barab\u00e9. Ces pr\u00e9visions pr\u00e9voient un l\u00e9ger surplus si le Club r\u00e9unit environ 600\u00a0membres, s\u2019il obtient quelques subventions et que le niveau des d\u00e9penses est comparable \u00e0 celui de 2020-2021.<\/p>\n<p style=\"text-align: justify;\">Ces pr\u00e9visions budg\u00e9taires seront pr\u00e9sent\u00e9es en d\u00e9tail \u00e0 l\u2019assembl\u00e9e g\u00e9n\u00e9rale annuelle des membres le 20\u00a0octobre prochain. Le bilan financier de 2020-2021, qui sera adopt\u00e9 par le conseil \u00e0 la prochaine r\u00e9union, sera \u00e9galement pr\u00e9sent\u00e9 \u00e0 l\u2019assembl\u00e9e g\u00e9n\u00e9rale annuelle.<\/p>\n<hr \/>\n<h4><strong>Cotisation annuelle pour 2021-2022<\/strong><\/h4>\n<p style=\"text-align: justify;\">La part la plus importante des revenus du Club est compos\u00e9e par la cotisation annuelle des membres.\u00a0Le montant de celle-ci a \u00e9t\u00e9 reconduit par le conseil d\u2019administration tout en maintenant les variations suivantes selon qu\u2019il s\u2019agit\u00a0:<\/p>\n<ul style=\"text-align: justify;\">\n<li>d\u2019une personne\u00a0: 35\u00a0$<\/li>\n<li>d\u2019un couple\u00a0: 50\u00a0$<\/li>\n<li>du conjoint ou de la conjointe d\u2019une personne membre ou b\u00e9n\u00e9vole\u00a0: 15\u00a0$<\/li>\n<li>d\u2019un \u00e9tudiant ou d\u2019une \u00e9tudiante\u00a0: 15\u00a0$<\/li>\n<\/ul>\n<p style=\"text-align: justify;\">Une personne peut devenir membre du Club en tout temps, mais le conseil d\u2019administration a d\u00e9cid\u00e9 que le <strong>renouvellement<\/strong> de l\u2019adh\u00e9sion d\u2019un membre pourra se faire <strong>entre le 15\u00a0ao\u00fbt et le 15\u00a0octobre<\/strong>. Le registre des membres ne conservera pas les coordonn\u00e9es d\u2019un membre qui n\u2019aura pas renouvel\u00e9 son adh\u00e9sion avant le 15\u00a0octobre.<\/p>\n<p style=\"text-align: justify;\"><em>Le lecteur trouvera toute l\u2019information n\u00e9cessaire sur le site Web du Club :<\/em><\/p>\n<ul>\n<li><strong><em><a href=\"https:\/\/cimbcc.org\/test2\/linscription\" target=\"_blank\" rel=\"noopener\">pour devenir membre du Club<\/a>;<\/em><\/strong><\/li>\n<li><strong><em><a href=\"https:\/\/cimbcc.org\/test2\/renouvellement\" target=\"_blank\" rel=\"noopener\">pour renouveler votre adh\u00e9sion au Club<\/a>.<\/em><\/strong><\/li>\n<\/ul>\n<hr \/>\n<h4><em><strong>Journ\u00e9e d\u2019information et d\u2019inscription <\/strong><\/em><strong>\u2014<br \/>\n<span style=\"color: #ff0000;\">7\u00a0septembre 2021<\/span><\/strong><\/h4>\n<p style=\"text-align: justify;\">Au d\u00e9but d\u2019ao\u00fbt, l\u2019\u00e9volution de la pand\u00e9mie \u00e9tait encore incertaine, mais le conseil d\u2019administration a fait le pari qu\u2019il serait possible de tenir la <em>Journ\u00e9e d\u2019information et d\u2019inscription<\/em> comme pr\u00e9vu.<\/p>\n<p style=\"text-align: justify;\">La planification de cette journ\u00e9e est bien avanc\u00e9e et les b\u00e9n\u00e9voles mis \u00e0 contribution ont \u00e9t\u00e9 recrut\u00e9s. Tous comptent respecter les contraintes sanitaires qui seront en vigueur au d\u00e9but de septembre.<\/p>\n<p style=\"text-align: justify;\">Par ailleurs, cette activit\u00e9 se tiendra en <strong>mode hybride<\/strong> puisque l\u2019apr\u00e8s-midi se passera au <a href=\"https:\/\/cimbcc.org\/test2\/centre-communautaire\" target=\"_blank\" rel=\"noopener\">Centre communautaire de Saint-Bruno-de-Montarville<\/a> et la soir\u00e9e se d\u00e9roulera en ligne.<\/p>\n<ul style=\"text-align: justify;\">\n<li><strong>De <span style=\"color: #ff0000;\">13\u00a0h\u00a030<\/span> \u00e0 <span style=\"color: #ff0000;\">16\u00a0h\u00a030<\/span><\/strong>, une \u00e9quipe de b\u00e9n\u00e9voles sera sur place au <span style=\"text-decoration: underline;\"><a href=\"https:\/\/cimbcc.org\/test2\/centre-communautaire\" target=\"_blank\" rel=\"noopener\">Centre communautaire<\/a><\/span> pour inscrire les nouveaux membres ainsi que les membres qui renouvellent leur adh\u00e9sion valide jusqu\u2019en septembre 2021.<\/li>\n<li><strong>\u00c0 <span style=\"color: #ff0000;\">14 h<\/span> et \u00e0 <span style=\"color: #ff0000;\">15 h 30<\/span><\/strong>, Michel Gagn\u00e9 pr\u00e9sentera au <span style=\"text-decoration: underline;\"><a href=\"https:\/\/cimbcc.org\/test2\/centre-communautaire\" target=\"_blank\" rel=\"noopener\">Centre communautaire<\/a><\/span>\u00a0les activit\u00e9s r\u00e9currentes et les nouveaut\u00e9s pr\u00e9vues au Club en 2021-2022.<\/li>\n<li>\u00c0 compter de <span style=\"color: #ff0000;\"><strong>19 h 30<span style=\"color: #000000;\">, <\/span><\/strong><\/span>Michel Gagn\u00e9 r\u00e9p\u00e8tera sa <span style=\"text-decoration: underline;\">pr\u00e9sentation en ligne<\/span>.<\/li>\n<li><strong><span style=\"color: #ff0000;\">En soir\u00e9e<\/span>, et le lendemain au besoin,<\/strong> une \u00e9quipe de b\u00e9n\u00e9voles sera accessible <span style=\"text-decoration: underline;\">par t\u00e9l\u00e9phone<\/span> pour soutenir les personnes dans leur processus d\u2019inscription ou de renouvellement d\u2019adh\u00e9sion sur le site du Club.<\/li>\n<\/ul>\n<hr \/>\n<h4 style=\"text-align: justify;\"><a href=\"https:\/\/cimbcc.org\/test2\/activites\/familiarisation-a-linternet\" target=\"_blank\" rel=\"noopener\"><strong>Les cours dans les biblioth\u00e8ques<\/strong><\/a><\/h4>\n<p style=\"text-align: justify;\">Michel Gagn\u00e9 a rappel\u00e9 qu\u2019en 2020-2021 aucun cours n\u2019a \u00e9t\u00e9 donn\u00e9 en raison des contraintes sanitaires dues \u00e0 la COVID-19. Il a aussi fait remarquer la diminution constante des inscriptions\u00a0: 79 inscriptions en 2014, mais seulement 35 en 2019. Cette situation motive la d\u00e9cision de r\u00e9duire l\u2019offre\u00a0: le cours pr\u00e9paratoire et le cours d\u2019initiation \u00e0 Internet sont maintenus, mais pas celui sur Windows\u00a010 et la s\u00e9curit\u00e9 informatique.<\/p>\n<p style=\"text-align: justify;\">L\u2019\u00e9quipe des instructeurs est nombreuse, stable et exp\u00e9riment\u00e9e. Ces b\u00e9n\u00e9voles ont aussi accept\u00e9 d\u2019agir comme assistants pour <a href=\"https:\/\/cimbcc.org\/test2\/activites\/les-ateliers\/atelier-aide-aux-exercices-de-la-serie-facile\" target=\"_blank\" rel=\"noopener\">l\u2019atelier d\u2019aide aux exercices de la s\u00e9rie <em>Facile<\/em><\/a>. Cet atelier se tiendra en salle si possible, mais pas en vid\u00e9oconf\u00e9rence.<\/p>\n<hr \/>\n<h4><strong>Partenariats<\/strong><\/h4>\n<p style=\"text-align: justify;\">Le CIMBCC poursuivra sa collaboration avec <a href=\"https:\/\/www.formatio.info\/\" target=\"_blank\" rel=\"noopener\"><em>Formatio<\/em><\/a>, le club informatique de Brossard. Cette collaboration prendra la forme d\u2019un \u00e9change de pr\u00e9sentateurs au cours de l\u2019ann\u00e9e\u00a02021-2022.<\/p>\n<p style=\"text-align: justify;\">Le Club a \u00e9t\u00e9 invit\u00e9 \u00e0 contribuer au journal local collaboratif et en ligne <a href=\"https:\/\/lemontarvillois.com\/\" target=\"_blank\" rel=\"noopener\"><em>Le\u00a0Montarvillois<\/em><\/a>. Deux articles du <em>CHIP<\/em> y ont d\u00e9j\u00e0 \u00e9t\u00e9 publi\u00e9s et d\u2019autres projets sont pr\u00e9vus, dont un article pour annoncer la <em>Journ\u00e9e d\u2019information et d\u2019inscription<\/em>.<\/p>\n<p>Sylvie Mazur, secr\u00e9taire du conseil d\u2019administration<\/p>\n<p>&nbsp;<\/p>\n","protected":false},"excerpt":{"rendered":"<p>Au cours des deux derni\u00e8res r\u00e9unions, le conseil d\u2019administration\u00a0: a constat\u00e9 quelques changements parmi ses b\u00e9n\u00e9voles, a adopt\u00e9 les pr\u00e9visions budg\u00e9taires de l\u2019ann\u00e9e\u00a02021-2022 qui est commenc\u00e9e depuis le 1er juillet dernier, a reconduit le montant des cotisations annuelles des membres, a revu la planification de la Journ\u00e9e d\u2019information et d\u2019inscription du 7\u00a0septembre, a adopt\u00e9 les &hellip; <a href=\"https:\/\/cimbcc.org\/test2\/echos-du-conseil-dadministration-1er-juin-et-3-aout-2021\/\" class=\"more-link\">Continuer la lecture de <span class=\"screen-reader-text\">\u00c9chos du conseil d&rsquo;administration &#8211; 1er juin et 3 ao\u00fbt 2021<\/span>  <span class=\"meta-nav\">&rarr;<\/span><\/a><\/p>\n","protected":false},"author":43,"featured_media":0,"comment_status":"open","ping_status":"closed","sticky":false,"template":"","format":"standard","meta":{"footnotes":""},"categories":[386],"tags":[1476,126,946,906,1508,143,1509,1507,1278],"class_list":["post-35970","post","type-post","status-publish","format-standard","hentry","category-echos-du-conseil-dadministration","tag-2021-2022","tag-benevoles","tag-cotisations","tag-cours-dans-les-bibliotheques","tag-formatio","tag-journee-dinformation-et-dinscription","tag-le-montarvillois","tag-partenariats","tag-previsions-budgetaires"],"_links":{"self":[{"href":"https:\/\/cimbcc.org\/test2\/wp-json\/wp\/v2\/posts\/35970","targetHints":{"allow":["GET"]}}],"collection":[{"href":"https:\/\/cimbcc.org\/test2\/wp-json\/wp\/v2\/posts"}],"about":[{"href":"https:\/\/cimbcc.org\/test2\/wp-json\/wp\/v2\/types\/post"}],"author":[{"embeddable":true,"href":"https:\/\/cimbcc.org\/test2\/wp-json\/wp\/v2\/users\/43"}],"replies":[{"embeddable":true,"href":"https:\/\/cimbcc.org\/test2\/wp-json\/wp\/v2\/comments?post=35970"}],"version-history":[{"count":17,"href":"https:\/\/cimbcc.org\/test2\/wp-json\/wp\/v2\/posts\/35970\/revisions"}],"predecessor-version":[{"id":36204,"href":"https:\/\/cimbcc.org\/test2\/wp-json\/wp\/v2\/posts\/35970\/revisions\/36204"}],"wp:attachment":[{"href":"https:\/\/cimbcc.org\/test2\/wp-json\/wp\/v2\/media?parent=35970"}],"wp:term":[{"taxonomy":"category","embeddable":true,"href":"https:\/\/cimbcc.org\/test2\/wp-json\/wp\/v2\/categories?post=35970"},{"taxonomy":"post_tag","embeddable":true,"href":"https:\/\/cimbcc.org\/test2\/wp-json\/wp\/v2\/tags?post=35970"}],"curies":[{"name":"wp","href":"https:\/\/api.w.org\/{rel}","templated":true}]}}