{"id":36385,"date":"2021-09-09T21:00:46","date_gmt":"2021-09-10T01:00:46","guid":{"rendered":"https:\/\/cimbcc.org\/test2\/?p=36385"},"modified":"2023-10-16T22:11:42","modified_gmt":"2023-10-17T02:11:42","slug":"mot-du-president-septembre-2021","status":"publish","type":"post","link":"https:\/\/cimbcc.org\/test2\/mot-du-president-septembre-2021\/","title":{"rendered":"Mot du pr\u00e9sident &#8211; septembre 2021"},"content":{"rendered":"<figure id=\"attachment_35278\" aria-describedby=\"caption-attachment-35278\" style=\"width: 125px\" class=\"wp-caption aligncenter\"><img loading=\"lazy\" decoding=\"async\" class=\"size-full wp-image-35278\" src=\"https:\/\/cimbcc.org\/test2\/wp-content\/uploads\/photo_cote_rejean.jpg\" alt=\"\" width=\"125\" height=\"125\" \/><figcaption id=\"caption-attachment-35278\" class=\"wp-caption-text\"><span style=\"color: #ffffff;\">mmmn<\/span>R\u00e9jean C\u00f4t\u00e9<\/figcaption><\/figure>\n<p style=\"text-align: justify;\">L\u2019automne arrive \u00e0 grands pas. Les activit\u00e9s du <strong>CIMBCC<\/strong> d\u00e9buteront sous peu et plusieurs membres ont d\u00e9j\u00e0 renouvel\u00e9 leur adh\u00e9sion pour la nouvelle saison. De vous savoir l\u00e0 confiants et int\u00e9ress\u00e9s, nous motive \u00e0 pers\u00e9v\u00e9rer dans l\u2019am\u00e9lioration des services offerts aux membres du Club.<\/p>\n<p style=\"text-align: justify;\">La <em>Journ\u00e9e d\u2019information et d\u2019inscription<\/em> du mardi\u00a07\u00a0septembre a \u00e9t\u00e9 tr\u00e8s appr\u00e9ci\u00e9e par les membres et <span style=\"color: #000000;\">70<\/span>\u00a0personnes ont r\u00e9pondu \u00e0 l\u2019invitation du Club. La coordinatrice de cette journ\u00e9e, M<sup>me<\/sup> Nicole Comtois, et une vingtaine de b\u00e9n\u00e9voles ont accueilli les membres et les visiteurs au Centre communautaire de Saint-Bruno. Ces derniers y sont venus pour s\u2019informer sur les services offerts par le Club, pour en devenir membres pour la premi\u00e8re fois ou pour renouveler leur adh\u00e9sion au Club.<\/p>\n<p>Voici maintenant quelques points saillants de la saison \u00e0 venir.<\/p>\n<p><!--more--><\/p>\n<p style=\"text-align: justify;\">Sous la coordination de Guy\u00a0B\u00e9langer et de C\u00e9line\u00a0Dufresne, le Club vous proposera cette ann\u00e9e plus de 50\u00a0s\u00e9ances sur divers sujets reli\u00e9s \u00e0 l\u2019informatique.<\/p>\n<ul style=\"text-align: justify;\">\n<li><strong>Cet automne<\/strong>, les membres pourront assister aux s\u00e9ances de la <span style=\"color: #ff0000;\"><strong>s\u00e9rie <em>Facile<\/em><\/strong> le vendredi apr\u00e8s-midi<\/span> et \u00e0 celles de la <span style=\"color: #ff0000;\"><strong>s\u00e9rie <em>D\u00e9couverte <\/em><\/strong>le mercredi soir<\/span>. <strong>Toutes ces s\u00e9ances de l\u2019automne se d\u00e9rouleront en vid\u00e9oconf\u00e9rence<\/strong>.<\/li>\n<li>L\u2019hiver prochain, la <strong>s\u00e9rie <em>Facile<\/em><\/strong> sera pr\u00e9sent\u00e9e le mercredi soir et la <strong>s\u00e9rie <em>D\u00e9couverte<\/em><\/strong>, le vendredi apr\u00e8s-midi. Si possible, les s\u00e9ances du vendredi se tiendront au Chalet Marie-Victorin, sinon elles se d\u00e9rouleront en vid\u00e9oconf\u00e9rence comme celles du mercredi soir. La <strong>s\u00e9rie<\/strong> <strong><em>iOS &amp; Android<\/em><\/strong> s\u2019ajoutera \u00e0 ces deux s\u00e9ries.<\/li>\n<\/ul>\n<p style=\"text-align: justify;\">Certains sujets populaires, comme les suivants, seront de retour cette ann\u00e9e\u00a0:<\/p>\n<ul>\n<li><em><a href=\"https:\/\/fr.wikipedia.org\/wiki\/Microsoft_Windows\" target=\"_blank\" rel=\"noopener\">Windows<\/a> et la <a href=\"https:\/\/fr.wikipedia.org\/wiki\/S%C3%A9curit%C3%A9_des_syst%C3%A8mes_d'information\" target=\"_blank\" rel=\"noopener\">s\u00e9curit\u00e9 informatique<\/a><\/em><\/li>\n<li><a href=\"https:\/\/fr.wikipedia.org\/wiki\/Google_Chrome\" target=\"_blank\" rel=\"noopener\"><em>Chrome<\/em><\/a><\/li>\n<li><em>Gestion des <a href=\"https:\/\/fr.wikipedia.org\/wiki\/Fichier_informatique\" target=\"_blank\" rel=\"noopener\">fichiers<\/a> et des <a href=\"https:\/\/fr.wikipedia.org\/wiki\/R%C3%A9pertoire_(informatique)\" target=\"_blank\" rel=\"noopener\">dossiers<\/a><\/em><\/li>\n<li><em>Am\u00e9liorer et organiser vos <a href=\"https:\/\/fr.wikipedia.org\/wiki\/Photographie_num%C3%A9rique\" target=\"_blank\" rel=\"noopener\">photos<\/a> sur l\u2019ordinateur<\/em><\/li>\n<li><em><a href=\"https:\/\/fr.wikipedia.org\/wiki\/Outlook.com\" target=\"_blank\" rel=\"noopener\">Outlook.com<\/a> 1 et 2<\/em><\/li>\n<li><em><a href=\"https:\/\/fr.wikipedia.org\/wiki\/Google_(moteur_de_recherche)\" target=\"_blank\" rel=\"noopener\">Outils de recherche de Google<\/a> et <a href=\"https:\/\/fr.wikipedia.org\/wiki\/Fake_news\" target=\"_blank\" rel=\"noopener\">fausses nouvelles<\/a><\/em><\/li>\n<\/ul>\n<p style=\"text-align: justify;\">Quelques nouveaut\u00e9s sont aussi pr\u00e9vues dont voici quelques exemples\u00a0:<\/p>\n<ul>\n<li style=\"text-align: justify;\"><em>Introduction \u00e0 <a href=\"https:\/\/fr.wikipedia.org\/wiki\/Microsoft_Word\" target=\"_blank\" rel=\"noopener\">Word<\/a><\/em><\/li>\n<li style=\"text-align: justify;\"><em>Faits saillants de <a href=\"https:\/\/fr.wikipedia.org\/wiki\/Windows_11\" target=\"_blank\" rel=\"noopener\">Windows\u00a011<\/a> et divers programmes sous <a href=\"https:\/\/fr.wikipedia.org\/wiki\/Windows_10\" target=\"_blank\" rel=\"noopener\">Windows\u00a010<\/a><\/em><\/li>\n<li style=\"text-align: justify;\"><em>Cr\u00e9ation d\u2019un <a href=\"https:\/\/fr.wikipedia.org\/wiki\/Site_web\" target=\"_blank\" rel=\"noopener\">site Web<\/a> avec <a href=\"https:\/\/fr.wikipedia.org\/wiki\/WordPress\" target=\"_blank\" rel=\"noopener\">WordPress<\/a><\/em><\/li>\n<li style=\"text-align: justify;\"><em>Sites Web en sant\u00e9 et en m\u00e9decine<\/em><\/li>\n<li style=\"text-align: justify;\"><em>Les <a href=\"https:\/\/fr.wikipedia.org\/wiki\/Calculateur_quantique\" target=\"_blank\" rel=\"noopener\">ordinateurs quantiques<\/a><\/em><\/li>\n<li style=\"text-align: justify;\"><em>Introduction \u00e0 <a href=\"https:\/\/fr.wikipedia.org\/wiki\/Microsoft_Access\" target=\"_blank\" rel=\"noopener\">Access<\/a> pour les loisirs<\/em><\/li>\n<li style=\"text-align: justify;\"><a href=\"https:\/\/fr.wikipedia.org\/wiki\/5G\" target=\"_blank\" rel=\"noopener\"><em>Technologie\u00a05G<\/em><\/a><\/li>\n<li style=\"text-align: justify;\"><em>Apprendre les bases d\u2019autres langues avec <a href=\"https:\/\/fr.duolingo.com\/\" target=\"_blank\" rel=\"noopener\">Duolingo<\/a> et <a href=\"http:\/\/store.instantimmersion.com\/\" target=\"_blank\" rel=\"noopener\">Instant Immersion<\/a><\/em><\/li>\n<li style=\"text-align: justify;\"><em>Diff\u00e9rences int\u00e9ressantes entre <a href=\"https:\/\/fr.wikipedia.org\/wiki\/Google_Chrome\" target=\"_blank\" rel=\"noopener\">Chrome<\/a>, <a href=\"https:\/\/fr.wikipedia.org\/wiki\/Microsoft_Edge\" target=\"_blank\" rel=\"noopener\">Edge<\/a>, <a href=\"https:\/\/fr.wikipedia.org\/wiki\/Mozilla_Firefox\" target=\"_blank\" rel=\"noopener\">Firefox<\/a> et <a href=\"https:\/\/fr.wikipedia.org\/wiki\/Safari_(navigateur_web)\" target=\"_blank\" rel=\"noopener\">Safari<\/a><\/em><\/li>\n<li style=\"text-align: justify;\"><em><a href=\"https:\/\/fr.wikipedia.org\/wiki\/Bitcoin\" target=\"_blank\" rel=\"noopener\">Bitcoins<\/a> et <a href=\"https:\/\/fr.wikipedia.org\/wiki\/Blockchain\" target=\"_blank\" rel=\"noopener\">cha\u00eenes de blocs<\/a><\/em><\/li>\n<li style=\"text-align: justify;\"><em>Trucs et astuces utiles avec <a href=\"https:\/\/fr.wikipedia.org\/wiki\/Gmail\" target=\"_blank\" rel=\"noopener\">Gmail.com<\/a><\/em><\/li>\n<li style=\"text-align: justify;\"><em>Applications pour <a href=\"https:\/\/fr.wikipedia.org\/wiki\/Smartphone\" target=\"_blank\" rel=\"noopener\">t\u00e9l\u00e9phones intelligents<\/a> et <a href=\"https:\/\/fr.wikipedia.org\/wiki\/Tablette_tactile\" target=\"_blank\" rel=\"noopener\">tablettes<\/a><\/em><\/li>\n<\/ul>\n<p style=\"text-align: justify;\">Pour trouver une description compl\u00e8te des pr\u00e9sentations de cette ann\u00e9e, allez sur le site du CIMBCC <a href=\"https:\/\/cimbcc.org\/test2\/\" target=\"_blank\" rel=\"noopener\"><strong>en cliquant ici<\/strong><\/a>. Pour consulter le calendrier de la <a href=\"https:\/\/cimbcc.org\/test2\/wp-content\/uploads\/calendrier_serie_facile.pdf\" target=\"_blank\" rel=\"noopener\"><strong>s\u00e9rie <em>Facile<\/em><\/strong><\/a>, celui de la <strong><a href=\"https:\/\/cimbcc.org\/test2\/wp-content\/uploads\/calendrier_serie_decouverte.pdf\" target=\"_blank\" rel=\"noopener\">s\u00e9rie <em>D\u00e9couverte<\/em><\/a>\u00a0<\/strong>et celui de la <a href=\"https:\/\/cimbcc.org\/test2\/wp-content\/uploads\/calendrier_serie_ios_android.pdf\" target=\"_blank\" rel=\"noopener\"><strong>s\u00e9rie <em>IOS &amp; Android<\/em><\/strong><\/a>, cliquez sur un des liens pr\u00e9sents \u00e0 la droite de la page d\u2019accueil. Vous pouvez aussi consulter les notes des pr\u00e9sentations des dix derni\u00e8res ann\u00e9es en cliquant sur <a href=\"https:\/\/cimbcc.org\/test2\/wp-content\/uploads\/calendrier_archive.pdf\" target=\"_blank\" rel=\"noopener\"><strong><em>Archives<\/em><\/strong><\/a><em>.<\/em><\/p>\n<p style=\"text-align: justify;\">Relevez un beau d\u00e9fi en devenant la <strong>pr\u00e9sentatrice<\/strong> ou le<strong> pr\u00e9sentateur<\/strong> d\u2019un expos\u00e9 d\u2019une demi-heure, d\u2019une heure ou de deux heures. Plus nombreux seront les pr\u00e9sentateurs, plus les sujets abord\u00e9s seront int\u00e9ressants. <a href=\"https:\/\/cimbcc.org\/test2\/nous-joindre\/nous-joindre-les-presentations-du-mercredi-et-du-vendredi\" target=\"_blank\" rel=\"noopener\"><strong>Cliquez ici<\/strong><\/a> pour nous faire part de votre projet d\u2019expos\u00e9. Vous pourrez compter sur notre aide pour vous \u00e9pauler dans votre pr\u00e9paration. Vous verrez, c\u2019est tr\u00e8s gratifiant!<\/p>\n<p style=\"text-align: justify;\">Une autre fa\u00e7on de participer au Club est de <strong>r\u00e9diger un article<\/strong> pour le <a href=\"https:\/\/cimbcc.org\/test2\/services\/chip\" target=\"_blank\" rel=\"noopener\">CHIP<\/a> qui est le blogue du Club. Votre article devra avoir un lien avec l\u2019informatique, le Club informatique Mont-Bruno ou le b\u00e9n\u00e9volat. Soumettez votre texte \u00e0 l\u2019\u00e9diteur en utilisant le formulaire que vous trouverez <a href=\"https:\/\/cimbcc.org\/test2\/nous-joindre\/nous-joindre-le-chip\" target=\"_blank\" rel=\"noopener\">en cliquant ici<\/a>.<\/p>\n<p style=\"text-align: justify;\">Enfin, j\u2019aimerais terminer ce texte en <strong>remerciant les 75\u00a0merveilleux b\u00e9n\u00e9voles<\/strong> actuellement actifs au Club. Sans eux, le Club ne pourrait exister!<\/p>\n<p style=\"text-align: justify;\">R\u00e9jean\u00a0C\u00f4t\u00e9, pr\u00e9sident<\/p>\n","protected":false},"excerpt":{"rendered":"<p>L\u2019automne arrive \u00e0 grands pas. Les activit\u00e9s du CIMBCC d\u00e9buteront sous peu et plusieurs membres ont d\u00e9j\u00e0 renouvel\u00e9 leur adh\u00e9sion pour la nouvelle saison. De vous savoir l\u00e0 confiants et int\u00e9ress\u00e9s, nous motive \u00e0 pers\u00e9v\u00e9rer dans l\u2019am\u00e9lioration des services offerts aux membres du Club. La Journ\u00e9e d\u2019information et d\u2019inscription du mardi\u00a07\u00a0septembre a \u00e9t\u00e9 tr\u00e8s appr\u00e9ci\u00e9e &hellip; <a href=\"https:\/\/cimbcc.org\/test2\/mot-du-president-septembre-2021\/\" class=\"more-link\">Continuer la lecture de <span class=\"screen-reader-text\">Mot du pr\u00e9sident &#8211; septembre 2021<\/span>  <span class=\"meta-nav\">&rarr;<\/span><\/a><\/p>\n","protected":false},"author":43,"featured_media":0,"comment_status":"open","ping_status":"closed","sticky":false,"template":"","format":"standard","meta":{"footnotes":""},"categories":[11],"tags":[126,246,371,370,1513,1036,271,1037,1277],"class_list":["post-36385","post","type-post","status-publish","format-standard","hentry","category-mots-du-president","tag-benevoles","tag-chip","tag-decouverte","tag-facile","tag-ios-et-android","tag-presentateurs","tag-presentations","tag-presentatrices","tag-videoconference"],"_links":{"self":[{"href":"https:\/\/cimbcc.org\/test2\/wp-json\/wp\/v2\/posts\/36385","targetHints":{"allow":["GET"]}}],"collection":[{"href":"https:\/\/cimbcc.org\/test2\/wp-json\/wp\/v2\/posts"}],"about":[{"href":"https:\/\/cimbcc.org\/test2\/wp-json\/wp\/v2\/types\/post"}],"author":[{"embeddable":true,"href":"https:\/\/cimbcc.org\/test2\/wp-json\/wp\/v2\/users\/43"}],"replies":[{"embeddable":true,"href":"https:\/\/cimbcc.org\/test2\/wp-json\/wp\/v2\/comments?post=36385"}],"version-history":[{"count":9,"href":"https:\/\/cimbcc.org\/test2\/wp-json\/wp\/v2\/posts\/36385\/revisions"}],"predecessor-version":[{"id":36619,"href":"https:\/\/cimbcc.org\/test2\/wp-json\/wp\/v2\/posts\/36385\/revisions\/36619"}],"wp:attachment":[{"href":"https:\/\/cimbcc.org\/test2\/wp-json\/wp\/v2\/media?parent=36385"}],"wp:term":[{"taxonomy":"category","embeddable":true,"href":"https:\/\/cimbcc.org\/test2\/wp-json\/wp\/v2\/categories?post=36385"},{"taxonomy":"post_tag","embeddable":true,"href":"https:\/\/cimbcc.org\/test2\/wp-json\/wp\/v2\/tags?post=36385"}],"curies":[{"name":"wp","href":"https:\/\/api.w.org\/{rel}","templated":true}]}}