{"id":3649,"date":"2012-11-26T21:13:32","date_gmt":"2012-11-27T02:13:32","guid":{"rendered":"https:\/\/cimbcc.org\/test2\/?p=3649"},"modified":"2023-10-16T22:17:13","modified_gmt":"2023-10-17T02:17:13","slug":"echos-du-conseil-dadministration-novembre-2012","status":"publish","type":"post","link":"https:\/\/cimbcc.org\/test2\/echos-du-conseil-dadministration-novembre-2012\/","title":{"rendered":"\u00c9chos du conseil d\u2019administration \u2013 6 novembre 2012"},"content":{"rendered":"<h5 style=\"text-align: justify;\"><\/h5>\n<figure id=\"attachment_5549\" aria-describedby=\"caption-attachment-5549\" style=\"width: 450px\" class=\"wp-caption aligncenter\"><img loading=\"lazy\" decoding=\"async\" class=\"size-full wp-image-5549\" src=\"https:\/\/cimbcc.org\/test2\/wp-content\/uploads\/Photo-Du-CA-2012-2013.jpg\" alt=\"\" width=\"450\" height=\"134\" srcset=\"https:\/\/cimbcc.org\/test2\/wp-content\/uploads\/Photo-Du-CA-2012-2013.jpg 450w, https:\/\/cimbcc.org\/test2\/wp-content\/uploads\/Photo-Du-CA-2012-2013-300x89.jpg 300w\" sizes=\"auto, (max-width: 450px) 100vw, 450px\" \/><figcaption id=\"caption-attachment-5549\" class=\"wp-caption-text\">De gauche \u00e0 droite\u00a0: Walter\u00a0Pearce, Francine\u00a0Fortier, R\u00e9jean\u00a0C\u00f4t\u00e9, Danielle\u00a0Bourque, Michel\u00a0Gagn\u00e9, Yvon\u00a0Gaudreau, Raymonde\u00a0Lemay, R\u00e9jean\u00a0Daigle, Sylvie\u00a0Mazur et Andr\u00e9\u00a0Charest. Denis\u00a0Dulude \u00e9tait absent au moment de la prise de la photo.<\/figcaption><\/figure>\n<p style=\"text-align: justify;\">La derni\u00e8re r\u00e9union du conseil d\u2019administration du Club informatique Mont-Bruno s\u2019est tenue le 6\u00a0novembre dernier. Le conseil a d\u2019abord pass\u00e9 en revue certains points qui faisaient suite \u00e0 la derni\u00e8re r\u00e9union.<\/p>\n<p style=\"text-align: justify;\"><!--more--><\/p>\n<ul style=\"text-align: justify;\">\n<li>Le club dispose dor\u00e9navant d\u2019une trousse de premiers soins.<\/li>\n<li>Guy B\u00e9langer a fait le n\u00e9cessaire pour rendre disponibles, sur le site du club, les notes des s\u00e9ances de la s\u00e9rie <em>D\u00e9couverte<\/em> 48\u00a0heures avant chaque pr\u00e9sentation, mais des d\u00e9lais peuvent se pr\u00e9senter \u00e0 l\u2019occasion.<\/li>\n<li>Michel Gagn\u00e9 a confirm\u00e9 que les messages dominicaux sont envoy\u00e9s \u00e0 partir de l\u2019adresse de courriel du club.<\/li>\n<li>La premi\u00e8re \u00e9bauche de la minibrochure destin\u00e9e \u00e0 faire conna\u00eetre le club a \u00e9t\u00e9 revue. Des modifications ont \u00e9t\u00e9 sugg\u00e9r\u00e9es \u00e0 Michel Gagn\u00e9 et \u00e0 Francine Fortier. Cette derni\u00e8re pr\u00e9sentera une nouvelle version \u00e0 la prochaine r\u00e9union.<\/li>\n<li>Francine Fortier a revu le processus de publication du <em>CHIP<\/em>, car des changements sont n\u00e9cessaires \u00e0 la suite de l\u2019ouverture du blogue aux commentaires.<\/li>\n<li style=\"text-align: justify;\">Quant au recrutement de b\u00e9n\u00e9voles\u00a0:<\/li>\n<\/ul>\n<ol>\n<li style=\"list-style-type: none;\">\n<ol>\n<li><span style=\"text-align: justify;\">Francine Fortier pourra compter sur de nouveaux collaborateurs\u00a0: Yves P\u00e9pin pour l\u2019analyse des commentaires enregistr\u00e9s sur le blogue, Jacqueline Cousineau pour la r\u00e9vision de textes et Michel\u00a0C\u00f4t\u00e9 qui a offert son aide pour le <\/span><em style=\"text-align: justify;\">CHIP<\/em><span style=\"text-align: justify;\">.<\/span><\/li>\n<li>Gilbert Girard et Yves P\u00e9pin agiront en tant que webmestres. Ils ont d\u00e9j\u00e0 amorc\u00e9 des travaux et propos\u00e9 des am\u00e9liorations.<\/li>\n<li>Andr\u00e9 Charest \u00e9tait toujours \u00e0 la recherche d\u2019un assistant pour le seconder dans la coordination des ateliers.<\/li>\n<li>Francine Fortier recherchait encore des collaborateurs pour la chronique <em>Sites Coup de c\u0153ur<\/em>.<\/li>\n<\/ol>\n<\/li>\n<\/ol>\n<p style=\"text-align: justify;\">Danielle Bourque a fait part de l\u2019\u00e9valuation de la campagne de recrutement de septembre dernier et en particulier de la Journ\u00e9e portes ouvertes. Le d\u00e9roulement de la campagne a \u00e9t\u00e9 satisfaisant ainsi que le processus d\u2019inscription des nouveaux membres et des renouvellements. Malgr\u00e9 le travail \u00e0 accomplir, les b\u00e9n\u00e9voles de la Journ\u00e9e portes ouvertes \u00e9taient heureux de se rencontrer et l\u2019atmosph\u00e8re \u00e9tait tr\u00e8s conviviale. Un plan d\u2019action a \u00e9t\u00e9 \u00e9tabli pour l\u2019an prochain. Il reprend plusieurs \u00e9l\u00e9ments de la formule adopt\u00e9e en 2012, tout en apportant quelques am\u00e9liorations identifi\u00e9es avec l\u2019aide des b\u00e9n\u00e9voles. Il est sugg\u00e9r\u00e9 d\u2019annoncer aussi la Journ\u00e9e portes ouvertes dans un journal local de Sainte-Julie afin d\u2019inciter les gens de cette ville \u00e0 se joindre au club.\u00a0 Enfin, Danielle Bourque a rapport\u00e9 que le club comptait \u00e0 ce jour 453\u00a0membres actifs, dont 240\u00a0femmes et 213\u00a0hommes.<\/p>\n<p style=\"text-align: justify;\">Andr\u00e9 Charest a pr\u00e9sent\u00e9 certaines orientations pr\u00e9vues pour l\u2019\u00e9volution du site du club, orientations qui ont obtenu l\u2019aval du conseil d\u2019administration. Outre quelques am\u00e9liorations d\u00e9j\u00e0 apport\u00e9es par les deux\u00a0webmestres, l\u2019\u00e9quipe responsable du site se penchera en particulier sur la r\u00e9organisation des pages du site, sur le d\u00e9placement de la page du blogue, sur la modification de l\u2019image de la page d\u2019accueil, sur la mise \u00e0 jour de certaines pages, sur l\u2019ajout de photos de collaborateurs et de responsables.<\/p>\n<p style=\"text-align: justify;\">Walter Pearce a fait \u00e9tat de ses d\u00e9marches pour planifier le souper de No\u00ebl. Les membres du conseil ont accept\u00e9 sa proposition de menu et de budget pour cet \u00e9v\u00e9nement. L\u2019excellent menu pr\u00e9vu fera bient\u00f4t l\u2019objet d\u2019une information destin\u00e9e aux membres.<\/p>\n<p style=\"text-align: justify;\">Le conseil a aussi pris connaissance des \u00e9tats financiers du club qui r\u00e9v\u00e8lent que le budget pr\u00e9vu est respect\u00e9 \u00e0 ce jour. Par ailleurs, il a not\u00e9 que les frais d\u2019assurance ont augment\u00e9 de 6\u00a0%.<\/p>\n<p style=\"text-align: justify;\">Walter Pearce a re\u00e7u deux\u00a0lettres de la Maison des jeunes remerciant le club, d\u2019une part, pour les unit\u00e9s centrales fournies et, d\u2019autre part, pour sa participation \u00e0 l\u2019encan tenu en ao\u00fbt dernier.<\/p>\n<p style=\"text-align: justify;\">Enfin, Michel Gagn\u00e9 a mentionn\u00e9 que 57\u00a0inscriptions ont \u00e9t\u00e9 re\u00e7ues pour les deux\u00a0ateliers sur Facebook qui se tiendront entre novembre et avril. Les participants inscrits en priorit\u00e9 sont ceux qui pr\u00e9voyaient \u00eatre pr\u00e9sents aux trois\u00a0rencontres de chaque atelier. Michel Gagn\u00e9 termine en mentionnant que, pour l\u2019an prochain, il faudrait consid\u00e9rer tenir des ateliers sur Hotmail et sur d\u2019autres outils commun\u00e9ment utilis\u00e9s par les membres du club.<\/p>\n<p>Sylvie Mazur<br \/>\nSecr\u00e9taire du CIMBCC<\/p>\n","protected":false},"excerpt":{"rendered":"<p>La derni\u00e8re r\u00e9union du conseil d\u2019administration du Club informatique Mont-Bruno s\u2019est tenue le 6\u00a0novembre dernier. Le conseil a d\u2019abord pass\u00e9 en revue certains points qui faisaient suite \u00e0 la derni\u00e8re r\u00e9union.<\/p>\n","protected":false},"author":43,"featured_media":0,"comment_status":"open","ping_status":"closed","sticky":false,"template":"","format":"standard","meta":{"footnotes":""},"categories":[386],"tags":[737,269,126,957,472,246,239,371,958,943],"class_list":["post-3649","post","type-post","status-publish","format-standard","hentry","category-echos-du-conseil-dadministration","tag-activites-sociales","tag-ateliers","tag-benevoles","tag-brochure","tag-budget","tag-chip","tag-commentaires","tag-decouverte","tag-journee-portes-ouvertes","tag-messages-hebdomadaires"],"_links":{"self":[{"href":"https:\/\/cimbcc.org\/test2\/wp-json\/wp\/v2\/posts\/3649","targetHints":{"allow":["GET"]}}],"collection":[{"href":"https:\/\/cimbcc.org\/test2\/wp-json\/wp\/v2\/posts"}],"about":[{"href":"https:\/\/cimbcc.org\/test2\/wp-json\/wp\/v2\/types\/post"}],"author":[{"embeddable":true,"href":"https:\/\/cimbcc.org\/test2\/wp-json\/wp\/v2\/users\/43"}],"replies":[{"embeddable":true,"href":"https:\/\/cimbcc.org\/test2\/wp-json\/wp\/v2\/comments?post=3649"}],"version-history":[{"count":40,"href":"https:\/\/cimbcc.org\/test2\/wp-json\/wp\/v2\/posts\/3649\/revisions"}],"predecessor-version":[{"id":25798,"href":"https:\/\/cimbcc.org\/test2\/wp-json\/wp\/v2\/posts\/3649\/revisions\/25798"}],"wp:attachment":[{"href":"https:\/\/cimbcc.org\/test2\/wp-json\/wp\/v2\/media?parent=3649"}],"wp:term":[{"taxonomy":"category","embeddable":true,"href":"https:\/\/cimbcc.org\/test2\/wp-json\/wp\/v2\/categories?post=3649"},{"taxonomy":"post_tag","embeddable":true,"href":"https:\/\/cimbcc.org\/test2\/wp-json\/wp\/v2\/tags?post=3649"}],"curies":[{"name":"wp","href":"https:\/\/api.w.org\/{rel}","templated":true}]}}