{"id":36707,"date":"2021-09-13T21:00:25","date_gmt":"2021-09-14T01:00:25","guid":{"rendered":"https:\/\/cimbcc.org\/test2\/?p=36707"},"modified":"2023-10-16T22:11:42","modified_gmt":"2023-10-17T02:11:42","slug":"lancement-officiel-de-windows-11-et-arrivee-de-nouvelles-lunettes-ray-ban-connectees-a-facebook","status":"publish","type":"post","link":"https:\/\/cimbcc.org\/test2\/lancement-officiel-de-windows-11-et-arrivee-de-nouvelles-lunettes-ray-ban-connectees-a-facebook\/","title":{"rendered":"Lancement officiel de Windows 11 et arriv\u00e9e de nouvelles lunettes Ray-Ban connect\u00e9es \u00e0 Facebook"},"content":{"rendered":"<figure id=\"attachment_24081\" aria-describedby=\"caption-attachment-24081\" style=\"width: 125px\" class=\"wp-caption aligncenter\"><img loading=\"lazy\" decoding=\"async\" class=\"size-full wp-image-24081\" src=\"https:\/\/cimbcc.org\/test2\/wp-content\/uploads\/photo_charron_denis.jpg\" alt=\"\" width=\"125\" height=\"125\" \/><figcaption id=\"caption-attachment-24081\" class=\"wp-caption-text\"><span style=\"color: #ffffff;\">mmm<\/span>Denis Charron<\/figcaption><\/figure>\n<p style=\"text-align: justify;\">Il sera question aujourd&rsquo;hui du lancement officiel prochain de Windows 11 et de la mise en march\u00e9 de lunettes de soleil Ray-Ban branch\u00e9es directement sur Facebook.<\/p>\n<p><!--more--><\/p>\n<hr \/>\n<h4><strong>D\u00e9voilement officiel de Windows 11<\/strong><\/h4>\n<p style=\"text-align: justify;\"><a href=\"https:\/\/fr.wikipedia.org\/wiki\/Microsoft\" target=\"_blank\" rel=\"noopener\">Microsoft<\/a> a finalement annonc\u00e9 la date du lancement de <a href=\"https:\/\/fr.wikipedia.org\/wiki\/Windows_11\" target=\"_blank\" rel=\"noopener\">Windows\u00a011<\/a> et ce sera le 5 octobre 2021. Il s&rsquo;agira d&rsquo;une mise \u00e0 jour gratuite qui se fera graduellement jusqu&rsquo;au milieu de 2022, comme l&rsquo;explique <a href=\"https:\/\/actu.pcastuces.com\/afficheactu.asp?Id=37724\" target=\"_blank\" rel=\"noopener\">cet article<\/a> de <em>PC Astuces<\/em>.<\/p>\n<p style=\"text-align: justify;\">D&rsquo;autre part, les mises \u00e0 jour de s\u00e9curit\u00e9 pour <a href=\"https:\/\/fr.wikipedia.org\/wiki\/Windows_10\" target=\"_blank\" rel=\"noopener\">Windows 10<\/a> seront assur\u00e9es jusqu&rsquo;au 14 octobre 2025.<\/p>\n<hr \/>\n<h4><strong>De <\/strong><strong>nouvelles <\/strong><strong>lunettes connect\u00e9es<\/strong><\/h4>\n<p style=\"text-align: justify;\"><a href=\"https:\/\/fr.wikipedia.org\/wiki\/Ray-Ban\" target=\"_blank\" rel=\"noopener\">Ray-Ban<\/a> et <a href=\"https:\/\/fr.wikipedia.org\/wiki\/Facebook\" target=\"_blank\" rel=\"noopener\">Facebook<\/a> lancent des lunettes de soleil qui permet de prendre des photos, des vid\u00e9os et de contr\u00f4ler ses appels t\u00e9l\u00e9phoniques sans toucher \u00e0 son t\u00e9l\u00e9phone. Le prix annonc\u00e9 est de 300\u00a0$US. Comme l&rsquo;explique <a href=\"https:\/\/www.lapresse.ca\/affaires\/techno\/2021-09-09\/facebook-et-ray-ban-lancent-des-lunettes-de-soleil-connectees.php\" target=\"_blank\" rel=\"noopener\">cet article<\/a> de <em>La Presse<\/em>, il ne s&rsquo;agira toutefois <strong><span style=\"text-decoration: underline;\">pas<\/span><\/strong> de <a href=\"https:\/\/fr.wikipedia.org\/wiki\/R%C3%A9alit%C3%A9_augment%C3%A9e\" target=\"_blank\" rel=\"noopener\">r\u00e9alit\u00e9 augment\u00e9e<\/a>.<\/p>\n<p>Denis Charron<\/p>\n<hr \/>\n<h4>Note de l&rsquo;\u00e9diteur<\/h4>\n<p style=\"text-align: justify;\">Il sera question de la mise \u00e0 jour de Windows 10 vers Windows 11 lors des pr\u00e9sentations de votre Club informatique au cours des prochaines semaines. Comme vous l&rsquo;avez peut-\u00eatre entendu, ce ne seront pas tous les ordinateurs qui pourront faire cette transition. Toutefois, ne vous laissez pas entra\u00eener dans des achats inutiles en \u00e9coutant attentivement les conseils de nos pr\u00e9sentateurs.<\/p>\n<p style=\"text-align: justify;\">N\u2019h\u00e9sitez pas \u00e0\u00a0<a href=\"https:\/\/cimbcc.org\/test2\/linscription\" target=\"_blank\" rel=\"noopener\">devenir membre du CIMBCC<\/a>\u00a0ou \u00e0\u00a0<a href=\"https:\/\/cimbcc.org\/test2\/renouvellement\" target=\"_blank\" rel=\"noopener\">renouveler votre adh\u00e9sion<\/a> \u00e0 votre Club pour conna\u00eetre les plus r\u00e9cents d\u00e9veloppements au sujet de Windows 11 et d&rsquo;autres sujets en lien avec l&rsquo;informatique.<\/p>\n","protected":false},"excerpt":{"rendered":"<p>Il sera question aujourd&rsquo;hui du lancement officiel prochain de Windows 11 et de la mise en march\u00e9 de lunettes de soleil Ray-Ban branch\u00e9es directement sur Facebook.<\/p>\n","protected":false},"author":43,"featured_media":0,"comment_status":"open","ping_status":"closed","sticky":false,"template":"","format":"standard","meta":{"footnotes":""},"categories":[403],"tags":[20,1235,1517,88,1499],"class_list":["post-36707","post","type-post","status-publish","format-standard","hentry","category-applications","tag-facebook","tag-lunettes","tag-ray-ban","tag-windows-10","tag-windows-11"],"_links":{"self":[{"href":"https:\/\/cimbcc.org\/test2\/wp-json\/wp\/v2\/posts\/36707","targetHints":{"allow":["GET"]}}],"collection":[{"href":"https:\/\/cimbcc.org\/test2\/wp-json\/wp\/v2\/posts"}],"about":[{"href":"https:\/\/cimbcc.org\/test2\/wp-json\/wp\/v2\/types\/post"}],"author":[{"embeddable":true,"href":"https:\/\/cimbcc.org\/test2\/wp-json\/wp\/v2\/users\/43"}],"replies":[{"embeddable":true,"href":"https:\/\/cimbcc.org\/test2\/wp-json\/wp\/v2\/comments?post=36707"}],"version-history":[{"count":14,"href":"https:\/\/cimbcc.org\/test2\/wp-json\/wp\/v2\/posts\/36707\/revisions"}],"predecessor-version":[{"id":36734,"href":"https:\/\/cimbcc.org\/test2\/wp-json\/wp\/v2\/posts\/36707\/revisions\/36734"}],"wp:attachment":[{"href":"https:\/\/cimbcc.org\/test2\/wp-json\/wp\/v2\/media?parent=36707"}],"wp:term":[{"taxonomy":"category","embeddable":true,"href":"https:\/\/cimbcc.org\/test2\/wp-json\/wp\/v2\/categories?post=36707"},{"taxonomy":"post_tag","embeddable":true,"href":"https:\/\/cimbcc.org\/test2\/wp-json\/wp\/v2\/tags?post=36707"}],"curies":[{"name":"wp","href":"https:\/\/api.w.org\/{rel}","templated":true}]}}