{"id":36785,"date":"2021-09-20T11:00:18","date_gmt":"2021-09-20T15:00:18","guid":{"rendered":"https:\/\/cimbcc.org\/test2\/?p=36785"},"modified":"2023-10-16T22:11:42","modified_gmt":"2023-10-17T02:11:42","slug":"les-appareils-apple-passent-a-ios-14-8-les-iphone-naiment-pas-la-moto-et-limpact-du-numerique-sur-lenvironnement","status":"publish","type":"post","link":"https:\/\/cimbcc.org\/test2\/les-appareils-apple-passent-a-ios-14-8-les-iphone-naiment-pas-la-moto-et-limpact-du-numerique-sur-lenvironnement\/","title":{"rendered":"Les appareils Apple passent \u00e0 iOS 15, les iPhone n&rsquo;aiment pas la moto et l&rsquo;impact du num\u00e9rique sur l&rsquo;environnement"},"content":{"rendered":"<figure id=\"attachment_24081\" aria-describedby=\"caption-attachment-24081\" style=\"width: 125px\" class=\"wp-caption aligncenter\"><img loading=\"lazy\" decoding=\"async\" class=\"size-full wp-image-24081\" src=\"https:\/\/cimbcc.org\/test2\/wp-content\/uploads\/photo_charron_denis.jpg\" alt=\"\" width=\"125\" height=\"125\" \/><figcaption id=\"caption-attachment-24081\" class=\"wp-caption-text\"><span style=\"color: #ffffff;\">mmm<\/span>Denis Charron<\/figcaption><\/figure>\n<p>Les sujets suivants seront examin\u00e9s dans cet article :<\/p>\n<ul>\n<li style=\"text-align: justify;\">mise \u00e0 jour iOS 14.8 avant l&rsquo;arriv\u00e9e de iOS 15 pour les appareils Apple;<\/li>\n<li style=\"text-align: justify;\">les iPhone n&rsquo;aiment pas les voyages en moto;<\/li>\n<li style=\"text-align: justify;\">l&rsquo;impact du num\u00e9rique sur l&rsquo;environnement.<\/li>\n<\/ul>\n<p><!--more--><\/p>\n<hr \/>\n<h4 style=\"text-align: justify;\"><strong>Mise \u00e0 jour iOS 14.8 avant l&rsquo;arriv\u00e9e de iOS 15 pour les appareils Apple<\/strong><\/h4>\n<h5><em>Attaques z\u00e9ro-clic bloqu\u00e9es par iOS 14.8\u00a0<\/em><\/h5>\n<p style=\"text-align: justify;\">Derni\u00e8rement, on apprenait qu&rsquo;une faille de s\u00e9curit\u00e9 avait permis une attaque z\u00e9ro-clic sur les iPhone et les iPad. Mais qu&rsquo;est-ce qu&rsquo;une attaque z\u00e9ro-clic?<\/p>\n<p style=\"text-align: justify;\">Comme expliqu\u00e9 dans <a href=\"https:\/\/www.lapresse.ca\/affaires\/techno\/2021-09-15\/failles-de-securite-chez-apple\/comment-fonctionne-une-attaque-zero-clic.php\" target=\"_blank\" rel=\"noopener\">cet article<\/a> paru le 15 septembre 2021 dans <em>La Presse<\/em>\u00a0:<\/p>\n<p style=\"padding-left: 40px; text-align: justify;\"><em>\u00ab Lors d\u2019une attaque z\u00e9ro-clic, le logiciel se faufile dans l\u2019appareil <strong>sans que la personne vis\u00e9e n\u2019ait \u00e0 cliquer sur un quelconque lien.<\/strong>\u00a0\u00a0<\/em><\/p>\n<p style=\"padding-left: 40px; text-align: justify;\"><em>Les attaques z\u00e9ro-clic exploitaient une faille dans le service de messagerie Apple <a href=\"https:\/\/fr.wikipedia.org\/wiki\/IMessage\" target=\"_blank\" rel=\"noopener\">iMessage<\/a> afin d\u2019installer discr\u00e8tement <a href=\"https:\/\/fr.wikipedia.org\/wiki\/Pegasus_(logiciel_espion)\" target=\"_blank\" rel=\"noopener\">Pegasus<\/a>, un logiciel invasif capable de transformer un t\u00e9l\u00e9phone en un mini mouchard.<\/em><\/p>\n<p style=\"padding-left: 40px; text-align: justify;\"><em>En juillet, certains gouvernements ont \u00e9t\u00e9 accus\u00e9s d\u2019avoir utilis\u00e9 le logiciel pour espionner des d\u00e9fenseurs des droits de l\u2019homme, des hommes d\u2019affaires et des responsables politiques, d\u00e9clenchant un scandale plan\u00e9taire. \u00bb<\/em><\/p>\n<p style=\"text-align: justify;\">La mise \u00e0 jour <a href=\"https:\/\/en.wikipedia.org\/wiki\/IOS_14\" target=\"_blank\" rel=\"noopener\">iOS 14.8<\/a> a permis de colmater cette br\u00e8che. Si votre appareil Apple n&rsquo;est pas r\u00e9cent, il se peut qu&rsquo;il soit impossible d&rsquo;installer cette version du syst\u00e8me d&rsquo;exploitation. Votre risque d&rsquo;\u00eatre espionn\u00e9 par le logiciel <a href=\"https:\/\/fr.wikipedia.org\/wiki\/Pegasus_(logiciel_espion)\" target=\"_blank\" rel=\"noopener\">Pegasus<\/a> est toutefois probablement infime.<\/p>\n<p style=\"text-align: justify;\">La liste des appareils compatibles \u00e0 iOS 14.8 est la m\u00eame que celle pour iOS 15 mentionn\u00e9e au paragraphe suivant.<\/p>\n<h5><em>Arriv\u00e9e de iOS 15 le 20 septembre 2021<\/em><\/h5>\n<p style=\"text-align: justify;\">Les nouvelles versions <a href=\"https:\/\/www.apple.com\/ca\/fr\/ios\/ios-15\/\" target=\"_blank\" rel=\"noopener\">iOS 15<\/a> et <a href=\"https:\/\/www.apple.com\/ca\/fr\/ipados\/ipados-15\/\" target=\"_blank\" rel=\"noopener\">iPadOS 15<\/a> du syst\u00e8me d&rsquo;exploitation pour iPhone et iPad sont offertes au grand public \u00e0 partir du 20 septembre 2021. Vous pouvez consulter la liste des mod\u00e8les compatibles <a href=\"https:\/\/www.commentcamarche.net\/mobile\/ios\/1555-ios-15-date-de-sortie-nouveautes-compatibilite\/#:~:text=Voici%2C%20donc%2C%20tous%20les%20mod%C3%A8les,et%20iPhone%2012%20Pro%20Max&amp;text=iPhone%20X%2C%20iPhone%20XR%2C%20iPhone%20XS%20et%20iPhone%20XS%20Max\" target=\"_blank\" rel=\"noopener\">en cliquant ici<\/a>.<\/p>\n<hr \/>\n<h4><strong>Les iPhone n&rsquo;aiment pas les voyages en moto<\/strong><\/h4>\n<p style=\"text-align: justify;\">Il semblerait qu&rsquo;utiliser un iPhone comme GPS en l&rsquo;installant sur un support fix\u00e9 de fa\u00e7on rigide sur le cadre d&rsquo;une motocyclette ab\u00eemerait le module photo. Les nombreuses vibrations ressenties par le t\u00e9l\u00e9phone endommageraient le stabilisateur optique de l&rsquo;appareil photo.<\/p>\n<p style=\"text-align: justify;\">Cela vaudrait aussi pour tous les t\u00e9l\u00e9phones intelligents dot\u00e9s d&rsquo;un stabilisateur de prise de vue, comme l&rsquo;explique <a href=\"https:\/\/www.futura-sciences.com\/tech\/actualites\/apple-iphone-naime-pas-voyages-moto-93505\/?utm_source=actu_quo&amp;mgo_eu=&amp;utm_medium=fs&amp;utm_campaign=emailing&amp;mgo_r=jl_m_bdIROy0z7yyKhmk-Q_18\" target=\"_blank\" rel=\"noopener\">cet article<\/a> du site Web de <em>Futura-Sciences<\/em>.<\/p>\n<hr \/>\n<h4 style=\"text-align: justify;\"><strong>L&rsquo;impact du num\u00e9rique sur l&rsquo;environnement<\/strong><\/h4>\n<p style=\"text-align: justify;\">Le fait de passer en num\u00e9rique est souvent mentionn\u00e9 comme \u00e9tant bon pour l&rsquo;environnement. Par exemple, les documents envoy\u00e9s num\u00e9riquement ou disponibles par l&rsquo;entremise d&rsquo;Internet diminuent l&#8217;emploi du papier et l&rsquo;utilisation du service postal.<\/p>\n<p style=\"text-align: justify;\">Mais le secteur num\u00e9rique est loin d&rsquo;\u00eatre totalement bon pour l&rsquo;environnement, comme l&rsquo;explique <a href=\"https:\/\/www.futura-sciences.com\/planete\/actualites\/environnement-secteur-numerique-genere-plus-gaz-effet-serre-aviation-23251\/?utm_source=alerte&amp;utm_medium=fs&amp;utm_campaign=emailing&amp;utm_content=2021-09-15-#xtor=EPR-57-[ALERTE]-20210915\" target=\"_blank\" rel=\"noopener\">ce premier article<\/a> du site Web de <em>Futura-Sciences<\/em> au sujet des gaz \u00e0 effet de serre.<\/p>\n<p style=\"text-align: justify;\">Dans la vid\u00e9o ins\u00e9r\u00e9e dans <a href=\"https:\/\/www.futura-sciences.com\/tech\/actualites\/google-internet-haut-debit-laser-cest-possible-93630\/?utm_source=actu_quo&amp;mgo_eu=&amp;utm_medium=fs&amp;utm_campaign=emailing&amp;mgo_r=oJfqHNq6Sd2wEmw6o60Z4w_9\" target=\"_blank\" rel=\"noopener\">ce second article<\/a> provenant du m\u00eame site Web,\u00a0 il est mentionn\u00e9 qu&rsquo;un simple courriel peut parcourir en moyenne 15 000 km pour arriver \u00e0 destination, cette derni\u00e8re \u00e9tant quelquefois dans la m\u00eame maison.<\/p>\n<p>Denis Charron<\/p>\n<hr \/>\n<h4>Note de l&rsquo;\u00e9diteur<\/h4>\n<p style=\"text-align: justify;\">En lien avec l&rsquo;environnement, C\u00e9line Dion a publi\u00e9 le 13 mars 2020 un article intitul\u00e9 <em><a href=\"https:\/\/cimbcc.org\/test2\/comment-diminuer-notre-empreinte-ecologique-numerique\" target=\"_blank\" rel=\"noopener\">Comment diminuer notre empreinte \u00e9cologique num\u00e9rique<\/a>. <\/em>Elle a aussi publi\u00e9 le 7 janvier 2016 <em><a href=\"https:\/\/cimbcc.org\/test2\/lempreinte-carbonique-du-web\" target=\"_blank\" rel=\"noopener\">L&#8217;empreinte carbonique du Web<\/a>.<\/em><\/p>\n","protected":false},"excerpt":{"rendered":"<p>Les sujets suivants seront examin\u00e9s dans cet article : mise \u00e0 jour iOS 14.8 avant l&rsquo;arriv\u00e9e de iOS 15 pour les appareils Apple; les iPhone n&rsquo;aiment pas les voyages en moto; l&rsquo;impact du num\u00e9rique sur l&rsquo;environnement.<\/p>\n","protected":false},"author":43,"featured_media":0,"comment_status":"open","ping_status":"closed","sticky":false,"template":"","format":"standard","meta":{"footnotes":""},"categories":[403],"tags":[413,1518,1525,55,216,1521,1520,583,1519,104,1522],"class_list":["post-36785","post","type-post","status-publish","format-standard","hentry","category-applications","tag-environnement","tag-ios-14-8","tag-ios-15","tag-ipad","tag-iphone","tag-moto","tag-motocyclette","tag-numerique","tag-pegasus","tag-telephone-intelligent","tag-vibration"],"_links":{"self":[{"href":"https:\/\/cimbcc.org\/test2\/wp-json\/wp\/v2\/posts\/36785","targetHints":{"allow":["GET"]}}],"collection":[{"href":"https:\/\/cimbcc.org\/test2\/wp-json\/wp\/v2\/posts"}],"about":[{"href":"https:\/\/cimbcc.org\/test2\/wp-json\/wp\/v2\/types\/post"}],"author":[{"embeddable":true,"href":"https:\/\/cimbcc.org\/test2\/wp-json\/wp\/v2\/users\/43"}],"replies":[{"embeddable":true,"href":"https:\/\/cimbcc.org\/test2\/wp-json\/wp\/v2\/comments?post=36785"}],"version-history":[{"count":19,"href":"https:\/\/cimbcc.org\/test2\/wp-json\/wp\/v2\/posts\/36785\/revisions"}],"predecessor-version":[{"id":36846,"href":"https:\/\/cimbcc.org\/test2\/wp-json\/wp\/v2\/posts\/36785\/revisions\/36846"}],"wp:attachment":[{"href":"https:\/\/cimbcc.org\/test2\/wp-json\/wp\/v2\/media?parent=36785"}],"wp:term":[{"taxonomy":"category","embeddable":true,"href":"https:\/\/cimbcc.org\/test2\/wp-json\/wp\/v2\/categories?post=36785"},{"taxonomy":"post_tag","embeddable":true,"href":"https:\/\/cimbcc.org\/test2\/wp-json\/wp\/v2\/tags?post=36785"}],"curies":[{"name":"wp","href":"https:\/\/api.w.org\/{rel}","templated":true}]}}