{"id":36934,"date":"2021-09-30T21:00:51","date_gmt":"2021-10-01T01:00:51","guid":{"rendered":"https:\/\/cimbcc.org\/test2\/?p=36934"},"modified":"2023-10-16T22:11:42","modified_gmt":"2023-10-17T02:11:42","slug":"mot-du-president-octobre-2021","status":"publish","type":"post","link":"https:\/\/cimbcc.org\/test2\/mot-du-president-octobre-2021\/","title":{"rendered":"Mot du pr\u00e9sident &#8211; octobre 2021"},"content":{"rendered":"<figure id=\"attachment_35278\" aria-describedby=\"caption-attachment-35278\" style=\"width: 125px\" class=\"wp-caption aligncenter\"><img loading=\"lazy\" decoding=\"async\" class=\"size-full wp-image-35278\" src=\"https:\/\/cimbcc.org\/test2\/wp-content\/uploads\/photo_cote_rejean.jpg\" alt=\"\" width=\"125\" height=\"125\" \/><figcaption id=\"caption-attachment-35278\" class=\"wp-caption-text\"><span style=\"color: #ffffff;\">mnmm<\/span>R\u00e9jean C\u00f4t\u00e9<\/figcaption><\/figure>\n<p style=\"text-align: justify;\">Deux sujets importants seront abord\u00e9s dans ce mot du pr\u00e9sident d&rsquo;octobre\u00a0 2021 :<\/p>\n<ul>\n<li style=\"text-align: justify;\">l&rsquo;arriv\u00e9e de Windows 11 et son impact sur votre ordinateur;<\/li>\n<li style=\"text-align: justify;\">la d\u00e9mocratie au CIMBCC avec votre participation \u00e0 l&rsquo;assembl\u00e9e g\u00e9n\u00e9rale annuelle du 20 octobre 2021.<\/li>\n<\/ul>\n<p><!--more--><\/p>\n<hr \/>\n<h4><strong>Windows 11<\/strong><\/h4>\n<p style=\"text-align: justify;\"><strong>Windows\u00a011<\/strong> sera lanc\u00e9 le <strong>5\u00a0octobre 2021.<\/strong> La mise \u00e0 jour de <a href=\"https:\/\/fr.wikipedia.org\/wiki\/Windows_10\" target=\"_blank\" rel=\"noopener\"><strong>Windows\u00a010<\/strong><\/a> vers <a href=\"https:\/\/fr.wikipedia.org\/wiki\/Windows_11\" target=\"_blank\" rel=\"noopener\"><strong>Windows\u00a011<\/strong><\/a> sera gratuite pour les ordinateurs qui ont la <a href=\"https:\/\/www.microsoft.com\/fr-fr\/windows\/windows-11-specifications\" target=\"_blank\" rel=\"noopener\"><strong>configuration minimale requise<\/strong><\/a> et un syst\u00e8me d\u2019exploitation de <a href=\"https:\/\/fr.wikipedia.org\/wiki\/Processeur_64_bits\" target=\"_blank\" rel=\"noopener\"><strong>64\u00a0bits<\/strong><\/a>.<\/p>\n<h5 style=\"text-align: justify;\"><em>Configuration minimale requise<\/em><\/h5>\n<ul>\n<li style=\"text-align: justify;\"><strong><a href=\"https:\/\/fr.wikipedia.org\/wiki\/Syst%C3%A8me_d%27exploitation\" target=\"_blank\" rel=\"noopener\">Syst\u00e8me d\u2019exploitation<\/a> :<\/strong> <a href=\"https:\/\/fr.wikipedia.org\/wiki\/Historique_des_versions_de_Windows_10\" target=\"_blank\" rel=\"noopener\">version\u00a02004 ou ult\u00e9rieure<\/a> de <strong>Windows\u00a010<\/strong><\/li>\n<li style=\"text-align: justify;\"><a href=\"https:\/\/fr.wikipedia.org\/wiki\/Processeur\" target=\"_blank\" rel=\"noopener\"><strong>Processeur <\/strong><\/a><strong>: <\/strong>1\u00a0GHz avec <a href=\"https:\/\/fr.wikipedia.org\/wiki\/Microprocesseur_multi-c%C5%93ur\" target=\"_blank\" rel=\"noopener\">2\u00a0c\u0153urs<\/a> de <a href=\"https:\/\/fr.wikipedia.org\/wiki\/Processeur_64_bits\" target=\"_blank\" rel=\"noopener\">64\u00a0bits<\/a> des trois derni\u00e8res g\u00e9n\u00e9rations<\/li>\n<li style=\"text-align: justify;\"><strong><a href=\"https:\/\/fr.wikipedia.org\/wiki\/M%C3%A9moire_vive\" target=\"_blank\" rel=\"noopener\">M\u00e9moire vive<\/a>\u00a0: <\/strong>4\u00a0<a href=\"https:\/\/fr.wikipedia.org\/wiki\/Octet\" target=\"_blank\" rel=\"noopener\">Go<\/a><\/li>\n<li style=\"text-align: justify;\"><strong><a href=\"https:\/\/fr.wikipedia.org\/wiki\/Trusted_Platform_Module\" target=\"_blank\" rel=\"noopener\">TPM<\/a> : <\/strong>module de plateforme s\u00e9curis\u00e9e <a href=\"https:\/\/www.malekal.com\/tpm-1-2-vs-tpm-2-0-les-differences\/\" target=\"_blank\" rel=\"noopener\">version\u00a02.0<\/a><\/li>\n<li style=\"text-align: justify;\"><strong><a href=\"https:\/\/fr.wikipedia.org\/wiki\/Carte_graphique\" target=\"_blank\" rel=\"noopener\">Carte graphique<\/a>\u00a0: <\/strong>compatible avec <a href=\"https:\/\/fr.wikipedia.org\/wiki\/DirectX\" target=\"_blank\" rel=\"noopener\">DirectX<\/a> 12 et pilote <a href=\"https:\/\/fr.wikipedia.org\/wiki\/WDDM\" target=\"_blank\" rel=\"noopener\">WDDM<\/a> 2.0<\/li>\n<li style=\"text-align: justify;\"><strong><a href=\"https:\/\/fr.wikipedia.org\/wiki\/%C3%89cran_d%27ordinateur\" target=\"_blank\" rel=\"noopener\">Affichage<\/a>\u00a0: <\/strong>haute d\u00e9finition <a href=\"https:\/\/fr.wikipedia.org\/wiki\/720p\" target=\"_blank\" rel=\"noopener\">720p<\/a>, d\u2019une diagonale sup\u00e9rieure \u00e0 9\u00a0pouces (22,9 cm)<\/li>\n<\/ul>\n<p style=\"text-align: justify;\"><strong><a href=\"https:\/\/www.microsoft.com\/fr-ca\/windows\/windows-11\" target=\"_blank\" rel=\"noopener\">Windows 11<\/a>\u00a0Famille<\/strong> n\u00e9cessitera une connexion Internet et un <a href=\"https:\/\/fr.wikipedia.org\/wiki\/Compte_Microsoft\" target=\"_blank\" rel=\"noopener\">compte <strong>Microsoft<\/strong><\/a> (<a href=\"https:\/\/fr.wikipedia.org\/wiki\/Outlook.com\" target=\"_blank\" rel=\"noopener\"><strong>Outlook<\/strong><\/a> ou <a href=\"https:\/\/fr.wikipedia.org\/wiki\/Outlook.com\" target=\"_blank\" rel=\"noopener\"><strong>Hotmail<\/strong><\/a>) pour compl\u00e9ter la configuration de l\u2019ordinateur.<\/p>\n<h5 style=\"text-align: justify;\"><em>Outil de compatibilit\u00e9 pour Windows 11<\/em><\/h5>\n<p style=\"text-align: justify;\">Pour v\u00e9rifier si votre ordinateur est compatible avec <strong>Windows\u00a011<\/strong>, vous pouvez t\u00e9l\u00e9charger l\u2019outil de compatibilit\u00e9 <a href=\"https:\/\/www.cnetfrance.fr\/telecharger\/pc-health-check-outil-de-compatibilite-windows-11-40368021s.htm\" target=\"_blank\" rel=\"noopener\">en cliquant ici<\/a>.<\/p>\n<p style=\"text-align: justify;\">Apr\u00e8s avoir fait le test, vous verrez appara\u00eetre l\u2019une de ces deux images\u00a0:<\/p>\n<figure id=\"attachment_36936\" aria-describedby=\"caption-attachment-36936\" style=\"width: 277px\" class=\"wp-caption aligncenter\"><img loading=\"lazy\" decoding=\"async\" class=\"size-full wp-image-36936\" src=\"https:\/\/cimbcc.org\/test2\/wp-content\/uploads\/chip_2021_10_president_1.jpg\" alt=\"\" width=\"277\" height=\"220\" \/><figcaption id=\"caption-attachment-36936\" class=\"wp-caption-text\">Passage possible \u00e0 Windows 11<\/figcaption><\/figure>\n<p>&nbsp;<\/p>\n<figure id=\"attachment_36937\" aria-describedby=\"caption-attachment-36937\" style=\"width: 278px\" class=\"wp-caption aligncenter\"><img loading=\"lazy\" decoding=\"async\" class=\"size-full wp-image-36937\" src=\"https:\/\/cimbcc.org\/test2\/wp-content\/uploads\/chip_2021_10_president_2.jpg\" alt=\"\" width=\"278\" height=\"195\" \/><figcaption id=\"caption-attachment-36937\" class=\"wp-caption-text\">Probl\u00e8mes d\u00e9tect\u00e9s par l&rsquo;outil de compatibilit\u00e9 de Windows 11<\/figcaption><\/figure>\n<p style=\"text-align: justify;\">Malheureusement, seuls les ordinateurs r\u00e9cents, \u00e2g\u00e9s d\u2019un \u00e0 deux ans, pourront t\u00e9l\u00e9charger la mise \u00e0 jour de <strong>Windows\u00a011<\/strong>. Les autres pourront continuer \u00e0 fonctionner avec<strong> Windows\u00a010<\/strong>, car <strong>Microsoft<\/strong> continuera \u00e0 faire la mise \u00e0 jour de ce syst\u00e8me jusqu\u2019au <strong>14\u00a0octobre 2025<\/strong>.<\/p>\n<p style=\"text-align: justify;\">Si votre ordinateur n\u2019est pas compatible et que vous d\u00e9sirez vraiment avoir <strong>Windows\u00a011<\/strong>, il faudra que vous achetiez un nouvel ordinateur.<\/p>\n<p style=\"text-align: justify;\"><a href=\"https:\/\/www.youtube.com\/watch?v=M1sZj-jLEaQ\" target=\"_blank\" rel=\"noopener\">Cliquez ici<\/a> pour visionner une vid\u00e9o qui pr\u00e9sente<strong> les nouveaut\u00e9s de Windows\u00a011<\/strong>.<\/p>\n<hr \/>\n<h4 style=\"text-align: justify;\"><strong>La d\u00e9mocratie au CIMBCC<\/strong><\/h4>\n<p style=\"text-align: justify;\">La loi oblige le Club \u00e0 tenir au moins une assembl\u00e9e g\u00e9n\u00e9rale par ann\u00e9e et tous les membres y sont convoqu\u00e9s. C\u2019est aussi \u00e0 cette assembl\u00e9e que<strong> les nouveaux membres du conseil d\u2019administration <\/strong>sont \u00e9lus.<\/p>\n<p style=\"text-align: justify;\">Le conseil d\u2019administration est compos\u00e9 d\u2019un maximum de 12\u00a0membres qui se r\u00e9unissent habituellement le premier mardi de chaque mois, sauf en juillet. Chaque administrateur exerce un mandat de deux ans. Afin d\u2019assurer la continuit\u00e9 dans la gestion du Club, six (6)\u00a0postes d\u2019administrateurs sont \u00e0 pourvoir chaque ann\u00e9e.<\/p>\n<p style=\"text-align: justify;\">Pour \u00eatre \u00e9ligible, il faut \u00eatre <strong>membre et<\/strong> <strong>b\u00e9n\u00e9vole<\/strong> du <strong>Club<\/strong> et avoir pos\u00e9 sa candidature dans les d\u00e9lais fix\u00e9s. Ensuite, il faut \u00eatre \u00e9lu par les membres pr\u00e9sents \u00e0 l\u2019assembl\u00e9e g\u00e9n\u00e9rale annuelle.<\/p>\n<p style=\"text-align: justify;\">Au moment o\u00f9 vous lisez ces lignes, vous avez d\u00e9j\u00e0 re\u00e7u la convocation \u00e0 l\u2019assembl\u00e9e g\u00e9n\u00e9rale du <strong>mercredi\u00a020\u00a0octobre <\/strong>et l\u2019invitation \u00e0 <strong>poser votre candidature comme administrateur du Club<\/strong>.<\/p>\n<p style=\"text-align: justify;\">Vos administrateurs ont besoin de sentir que les membres les appuient. Une bonne fa\u00e7on de leur manifester votre soutien, c\u2019est de <strong>participer \u00e0 l\u2019assembl\u00e9e g\u00e9n\u00e9rale<\/strong> qui durera environ une demi-heure.<\/p>\n<p style=\"text-align: justify;\">L\u2019assembl\u00e9e g\u00e9n\u00e9rale sera suivie par une pr\u00e9sentation de Denis Charron et Guy B\u00e9langer sur les <strong>commandes vocales <\/strong>que nous pouvons donner \u00e0 nos appareils mobiles.<\/p>\n<p style=\"text-align: justify;\">L\u2019ann\u00e9e derni\u00e8re, plus de 108\u00a0membres ont assist\u00e9 \u00e0 l\u2019assembl\u00e9e g\u00e9n\u00e9rale par vid\u00e9oconf\u00e9rence, j\u2019esp\u00e8re que cette ann\u00e9e vous serez au moins aussi nombreux. Assistez \u00e0 l\u2019assembl\u00e9e g\u00e9n\u00e9rale, vos administrateurs vous en seront reconnaissants. Vous servirez aussi la d\u00e9mocratie parce que le <strong>Club<\/strong>, c\u2019est votre affaire et ce sera une belle fa\u00e7on de vous en occuper.<\/p>\n<p>Au plaisir de vous y retrouver encore nombreux cette ann\u00e9e,<\/p>\n<p>R\u00e9jean\u00a0C\u00f4t\u00e9, pr\u00e9sident<\/p>\n","protected":false},"excerpt":{"rendered":"<p>Deux sujets importants seront abord\u00e9s dans ce mot du pr\u00e9sident d&rsquo;octobre\u00a0 2021 : l&rsquo;arriv\u00e9e de Windows 11 et son impact sur votre ordinateur; la d\u00e9mocratie au CIMBCC avec votre participation \u00e0 l&rsquo;assembl\u00e9e g\u00e9n\u00e9rale annuelle du 20 octobre 2021.<\/p>\n","protected":false},"author":43,"featured_media":0,"comment_status":"open","ping_status":"closed","sticky":false,"template":"","format":"standard","meta":{"footnotes":""},"categories":[11],"tags":[112,755,569,608,756,301,1499],"class_list":["post-36934","post","type-post","status-publish","format-standard","hentry","category-mots-du-president","tag-achat","tag-aga","tag-assemblee-generale-annuelle","tag-ca","tag-conseil-dadministration","tag-democratie","tag-windows-11"],"_links":{"self":[{"href":"https:\/\/cimbcc.org\/test2\/wp-json\/wp\/v2\/posts\/36934","targetHints":{"allow":["GET"]}}],"collection":[{"href":"https:\/\/cimbcc.org\/test2\/wp-json\/wp\/v2\/posts"}],"about":[{"href":"https:\/\/cimbcc.org\/test2\/wp-json\/wp\/v2\/types\/post"}],"author":[{"embeddable":true,"href":"https:\/\/cimbcc.org\/test2\/wp-json\/wp\/v2\/users\/43"}],"replies":[{"embeddable":true,"href":"https:\/\/cimbcc.org\/test2\/wp-json\/wp\/v2\/comments?post=36934"}],"version-history":[{"count":8,"href":"https:\/\/cimbcc.org\/test2\/wp-json\/wp\/v2\/posts\/36934\/revisions"}],"predecessor-version":[{"id":36969,"href":"https:\/\/cimbcc.org\/test2\/wp-json\/wp\/v2\/posts\/36934\/revisions\/36969"}],"wp:attachment":[{"href":"https:\/\/cimbcc.org\/test2\/wp-json\/wp\/v2\/media?parent=36934"}],"wp:term":[{"taxonomy":"category","embeddable":true,"href":"https:\/\/cimbcc.org\/test2\/wp-json\/wp\/v2\/categories?post=36934"},{"taxonomy":"post_tag","embeddable":true,"href":"https:\/\/cimbcc.org\/test2\/wp-json\/wp\/v2\/tags?post=36934"}],"curies":[{"name":"wp","href":"https:\/\/api.w.org\/{rel}","templated":true}]}}