{"id":37219,"date":"2021-10-20T19:00:06","date_gmt":"2021-10-20T23:00:06","guid":{"rendered":"https:\/\/cimbcc.org\/test2\/?p=37219"},"modified":"2023-10-16T22:11:41","modified_gmt":"2023-10-17T02:11:41","slug":"echos-du-conseil-dadministration-5-octobre-2021","status":"publish","type":"post","link":"https:\/\/cimbcc.org\/test2\/echos-du-conseil-dadministration-5-octobre-2021\/","title":{"rendered":"\u00c9chos du conseil d&rsquo;administration &#8211; 5 octobre 2021"},"content":{"rendered":"<figure id=\"attachment_36150\" aria-describedby=\"caption-attachment-36150\" style=\"width: 536px\" class=\"wp-caption aligncenter\"><img loading=\"lazy\" decoding=\"async\" class=\"size-full wp-image-36150\" src=\"https:\/\/cimbcc.org\/test2\/wp-content\/uploads\/photo_ca_2021_2022_aout_2021.jpg\" alt=\"CA 2021-2022\" width=\"536\" height=\"216\" srcset=\"https:\/\/cimbcc.org\/test2\/wp-content\/uploads\/photo_ca_2021_2022_aout_2021.jpg 536w, https:\/\/cimbcc.org\/test2\/wp-content\/uploads\/photo_ca_2021_2022_aout_2021-300x121.jpg 300w\" sizes=\"auto, (max-width: 536px) 100vw, 536px\" \/><figcaption id=\"caption-attachment-36150\" class=\"wp-caption-text\">Dans l\u2019ordre habituel : Danielle Barab\u00e9, Michel C\u00f4t\u00e9, R\u00e9jean C\u00f4t\u00e9, Berthe Demers, Michel Gagn\u00e9, Sylvain Garneau, Richard Gervais, Sylvie Mazur, Danielle Provost<\/figcaption><\/figure>\n<p style=\"text-align: justify;\">Le lancement des activit\u00e9s automnales du Club a \u00e9t\u00e9 au c\u0153ur des discussions de la r\u00e9union du conseil d\u2019administration du 5\u00a0octobre. Il y a \u00e9t\u00e9 question de la <em>Journ\u00e9e d\u2019information et d\u2019inscription<\/em> de septembre et du recrutement et de la r\u00e9tention des membres du Club. On y a aussi fait le bilan de l\u2019inscription aux ateliers de l\u2019automne.<\/p>\n<p style=\"text-align: justify;\">Les administrateurs ont pris connaissance du projet <em>Les a\u00een\u00e9s branch\u00e9s<\/em> et acquiesc\u00e9 au projet de partenariat pr\u00e9vu entre le Club et ce projet. Enfin, il a \u00e9t\u00e9 question de membres d\u00e9sempar\u00e9s.<strong>\u00a0<\/strong><\/p>\n<p style=\"text-align: justify;\"><!--more--><\/p>\n<hr \/>\n<h4 style=\"text-align: justify;\"><strong>La <em>Journ\u00e9e d\u2019information et d\u2019inscription<\/em>\u00a0<\/strong><\/h4>\n<p style=\"text-align: justify;\">La <em>Journ\u00e9e d\u2019information et d\u2019inscription<\/em> a eu lieu le 7\u00a0septembre. L\u2019objectif de cette <em>Journ\u00e9e<\/em> \u00e9tait d\u2019attirer des citoyens int\u00e9ress\u00e9s \u00e0 s\u2019informer sur les activit\u00e9s du Club et \u00e0 en devenir membres. Les membres \u00e9taient aussi invit\u00e9s \u00e0 venir renouveler leur adh\u00e9sion pour 2021-2022.<\/p>\n<p style=\"text-align: justify;\">Pr\u00e8s de 70\u00a0personnes se sont d\u00e9plac\u00e9es et se sont bien adapt\u00e9es aux mesures sanitaires exig\u00e9es par la situation. Vingt d\u2019entre elles se sont inscrites comme membres du Club pour une premi\u00e8re fois. D\u2019autres ont assist\u00e9 \u00e0 la pr\u00e9sentation faite en ligne pendant la soir\u00e9e.<\/p>\n<p style=\"text-align: justify;\">Le conseil d\u2019administration est satisfait du d\u00e9roulement de cette journ\u00e9e et il remercie tous les b\u00e9n\u00e9voles qui ont contribu\u00e9 \u00e0 en faire une r\u00e9ussite. Le nombre relativement restreint de visiteurs a permis de mettre \u00e0 l\u2019essai avec succ\u00e8s le nouveau syst\u00e8me d\u2019inscription et de renouvellement des membres. La recommandation de la coordonnatrice de l\u2019\u00e9v\u00e9nement, Nicole Comtois, est de r\u00e9p\u00e9ter l\u2019exp\u00e9rience l\u2019an prochain avec quelques modifications \u00e0 l\u2019organisation.<\/p>\n<hr \/>\n<h4><strong>Le recrutement et la r\u00e9tention des membres<\/strong><\/h4>\n<p style=\"text-align: justify;\">Au d\u00e9but d\u2019octobre, le nombre de membres inscrits pour 2021-2022 a d\u00e9pass\u00e9 les pr\u00e9visions avec 785 anciens et nouveaux. Ce nombre est sujet \u00e0 changement puisque la p\u00e9riode de renouvellement n\u2019\u00e9tait pas termin\u00e9e au moment d\u2019\u00e9crire ces lignes.<\/p>\n<p style=\"text-align: justify;\">L\u2019inscription de nouveaux membres continuera d\u2019\u00eatre possible tout au long de l\u2019ann\u00e9e gr\u00e2ce au <a href=\"https:\/\/cimbcc.org\/test2\/linscription\" target=\"_blank\" rel=\"noopener\">syst\u00e8me d\u2019inscription en ligne<\/a> accessible sur le site Web ou m\u00eame en t\u00e9l\u00e9phonant \u00e0 une b\u00e9n\u00e9vole <em>(toutes les informations n\u00e9cessaires sont disponibles <a href=\"https:\/\/cimbcc.org\/test2\/linscription\" target=\"_blank\" rel=\"noopener\">en cliquant <\/a><\/em><em>ici<\/em><em>)<\/em>. En g\u00e9n\u00e9ral, il semble que les personnes qui ont utilis\u00e9 le syst\u00e8me d\u2019inscription et de renouvellement en ligne n\u2019ont pas rencontr\u00e9 de difficult\u00e9. Les paiements en ligne semblent aussi se faire facilement.<\/p>\n<p style=\"text-align: justify;\">Pour faire conna\u00eetre le Club et encourager de nouveaux venus \u00e0 devenir membre, le conseil d\u2019administration a d\u00e9cid\u00e9 d\u2019inviter certains groupes \u00e0 assister \u00e0 l\u2019une ou l\u2019autre des s\u00e9ances qui se d\u00e9rouleront en ligne. Il incitera aussi les membres \u00e0 susciter l\u2019adh\u00e9sion de parents et d\u2019amis.<\/p>\n<hr \/>\n<h4><strong>Les ateliers de l\u2019automne\u00a02021<\/strong><\/h4>\n<p style=\"text-align: justify;\"><a href=\"https:\/\/cimbcc.org\/test2\/activites\/les-ateliers\" target=\"_blank\" rel=\"noopener\">L\u2019inscription aux ateliers<\/a> de l\u2019automne s\u2019est d\u00e9roul\u00e9e du 9 au 11\u00a0septembre.<\/p>\n<ul>\n<li style=\"text-align: justify;\">Les ateliers propos\u00e9s ont recueilli 181 inscriptions pour 150 membres; quelques membres se sont inscrits \u00e0 plus d\u2019un atelier.<\/li>\n<li style=\"text-align: justify;\">12 ateliers donneront lieu \u00e0 63\u00a0r\u00e9unions qui se tiendront en matin\u00e9e, en apr\u00e8s-midi ou en soir\u00e9e, du lundi au jeudi, surtout en octobre et en novembre.<\/li>\n<li style=\"text-align: justify;\">3 ateliers se d\u00e9rouleront en salle, les autres seront accessibles en ligne.<\/li>\n<li style=\"text-align: justify;\">15 groupes ont \u00e9t\u00e9 form\u00e9s, soit un groupe par atelier sauf pour ceux sur <em>iPad et iPhone<\/em> o\u00f9 deux groupes ont \u00e9t\u00e9 form\u00e9s pour chacun des trois ateliers.<\/li>\n<\/ul>\n<p style=\"text-align: justify;\">Les ateliers sur les appareils mobiles (tablettes \u00e9lectroniques et t\u00e9l\u00e9phones intelligents, iOS et Android) sont tr\u00e8s populaires. Ils recueillent 62\u00a0% des inscriptions. Si d\u2019autres ateliers attirent moins d\u2019inscriptions, ils n\u2019en sont pas moins utiles et pertinents.<\/p>\n<p style=\"text-align: justify;\">Par contre, deux ateliers qui devaient se tenir en salle ont \u00e9t\u00e9 annul\u00e9s\u00a0:<\/p>\n<ul style=\"text-align: justify;\">\n<li>l\u2019atelier sur <em>Facebook,<\/em> parce qu\u2019il y a eu vraiment trop peu d\u2019inscriptions;<\/li>\n<li>l\u2019atelier <em>Aide aux exercices de la s\u00e9rie Facile,<\/em> parce qu\u2019il est impossible de respecter les exigences sanitaires actuelles \u00e9tant donn\u00e9 la proximit\u00e9 n\u00e9cessaire entre les participants et les collaborateurs.<\/li>\n<\/ul>\n<p style=\"text-align: justify;\">Les ateliers ont du succ\u00e8s parce qu\u2019ils r\u00e9pondent \u00e0 un besoin et il faut saluer le travail des animatrices et des animateurs qui ont accept\u00e9 soit de redonner un atelier, soit d\u2019offrir un nouvel atelier.<\/p>\n<hr \/>\n<h4><strong>Le projet <em>Les a\u00een\u00e9s branch\u00e9s<\/em><\/strong><\/h4>\n<p style=\"text-align: justify;\">Il s\u2019agit d\u2019un projet du Centre d\u2019action b\u00e9n\u00e9vole (CAB) de Saint-Bruno qui vise \u00e0 soutenir les a\u00een\u00e9s dans l\u2019utilisation de l\u2019informatique. R\u00e9jean C\u00f4t\u00e9 et Michel Gagn\u00e9 ont rencontr\u00e9 les responsables du projet \u00e0 leur demande. Apr\u00e8s un \u00e9change d\u2019information, ils ont propos\u00e9 un partenariat qui respecte l\u2019orientation principale du Club qui est le partage de connaissances et non la r\u00e9ponse \u00e0 un besoin individuel, ponctuel et limit\u00e9.<\/p>\n<ul>\n<li style=\"text-align: justify;\">Le CAB inscrira ses b\u00e9n\u00e9voles au Club afin de leur permettre d\u2019augmenter leurs connaissances. Ils pourront ainsi mieux soutenir leurs clients. Le CAB recommandera \u00e0 ses clients de s\u2019inscrire <a href=\"https:\/\/cimbcc.org\/test2\/activites\/familiarisation-a-linternet\" target=\"_blank\" rel=\"noopener\">aux cours d\u2019initiation<\/a> \u00e0 l\u2019informatique donn\u00e9s \u00e0 la biblioth\u00e8que, de suivre <a href=\"\/\/efaidnbmnnnibpcajpcglclefindmkaj\/viewer.html?pdfurl=https%3A%2F%2Fcimbcc.org%2Ftest2%2Fwp-content%2Fuploads%2Fcalendrier_serie_facile.pdf&amp;clen=394600&amp;chunk=true\" target=\"_blank\" rel=\"noopener\">la s\u00e9rie <em>Facile<\/em><\/a> et, au besoin, d\u2019acheter un ordinateur recycl\u00e9 \u00e0 <a href=\"https:\/\/cimbcc.org\/test2\/services\/le-soutien-a-la-recuperation-de-materiel-informatique\" target=\"_blank\" rel=\"noopener\">notre atelier<\/a>.<\/li>\n<li style=\"text-align: justify;\">Le Club dirigera vers <em>Les<\/em> a<em>\u00een\u00e9s branch\u00e9s<\/em> les personnes de Saint-Bruno qui s\u2019adresseront \u00e0 lui sans \u00eatre de sa client\u00e8le cible. Le Club demandera aussi aux b\u00e9n\u00e9voles des <em>A\u00een\u00e9s branch\u00e9s<\/em> de montrer \u00e0 certains membres tr\u00e8s d\u00e9butants comment installer Zoom et comment se connecter \u00e0 une s\u00e9ance en ligne.<\/li>\n<\/ul>\n<hr \/>\n<h4><strong>Membres d\u00e9sempar\u00e9s<\/strong><\/h4>\n<p style=\"text-align: justify;\">Certains membres du Club ont manifest\u00e9 des difficult\u00e9s \u00e0 recevoir des courriels et \u00e0 se connecter aux s\u00e9ances du mercredi et du vendredi. Comme l\u2019assistance avant les s\u00e9ances est devenue l\u2019<a href=\"\/\/efaidnbmnnnibpcajpcglclefindmkaj\/viewer.html?pdfurl=https%3A%2F%2Fcimbcc.org%2Ftest2%2Fwp-content%2Fuploads%2Fdivers_pdf_communique_assistance_avant_presentation.pdf&amp;clen=96104&amp;chunk=true\" target=\"_blank\" rel=\"noopener\">assistance \u00e0 distance<\/a>, le responsable de cette activit\u00e9, Michel C\u00f4t\u00e9, communiquera avec ces membres afin de leur offrir son aide.<\/p>\n<p style=\"text-align: justify;\">Les membres qui sont des citoyens \u00e2g\u00e9s de Saint-Bruno peuvent \u00eatre r\u00e9f\u00e9r\u00e9s aux <em>A\u00een\u00e9s branch\u00e9s<\/em> s\u2019il s\u2019av\u00e8re qu\u2019ils sont des novices dans l\u2019utilisation de l\u2019informatique et qu\u2019ils n\u00e9cessitent un soutien personnalis\u00e9.<\/p>\n<p>Sylvie Mazur, secr\u00e9taire du conseil d\u2019administration<\/p>\n","protected":false},"excerpt":{"rendered":"<p>Le lancement des activit\u00e9s automnales du Club a \u00e9t\u00e9 au c\u0153ur des discussions de la r\u00e9union du conseil d\u2019administration du 5\u00a0octobre. Il y a \u00e9t\u00e9 question de la Journ\u00e9e d\u2019information et d\u2019inscription de septembre et du recrutement et de la r\u00e9tention des membres du Club. On y a aussi fait le bilan de l\u2019inscription aux &hellip; <a href=\"https:\/\/cimbcc.org\/test2\/echos-du-conseil-dadministration-5-octobre-2021\/\" class=\"more-link\">Continuer la lecture de <span class=\"screen-reader-text\">\u00c9chos du conseil d&rsquo;administration &#8211; 5 octobre 2021<\/span>  <span class=\"meta-nav\">&rarr;<\/span><\/a><\/p>\n","protected":false},"author":43,"featured_media":0,"comment_status":"open","ping_status":"closed","sticky":false,"template":"","format":"standard","meta":{"footnotes":""},"categories":[386],"tags":[1341,269,1537,1165,143,1538,594],"class_list":["post-37219","post","type-post","status-publish","format-standard","hentry","category-echos-du-conseil-dadministration","tag-assistance-a-distance","tag-ateliers","tag-centre-daction-benevole","tag-inscription-en-ligne","tag-journee-dinformation-et-dinscription","tag-les-aines-branches","tag-membres"],"_links":{"self":[{"href":"https:\/\/cimbcc.org\/test2\/wp-json\/wp\/v2\/posts\/37219","targetHints":{"allow":["GET"]}}],"collection":[{"href":"https:\/\/cimbcc.org\/test2\/wp-json\/wp\/v2\/posts"}],"about":[{"href":"https:\/\/cimbcc.org\/test2\/wp-json\/wp\/v2\/types\/post"}],"author":[{"embeddable":true,"href":"https:\/\/cimbcc.org\/test2\/wp-json\/wp\/v2\/users\/43"}],"replies":[{"embeddable":true,"href":"https:\/\/cimbcc.org\/test2\/wp-json\/wp\/v2\/comments?post=37219"}],"version-history":[{"count":7,"href":"https:\/\/cimbcc.org\/test2\/wp-json\/wp\/v2\/posts\/37219\/revisions"}],"predecessor-version":[{"id":37243,"href":"https:\/\/cimbcc.org\/test2\/wp-json\/wp\/v2\/posts\/37219\/revisions\/37243"}],"wp:attachment":[{"href":"https:\/\/cimbcc.org\/test2\/wp-json\/wp\/v2\/media?parent=37219"}],"wp:term":[{"taxonomy":"category","embeddable":true,"href":"https:\/\/cimbcc.org\/test2\/wp-json\/wp\/v2\/categories?post=37219"},{"taxonomy":"post_tag","embeddable":true,"href":"https:\/\/cimbcc.org\/test2\/wp-json\/wp\/v2\/tags?post=37219"}],"curies":[{"name":"wp","href":"https:\/\/api.w.org\/{rel}","templated":true}]}}