{"id":37298,"date":"2021-10-24T20:00:43","date_gmt":"2021-10-25T00:00:43","guid":{"rendered":"https:\/\/cimbcc.org\/test2\/?p=37298"},"modified":"2023-10-16T22:11:41","modified_gmt":"2023-10-17T02:11:41","slug":"incompatibilite-des-airpods-3-avec-certains-appareils-lencre-pour-le-stockage-de-donnees-et-lintelligence-artificielle-pour-eviter-les-accidents","status":"publish","type":"post","link":"https:\/\/cimbcc.org\/test2\/incompatibilite-des-airpods-3-avec-certains-appareils-lencre-pour-le-stockage-de-donnees-et-lintelligence-artificielle-pour-eviter-les-accidents\/","title":{"rendered":"Incompatibilit\u00e9 des AirPods 3 avec certains appareils, l&rsquo;encre pour le stockage de donn\u00e9es et l&rsquo;intelligence artificielle pour \u00e9viter les accidents"},"content":{"rendered":"<figure id=\"attachment_24081\" aria-describedby=\"caption-attachment-24081\" style=\"width: 125px\" class=\"wp-caption aligncenter\"><img loading=\"lazy\" decoding=\"async\" class=\"size-full wp-image-24081\" src=\"https:\/\/cimbcc.org\/test2\/wp-content\/uploads\/photo_charron_denis.jpg\" alt=\"\" width=\"125\" height=\"125\" \/><figcaption id=\"caption-attachment-24081\" class=\"wp-caption-text\"><span style=\"color: #ffffff;\">mmm<\/span>Denis Charron<\/figcaption><\/figure>\n<p>Les sujets suivants seront abord\u00e9s dans l&rsquo;article de cette semaine :<\/p>\n<ul>\n<li>l&rsquo;incompatibilit\u00e9 des AirPods 3 avec les iPhone et iPad dits \u00ab\u00a0anciens \u00bb;<\/li>\n<li>l&rsquo;avenir du stockage des donn\u00e9es num\u00e9riques;<\/li>\n<li>l&rsquo;intelligence artificielle pour pr\u00e9venir les accidents d&rsquo;auto.<\/li>\n<\/ul>\n<p><!--more--><\/p>\n<hr \/>\n<h4 style=\"text-align: justify;\"><strong>L&rsquo;incompatibilit\u00e9 des AirPods 3 avec les iPhone et iPad dits \u00ab anciens \u00bb\u00a0<\/strong><\/h4>\n<p style=\"text-align: justify;\">Apple a annonc\u00e9 le 18 octobre 2021 l&rsquo;arriv\u00e9e de la troisi\u00e8me g\u00e9n\u00e9ration de ses \u00e9couteurs sans fil, les <a href=\"https:\/\/www.apple.com\/ca\/fr\/airpods-3rd-generation\/\" target=\"_blank\" rel=\"noopener\">AirPods 3<\/a>. Ne vous pr\u00e9cipitez pas pour les acheter si vous poss\u00e9dez un \u00ab vieil \u00bb appareil Apple avec lequel vous voulez les utiliser !<\/p>\n<p style=\"text-align: justify;\"><a href=\"https:\/\/www.futura-sciences.com\/tech\/actualites\/apple-apple-nouveaux-airpods-3-snobent-anciens-iphone-94266\/?utm_source=alerte&amp;utm_medium=fs&amp;utm_campaign=emailing&amp;utm_content=2021-10-19-#xtor=EPR-57-[ALERTE]-20211019\" target=\"_blank\" rel=\"noopener\">Cet article<\/a> du site Web de <em>Futura-Sciences<\/em> apporte une mauvaise nouvelle au sujet des <a href=\"https:\/\/fr.wikipedia.org\/wiki\/AirPods\" target=\"_blank\" rel=\"noopener\">AirPods 3<\/a> : ils seront incompatibles avec les anciens mod\u00e8les d&rsquo;iPhone, d&rsquo;iPad et d&rsquo;iPod qui ne peuvent pas prendre en charge la version <a href=\"https:\/\/fr.wikipedia.org\/wiki\/IOS_13\" target=\"_blank\" rel=\"noopener\">iOS 13<\/a> ou plus r\u00e9cente. <span style=\"color: #ff0000;\"><strong>Les appareils suivants ne fonctionneront donc pas ad\u00e9quatement avec ces nouveaux \u00e9couteurs <\/strong><\/span>:<\/p>\n<ul>\n<li style=\"text-align: justify;\"><a href=\"https:\/\/fr.wikipedia.org\/wiki\/IPhone_5s\" target=\"_blank\" rel=\"noopener\">iPhone 5s<\/a>, <a href=\"https:\/\/fr.wikipedia.org\/wiki\/IPhone_6\" target=\"_blank\" rel=\"noopener\">iPhone 6<\/a> et <a href=\"https:\/\/fr.wikipedia.org\/wiki\/IPhone_6#iPhone_6_Plus\" target=\"_blank\" rel=\"noopener\">iPhone 6 Plus<\/a>;<\/li>\n<li style=\"text-align: justify;\"><a href=\"https:\/\/fr.wikipedia.org\/wiki\/IPad_mini_2\" target=\"_blank\" rel=\"noopener\">iPad mini 2<\/a> et <a href=\"https:\/\/fr.wikipedia.org\/wiki\/IPad_mini_3\" target=\"_blank\" rel=\"noopener\">iPad mini 3<\/a>;<\/li>\n<li style=\"text-align: justify;\"><a href=\"https:\/\/fr.wikipedia.org\/wiki\/IPod_touch\" target=\"_blank\" rel=\"noopener\">iPod Touch 6<\/a>.<\/li>\n<\/ul>\n<p style=\"text-align: justify;\">Obsolescence programm\u00e9e ou dommage collat\u00e9ral du d\u00e9veloppement exponentiel de la technologie ?\u00a0 C&rsquo;est \u00e0 vous d&rsquo;en juger en d\u00e9pensant vos dollars ou non.<\/p>\n<hr \/>\n<h4><strong>L&rsquo;avenir du stockage des donn\u00e9es num\u00e9riques<\/strong><\/h4>\n<p style=\"text-align: justify;\">La quantit\u00e9 de donn\u00e9es num\u00e9riques explose actuellement. Un des probl\u00e8mes majeurs est la d\u00e9pense d&rsquo;\u00e9nergie faramineuse n\u00e9cessaire au stockage de ces donn\u00e9es. Les centres de serveurs utilisent actuellement 1% de toute l&rsquo;\u00e9lectricit\u00e9 produite dans le monde.<\/p>\n<p style=\"text-align: justify;\">Comme l&rsquo;explique <a href=\"https:\/\/www.futura-sciences.com\/tech\/actualites\/technologie-methode-revolutionnaire-stocker-donnees-encre-couleur-94213\/?utm_source=actu_quo&amp;mgo_eu=&amp;utm_medium=fs&amp;utm_campaign=emailing&amp;mgo_r=QYbpzTaLTpq2O9Wt164UCw_13\" target=\"_blank\" rel=\"noopener\">cet autre article<\/a> de <em>Futura-Sciences<\/em>, les recherches se poursuivent pour trouver de nouveaux moyens de stockage plus \u00e9cologiques. Une \u00e9quipe de chercheurs a mis au point une technique utilisant de l&rsquo;encre. Les donn\u00e9es ainsi sauvegard\u00e9es ne n\u00e9cessitent aucune \u00e9nergie une fois \u00ab grav\u00e9es \u00bb pour se maintenir dans le temps et seraient inviolables. Cerise sur le g\u00e2teau, cette technique utilise des technologies d\u00e9j\u00e0 existantes et \u00e9conomiques, comme l&rsquo;impression \u00e0 jet d&rsquo;encre.<\/p>\n<hr \/>\n<h4 style=\"text-align: justify;\"><strong>L&rsquo;intelligence artificielle pour pr\u00e9venir les accidents d&rsquo;auto<\/strong><\/h4>\n<p style=\"text-align: justify;\">Un groupe de chercheurs a mis au point un <a href=\"https:\/\/fr.wikipedia.org\/wiki\/Algorithme\" target=\"_blank\" rel=\"noopener\">algorithme<\/a> utilisant l&rsquo;<a href=\"https:\/\/fr.wikipedia.org\/wiki\/Intelligence_artificielle\" target=\"_blank\" rel=\"noopener\">intelligence artificielle<\/a> pour pr\u00e9dire les endroits dans les r\u00e9seaux routiers o\u00f9 le risque d&rsquo;accident serait le plus \u00e9lev\u00e9, comme l&rsquo;explique <a href=\"https:\/\/www.futura-sciences.com\/tech\/breves\/intelligence-artificielle-cette-ia-peut-predire-accidents-route-avant-quils-ne-produisent-5327\/?utm_source=actu_quo&amp;mgo_eu=&amp;utm_medium=fs&amp;utm_campaign=emailing&amp;mgo_r=QYbpzTaLTpq2O9Wt164UCw_15\" target=\"_blank\" rel=\"noopener\">cet article<\/a> de <em>Futura-Sciences<\/em>. Les urbanistes pourraient utiliser ces donn\u00e9es pour modifier ces endroits ou cr\u00e9er un r\u00e9seau routier plus s\u00e9curitaire.<\/p>\n<p style=\"text-align: justify;\">Les logiciels de <a href=\"https:\/\/fr.wikipedia.org\/wiki\/GPS_(assistant_de_navigation)\" target=\"_blank\" rel=\"noopener\">navigation par GPS<\/a> pourraient ensuite utiliser ces m\u00eames donn\u00e9es pour sugg\u00e9rer des itin\u00e9raires \u00e9vitant ces endroits dangereux. Ces progr\u00e8s ne sont toutefois pas encore int\u00e9gr\u00e9s aux applications <a href=\"https:\/\/fr.wikipedia.org\/wiki\/Waze\" target=\"_blank\" rel=\"noopener\">Waze<\/a> ou <a href=\"https:\/\/fr.wikipedia.org\/wiki\/Apple_Plans\" target=\"_blank\" rel=\"noopener\">Apple Plans<\/a>.<\/p>\n<p>Denis Charron<\/p>\n","protected":false},"excerpt":{"rendered":"<p>Les sujets suivants seront abord\u00e9s dans l&rsquo;article de cette semaine : l&rsquo;incompatibilit\u00e9 des AirPods 3 avec les iPhone et iPad dits \u00ab\u00a0anciens \u00bb; l&rsquo;avenir du stockage des donn\u00e9es num\u00e9riques; l&rsquo;intelligence artificielle pour pr\u00e9venir les accidents d&rsquo;auto.<\/p>\n","protected":false},"author":43,"featured_media":0,"comment_status":"open","ping_status":"closed","sticky":false,"template":"","format":"standard","meta":{"footnotes":""},"categories":[403],"tags":[1357,629,731,55,216,217,1542,1120],"class_list":["post-37298","post","type-post","status-publish","format-standard","hentry","category-applications","tag-airpods","tag-automobile","tag-intelligence-artificielle","tag-ipad","tag-iphone","tag-ipod","tag-jet-dencre","tag-stockage-de-donnees"],"_links":{"self":[{"href":"https:\/\/cimbcc.org\/test2\/wp-json\/wp\/v2\/posts\/37298","targetHints":{"allow":["GET"]}}],"collection":[{"href":"https:\/\/cimbcc.org\/test2\/wp-json\/wp\/v2\/posts"}],"about":[{"href":"https:\/\/cimbcc.org\/test2\/wp-json\/wp\/v2\/types\/post"}],"author":[{"embeddable":true,"href":"https:\/\/cimbcc.org\/test2\/wp-json\/wp\/v2\/users\/43"}],"replies":[{"embeddable":true,"href":"https:\/\/cimbcc.org\/test2\/wp-json\/wp\/v2\/comments?post=37298"}],"version-history":[{"count":13,"href":"https:\/\/cimbcc.org\/test2\/wp-json\/wp\/v2\/posts\/37298\/revisions"}],"predecessor-version":[{"id":37312,"href":"https:\/\/cimbcc.org\/test2\/wp-json\/wp\/v2\/posts\/37298\/revisions\/37312"}],"wp:attachment":[{"href":"https:\/\/cimbcc.org\/test2\/wp-json\/wp\/v2\/media?parent=37298"}],"wp:term":[{"taxonomy":"category","embeddable":true,"href":"https:\/\/cimbcc.org\/test2\/wp-json\/wp\/v2\/categories?post=37298"},{"taxonomy":"post_tag","embeddable":true,"href":"https:\/\/cimbcc.org\/test2\/wp-json\/wp\/v2\/tags?post=37298"}],"curies":[{"name":"wp","href":"https:\/\/api.w.org\/{rel}","templated":true}]}}