{"id":37313,"date":"2021-10-26T19:00:50","date_gmt":"2021-10-26T23:00:50","guid":{"rendered":"https:\/\/cimbcc.org\/test2\/?p=37313"},"modified":"2023-10-16T22:11:41","modified_gmt":"2023-10-17T02:11:41","slug":"recuperer-la-chaleur-des-serveurs-informatiques","status":"publish","type":"post","link":"https:\/\/cimbcc.org\/test2\/recuperer-la-chaleur-des-serveurs-informatiques\/","title":{"rendered":"R\u00e9cup\u00e9rer la chaleur des serveurs informatiques"},"content":{"rendered":"<figure id=\"attachment_37238\" aria-describedby=\"caption-attachment-37238\" style=\"width: 125px\" class=\"wp-caption aligncenter\"><img loading=\"lazy\" decoding=\"async\" class=\"size-full wp-image-37238\" src=\"https:\/\/cimbcc.org\/test2\/wp-content\/uploads\/photo_dion_celine.jpg\" alt=\"\" width=\"125\" height=\"125\" \/><figcaption id=\"caption-attachment-37238\" class=\"wp-caption-text\"><span style=\"color: #ffffff;\">mmmm<\/span>C\u00e9line Dion<\/figcaption><\/figure>\n<h4>L&rsquo;impact \u00e9cologique de l&rsquo;informatique<\/h4>\n<p style=\"text-align: justify;\">Chaque petit geste individuel compte pour contribuer \u00e0 diminuer notre empreinte \u00e9cologique num\u00e9rique, comme le mentionnait <a href=\"https:\/\/cimbcc.org\/test2\/comment-diminuer-notre-empreinte-ecologique-numerique\" target=\"_blank\" rel=\"noopener\">cet article<\/a> publi\u00e9 sur ce blogue le 13 mars 2020.<\/p>\n<p style=\"text-align: justify;\">Quand la r\u00e9cup\u00e9ration des sources de chaleur produite par les serveurs informatiques s\u2019ajoute \u00e0 tous ces petits gestes individuels, l\u2019effet de levier est alors tr\u00e8s encourageant et cela donne beaucoup d\u2019espoir pour l\u2019atteinte des cibles de r\u00e9duction de gaz \u00e0 effet de serre.<\/p>\n<p style=\"text-align: justify;\">Quatre exemples d&rsquo;utilisation de la chaleur produite par les serveurs vous seront pr\u00e9sent\u00e9s dans cet article, de quoi rassurer vos coeurs souffrant peut-\u00eatre d&rsquo;<a href=\"https:\/\/ici.radio-canada.ca\/nouvelle\/1154921\/stress-changements-climatiques-rechauffement-planete\" target=\"_blank\" rel=\"noopener\">\u00e9coanxi\u00e9t\u00e9<\/a>.<\/p>\n<p><!--more--><\/p>\n<h4>Serre chauff\u00e9e par des serveurs informatiques<\/h4>\n<p style=\"text-align: justify;\">Des producteurs en serre tirent d\u00e9j\u00e0 profit de la pr\u00e9cieuse source de chaleur que d\u00e9gagent les serveurs informatiques. Par exemple, la ferme <a href=\"https:\/\/lecaveaualegumes.com\/fr\" target=\"_blank\" rel=\"noopener\"><em>Le Caveau \u00e0 L\u00e9gumes<\/em><\/a>, situ\u00e9e \u00e0 Neuville, pr\u00e8s de Qu\u00e9bec, utilise la chaleur produite par les serveurs de l\u2019entreprise de location d\u2019\u00e9quipements informatiques <em>Op\u00e9ration Phoenix <\/em>pour chauffer ses serres.<\/p>\n<p style=\"text-align: justify;\">Pour les deux entreprises, <em>Le Caveau \u00e0 L\u00e9gumes<\/em> et <em>Op\u00e9ration Phoenix<\/em>, il s\u2019agit d\u2019une v\u00e9ritable symbiose puisque l\u2019entreprise informatique ne paie pas de loyer \u00e0 la ferme pour y h\u00e9berger ses 1500 ordinateurs et, en retour, la ferme ne paie pas pour le chauffage de ses serres.<\/p>\n<h4>B\u00e2timents chauff\u00e9s par des serveurs<\/h4>\n<h5><em>Saint-Adrien<\/em><\/h5>\n<p style=\"text-align: justify;\">Depuis trois ans, l\u2019<a href=\"https:\/\/www.st-adrien.com\/notre-personnalite\/attraits\/projet-1606\/\" target=\"_blank\" rel=\"noopener\">\u00e9glise de Saint-Adrien<\/a>, en Estrie, appartenant au musicien <a href=\"https:\/\/www.facebook.com\/pilouofficialpage\/\" target=\"_blank\" rel=\"noopener\">Pilou<\/a>, est enti\u00e8rement chauff\u00e9e par les serveurs informatiques de l\u2019entreprise <a href=\"https:\/\/projetbtu.com\/\" target=\"_blank\" rel=\"noopener\"><em>Projet BTU<\/em><\/a>.<\/p>\n<h5><em>Qu\u00e9bec<\/em><\/h5>\n<p style=\"text-align: justify;\">\u00c0 l\u2019universit\u00e9 Laval, la chaleur g\u00e9n\u00e9r\u00e9e par le <a href=\"https:\/\/www.ulaval.ca\/notre-universite\/salle-de-presse\/communiques-de-presse\/communiques-2019\/le-centre-de-valorisation-des-donnees-pret-a-accueillir-des-milliards-de-donnees\" target=\"_blank\" rel=\"noopener\">nouveau centre de donn\u00e9es<\/a> inaugur\u00e9 en septembre 2019 est r\u00e9cup\u00e9r\u00e9e pour chauffer certains de ses pavillons. L\u2019universit\u00e9 a ainsi diminu\u00e9 de 36% ses gaz \u00e0 effet de serre.<\/p>\n<h5><em>Saint-Bruno-de-Montarville<\/em><\/h5>\n<p style=\"text-align: justify;\">Plus pr\u00e8s de nous, \u00e0 Saint-Bruno-de-Montarville, un projet a \u00e9t\u00e9 pr\u00e9sent\u00e9 au gouvernement par l\u2019entreprise <em><a href=\"https:\/\/www.qscale.com\/fr\" target=\"_blank\" rel=\"noopener\">QScale<\/a><\/em> pour la construction d\u2019un complexe agro-informatique o\u00f9 la chaleur serait r\u00e9cup\u00e9r\u00e9e.<\/p>\n<p style=\"text-align: justify;\">Le plan d\u2019affaires de cette entreprise pr\u00e9voit l&rsquo;utilisation de la chaleur d\u00e9gag\u00e9e par ses serveurs pour chauffer des serres agricoles. <em>Qscale <\/em>poss\u00e8de d\u00e9j\u00e0 un <a href=\"https:\/\/www.lesoleil.com\/actualite\/la-capitale\/pharaonique-projet-de-techno-et-de-serres-gigantesques-a-levis-ae1c47b96f9834645091a8df372cbddf\" target=\"_blank\" rel=\"noopener\">complexe semblable \u00e0 L\u00e9vis<\/a>, dont la fin de la construction est pr\u00e9vue pour novembre 2022. Celui de Saint-Bruno, plus petit, serait leur deuxi\u00e8me site.<\/p>\n<h4>En terminant sur une note optimiste<\/h4>\n<p style=\"text-align: justify;\">Alors oui, les centres de donn\u00e9es requi\u00e8rent beaucoup, beaucoup de kilowatts. Ils produisent donc beaucoup, beaucoup de chaleur.<\/p>\n<p style=\"text-align: justify;\">Mais, dans un avenir le plus rapproch\u00e9 possible, si toute la chaleur g\u00e9n\u00e9r\u00e9e par cette \u00e9nergie peut \u00eatre redirig\u00e9e pour le chauffage de b\u00e2timents, il y a un bel avenir de cohabitation entre les centres de donn\u00e9es et les cibles de r\u00e9duction de gaz \u00e0 effet de serre.<\/p>\n<p style=\"text-align: justify;\">C\u00e9line Dion<\/p>\n","protected":false},"excerpt":{"rendered":"<p>L&rsquo;impact \u00e9cologique de l&rsquo;informatique Chaque petit geste individuel compte pour contribuer \u00e0 diminuer notre empreinte \u00e9cologique num\u00e9rique, comme le mentionnait cet article publi\u00e9 sur ce blogue le 13 mars 2020. Quand la r\u00e9cup\u00e9ration des sources de chaleur produite par les serveurs informatiques s\u2019ajoute \u00e0 tous ces petits gestes individuels, l\u2019effet de levier est alors tr\u00e8s &hellip; <a href=\"https:\/\/cimbcc.org\/test2\/recuperer-la-chaleur-des-serveurs-informatiques\/\" class=\"more-link\">Continuer la lecture de <span class=\"screen-reader-text\">R\u00e9cup\u00e9rer la chaleur des serveurs informatiques<\/span>  <span class=\"meta-nav\">&rarr;<\/span><\/a><\/p>\n","protected":false},"author":43,"featured_media":0,"comment_status":"open","ping_status":"closed","sticky":false,"template":"","format":"standard","meta":{"footnotes":""},"categories":[1546],"tags":[1544,1543,428,1545,1293],"class_list":["post-37313","post","type-post","status-publish","format-standard","hentry","category-chronique-environnement","tag-chauffage","tag-effet-de-serre","tag-empreinte-carbonique","tag-recuperation-de-chaleur","tag-serveurs-informatiques"],"_links":{"self":[{"href":"https:\/\/cimbcc.org\/test2\/wp-json\/wp\/v2\/posts\/37313","targetHints":{"allow":["GET"]}}],"collection":[{"href":"https:\/\/cimbcc.org\/test2\/wp-json\/wp\/v2\/posts"}],"about":[{"href":"https:\/\/cimbcc.org\/test2\/wp-json\/wp\/v2\/types\/post"}],"author":[{"embeddable":true,"href":"https:\/\/cimbcc.org\/test2\/wp-json\/wp\/v2\/users\/43"}],"replies":[{"embeddable":true,"href":"https:\/\/cimbcc.org\/test2\/wp-json\/wp\/v2\/comments?post=37313"}],"version-history":[{"count":17,"href":"https:\/\/cimbcc.org\/test2\/wp-json\/wp\/v2\/posts\/37313\/revisions"}],"predecessor-version":[{"id":37333,"href":"https:\/\/cimbcc.org\/test2\/wp-json\/wp\/v2\/posts\/37313\/revisions\/37333"}],"wp:attachment":[{"href":"https:\/\/cimbcc.org\/test2\/wp-json\/wp\/v2\/media?parent=37313"}],"wp:term":[{"taxonomy":"category","embeddable":true,"href":"https:\/\/cimbcc.org\/test2\/wp-json\/wp\/v2\/categories?post=37313"},{"taxonomy":"post_tag","embeddable":true,"href":"https:\/\/cimbcc.org\/test2\/wp-json\/wp\/v2\/tags?post=37313"}],"curies":[{"name":"wp","href":"https:\/\/api.w.org\/{rel}","templated":true}]}}