{"id":3780,"date":"2012-12-05T11:00:49","date_gmt":"2012-12-05T16:00:49","guid":{"rendered":"https:\/\/cimbcc.org\/test2\/?p=3780"},"modified":"2023-10-16T22:17:13","modified_gmt":"2023-10-17T02:17:13","slug":"editorial-decembre-2012","status":"publish","type":"post","link":"https:\/\/cimbcc.org\/test2\/editorial-decembre-2012\/","title":{"rendered":"\u00c9ditorial &#8211; d\u00e9cembre 2012"},"content":{"rendered":"<p style=\"text-align: center;\"><a href=\"https:\/\/cimbcc.org\/test2\/editorial-fevrier-2013\/photo-andre-charest-editorial-2\" rel=\"attachment wp-att-5376\"><img loading=\"lazy\" decoding=\"async\" class=\"aligncenter size-full wp-image-5376\" src=\"https:\/\/cimbcc.org\/test2\/wp-content\/uploads\/Photo-Andre-Charest-Editorial1.jpg\" alt=\"Photo-Andre-Charest-Editorial\" width=\"300\" height=\"82\" \/><\/a><\/p>\n<h4 style=\"text-align: left;\">Le temps qui passe<\/h4>\n<p>Chaque ann\u00e9e \u00e0 l\u2019approche de No\u00ebl, je constate combien le temps a pass\u00e9 vite depuis notre Journ\u00e9e portes ouvertes de septembre.<\/p>\n<p style=\"text-align: justify;\">On dit que le temps passe plus vite \u00e0 mesure qu\u2019on vieillit. Il ne passe pas plus vite; il semble passer plus vite! Un mois dans la vie d\u2019un enfant de 10 ans repr\u00e9sente 0,83\u00a0% de sa vie. Un mois dans la vie d\u2019une personne de 75 ans c\u2019est 0,11\u00a0% de sa vie (7,5 fois moins \u00e9videmment). Cette diff\u00e9rence expliquerait, du moins en partie, pourquoi le temps semble filer de plus en plus vite avec l\u2019\u00e2ge.<\/p>\n<p style=\"text-align: justify;\"><!--more--><\/p>\n<p style=\"text-align: justify;\">De plus, le temps pass\u00e9 est compressible dans notre esprit. On peut \u00e9voquer un \u00e9v\u00e9nement qui s\u2019est pass\u00e9 il y a trois mois et quelques secondes plus tard se rappeler une rencontre faite hier. Il arrive m\u00eame que le temps pass\u00e9 soit tellement comprim\u00e9 qu\u2019on arrive difficilement \u00e0 mettre certains \u00e9v\u00e9nements dans le bon ordre chronologique.<\/p>\n<p style=\"text-align: justify;\">D&rsquo;autres facteurs influent sur l\u2019impression de la vitesse du passage du temps. Un niveau d\u2019activit\u00e9 \u00e9lev\u00e9 accompagn\u00e9 d\u2019une bonne sant\u00e9 donne l\u2019impression que le temps passe vite. La souffrance ou l\u2019inactivit\u00e9 ont sans doute l\u2019effet contraire.<\/p>\n<p style=\"text-align: justify;\">Suis-je dans l\u2019effervescence? Dans l\u2019agitation extr\u00eame? J\u2019en doute, du moins pas tout \u00e0 fait. Quand je regarde toutes mes activit\u00e9s (familiales \u2013 vie priv\u00e9e, m\u00e9nag\u00e8res, r\u00e9cr\u00e9atives, sportives, culturelles, sociales, etc.), j\u2019en d\u00e9duis que je suis tr\u00e8s occup\u00e9. Je vois aussi un certain \u00e9quilibre entre toutes ces activit\u00e9s. Souvent, je les combine. Une randonn\u00e9e p\u00e9destre en montagne avec des amis est une activit\u00e9 \u00e0 la fois sportive et sociale.<\/p>\n<p style=\"text-align: justify;\">Une chose ultra importante\u00a0: il faut savoir d\u00e9crocher de temps \u00e0 autre de ses activit\u00e9s et de se donner des temps de repos. Ils sont n\u00e9cessaires pour nous ressourcer et reb\u00e2tir l\u2019\u00e9nergie n\u00e9cessaire \u00e0 nos activit\u00e9s.<\/p>\n<p style=\"text-align: justify;\">Pour beaucoup de gens, le pire ennemi d\u2019une vie active \u00e9quilibr\u00e9e est la t\u00e9l\u00e9vision. Pour d\u2019autres, c\u2019est l\u2019ordinateur. Ils se laissent accaparer par l\u2019\u00e9cran du t\u00e9l\u00e9viseur ou de l\u2019ordinateur et finalement passent beaucoup trop de temps assis plut\u00f4t que de se d\u00e9gourdir et de socialiser.<\/p>\n<p style=\"text-align: justify;\">C\u2019est \u00e0 chacun de trouver son bon \u00e9quilibre de vie. Si, malgr\u00e9 que vous soyez membres du Club informatique du Mont-Bruno, vous vous ennuyez, venez proposer vos services. Vous ne connaissez pas grand-chose \u00e0 l\u2019informatique? Aucun probl\u00e8me. Il y a des activit\u00e9s de b\u00e9n\u00e9volat au club pour tous les niveaux de connaissances informatiques. Votre engagement dans une activit\u00e9 du club vous am\u00e8nera \u00e0 conna\u00eetre des gens int\u00e9ressants. Vous ferez d\u2019une pierre deux coups.<\/p>\n<p style=\"text-align: justify;\">Il n\u2019y a pas que le club informatique. Nous approchons de No\u00ebl. C\u2019est un bon temps de l\u2019ann\u00e9e pour nous demander si nous contribuons \u00e0 la soci\u00e9t\u00e9. Sommes-nous toujours en train de recevoir? Sans jamais donner? Je ne parle pas d\u2019argent, mais de temps. Le temps que nous donnons ou pouvons donner.<\/p>\n<p style=\"text-align: justify;\">Ce temps, nous le donnons curieusement sans le perdre. Il nous aide \u00e0 avoir une vie pleine et plus satisfaisante, surtout qu\u2019il passe si vite!<\/p>\n<p style=\"text-align: justify;\">Je vous souhaite un joyeux No\u00ebl.<\/p>\n<p style=\"text-align: justify;\">Andr\u00e9 Charest<\/p>\n","protected":false},"excerpt":{"rendered":"<p>Le temps qui passe Chaque ann\u00e9e \u00e0 l\u2019approche de No\u00ebl, je constate combien le temps a pass\u00e9 vite depuis notre Journ\u00e9e portes ouvertes de septembre. On dit que le temps passe plus vite \u00e0 mesure qu\u2019on vieillit. Il ne passe pas plus vite; il semble passer plus vite! Un mois dans la vie d\u2019un enfant &hellip; <a href=\"https:\/\/cimbcc.org\/test2\/editorial-decembre-2012\/\" class=\"more-link\">Continuer la lecture de <span class=\"screen-reader-text\">\u00c9ditorial &#8211; d\u00e9cembre 2012<\/span>  <span class=\"meta-nav\">&rarr;<\/span><\/a><\/p>\n","protected":false},"author":43,"featured_media":0,"comment_status":"open","ping_status":"closed","sticky":false,"template":"","format":"standard","meta":{"footnotes":""},"categories":[8],"tags":[126,281],"class_list":["post-3780","post","type-post","status-publish","format-standard","hentry","category-editoriaux","tag-benevoles","tag-temps"],"_links":{"self":[{"href":"https:\/\/cimbcc.org\/test2\/wp-json\/wp\/v2\/posts\/3780","targetHints":{"allow":["GET"]}}],"collection":[{"href":"https:\/\/cimbcc.org\/test2\/wp-json\/wp\/v2\/posts"}],"about":[{"href":"https:\/\/cimbcc.org\/test2\/wp-json\/wp\/v2\/types\/post"}],"author":[{"embeddable":true,"href":"https:\/\/cimbcc.org\/test2\/wp-json\/wp\/v2\/users\/43"}],"replies":[{"embeddable":true,"href":"https:\/\/cimbcc.org\/test2\/wp-json\/wp\/v2\/comments?post=3780"}],"version-history":[{"count":30,"href":"https:\/\/cimbcc.org\/test2\/wp-json\/wp\/v2\/posts\/3780\/revisions"}],"predecessor-version":[{"id":25794,"href":"https:\/\/cimbcc.org\/test2\/wp-json\/wp\/v2\/posts\/3780\/revisions\/25794"}],"wp:attachment":[{"href":"https:\/\/cimbcc.org\/test2\/wp-json\/wp\/v2\/media?parent=3780"}],"wp:term":[{"taxonomy":"category","embeddable":true,"href":"https:\/\/cimbcc.org\/test2\/wp-json\/wp\/v2\/categories?post=3780"},{"taxonomy":"post_tag","embeddable":true,"href":"https:\/\/cimbcc.org\/test2\/wp-json\/wp\/v2\/tags?post=3780"}],"curies":[{"name":"wp","href":"https:\/\/api.w.org\/{rel}","templated":true}]}}