{"id":37823,"date":"2021-11-16T16:37:48","date_gmt":"2021-11-16T21:37:48","guid":{"rendered":"https:\/\/cimbcc.org\/test2\/?p=37823"},"modified":"2023-10-16T22:11:41","modified_gmt":"2023-10-17T02:11:41","slug":"echos-du-conseil-dadministration-2-novembre-2021","status":"publish","type":"post","link":"https:\/\/cimbcc.org\/test2\/echos-du-conseil-dadministration-2-novembre-2021\/","title":{"rendered":"\u00c9chos du conseil d\u2019administration &#8211; 2 novembre 2021"},"content":{"rendered":"<figure id=\"attachment_37822\" aria-describedby=\"caption-attachment-37822\" style=\"width: 513px\" class=\"wp-caption alignright\"><img loading=\"lazy\" decoding=\"async\" class=\"size-full wp-image-37822\" src=\"https:\/\/cimbcc.org\/test2\/wp-content\/uploads\/photo_ca_2021_2022_novembre_2021.jpg\" alt=\"CA 2021-2022\" width=\"513\" height=\"367\" srcset=\"https:\/\/cimbcc.org\/test2\/wp-content\/uploads\/photo_ca_2021_2022_novembre_2021.jpg 513w, https:\/\/cimbcc.org\/test2\/wp-content\/uploads\/photo_ca_2021_2022_novembre_2021-300x215.jpg 300w\" sizes=\"auto, (max-width: 513px) 100vw, 513px\" \/><figcaption id=\"caption-attachment-37822\" class=\"wp-caption-text\">Dans l\u2019ordre habituel : Danielle Barab\u00e9, Nicole Comtois, Michel C\u00f4t\u00e9, R\u00e9jean C\u00f4t\u00e9, Berthe Demers, C\u00e9line Dufresne, Michel Gagn\u00e9, Richard Gervais, Sylvie Mazur, Michel Paul, Danielle Provost<\/figcaption><\/figure>\n<p style=\"text-align: justify;\">La nouvelle \u00e9quipe du conseil d\u2019administration s\u2019est r\u00e9unie une premi\u00e8re fois apr\u00e8s l\u2019assembl\u00e9e g\u00e9n\u00e9rale du 20 octobre dernier. Cette r\u00e9union tenue le 2 novembre fut l\u2019occasion de s\u2019organiser : \u00e9lection de l\u2019ex\u00e9cutif, adoption du calendrier des r\u00e9unions, partage des responsabilit\u00e9s, modalit\u00e9s de fonctionnement.<\/p>\n<p style=\"text-align: justify;\">Il ressort \u00e9galement de cette r\u00e9union qu\u2019<strong>au cours de l\u2019hiver\u00a02022 les membres pourront profiter des <span style=\"color: #ff0000;\">s\u00e9ances du mercredi en ligne<\/span> et des <span style=\"color: #ff0000;\">s\u00e9ances du vendredi au Chalet Marie-Victorin<\/span><\/strong>. Enfin, le conseil a d\u00e9cid\u00e9 de lancer une campagne de recrutement avec l\u2019aide des membres avant de r\u00e9viser quelques documents de r\u00e9f\u00e9rence sur divers aspects du fonctionnement du Club.<\/p>\n<p><!--more--><\/p>\n<hr \/>\n<h4 style=\"text-align: justify;\"><strong>Une nouvelle \u00e9quipe au conseil d\u2019administration<\/strong><\/h4>\n<p style=\"text-align: justify;\">Depuis l\u2019assembl\u00e9e g\u00e9n\u00e9rale du 20\u00a0octobre, le conseil d\u2019administration compte onze membres, dont trois nouveaux qui sont les bienvenus\u00a0: Nicole Comtois, C\u00e9line Dufresne et Michel Paul.<\/p>\n<p style=\"text-align: justify;\">Chaque ann\u00e9e, il faut proc\u00e9der \u00e0 l\u2019\u00e9lection de l\u2019ex\u00e9cutif. Voici le r\u00e9sultat pour 2021-2022\u00a0:<\/p>\n<ul style=\"text-align: justify;\">\n<li>R\u00e9jean C\u00f4t\u00e9, pr\u00e9sident<\/li>\n<li>Michel Gagn\u00e9, vice-pr\u00e9sident<\/li>\n<li>Danielle Barab\u00e9, tr\u00e9sori\u00e8re<\/li>\n<li>Sylvie Mazur, secr\u00e9taire<\/li>\n<\/ul>\n<p style=\"text-align: justify;\">Les r\u00e9unions du conseil d\u2019administration se tiendront en g\u00e9n\u00e9ral le premier mardi du mois, sauf en juillet o\u00f9 le conseil fait rel\u00e2che. Elles se d\u00e9rouleront en ligne jusqu\u2019en avril; ensuite, le conseil se r\u00e9unira au Centre communautaire.<\/p>\n<p style=\"text-align: justify;\">Les membres du conseil se sont partag\u00e9 le parrainage des activit\u00e9s du Club. Le parrainage consiste essentiellement, pour un administrateur, \u00e0 assurer la communication entre le responsable d\u2019une activit\u00e9 et le conseil d\u2019administration. Le but poursuivi par le parrainage est de faire en sorte que le conseil re\u00e7oive et comprenne les demandes et besoins du responsable d\u2019activit\u00e9 et, d\u2019autre part, que le responsable d\u2019activit\u00e9 et les membres de son \u00e9quipe soient inform\u00e9s des d\u00e9cisions et demandes du conseil d\u2019administration.<\/p>\n<hr \/>\n<h4 style=\"text-align: justify;\"><strong>S\u00e9ances de la s\u00e9rie <em>FACILE<\/em> et de la s\u00e9rie <em>D\u00c9COUVERTE<\/em> de l\u2019hiver\u00a02022<\/strong><\/h4>\n<p style=\"text-align: justify;\">Le conseil d\u2019administration a confirm\u00e9 que <strong>les s\u00e9ances de la<\/strong> <a href=\"\/\/efaidnbmnnnibpcajpcglclefindmkaj\/viewer.html?pdfurl=https%3A%2F%2Fcimbcc.org%2Ftest2%2Fwp-content%2Fuploads%2Fcalendrier_serie_facile.pdf&amp;clen=399936&amp;chunk=true\" target=\"_blank\" rel=\"noopener\"><strong>s\u00e9rie <\/strong><em><strong>FACILE<\/strong><\/em><\/a><strong> se d\u00e9rouleront en ligne le mercredi soir \u00e0 compter du 12\u00a0janvier 2022.<\/strong><\/p>\n<p style=\"text-align: justify;\">Par ailleurs, apr\u00e8s avoir obtenu des pr\u00e9cisions de la Ville de Saint-Bruno, le conseil d\u2019administration pr\u00e9voit que <strong>les s\u00e9ances de la <a href=\"\/\/efaidnbmnnnibpcajpcglclefindmkaj\/viewer.html?pdfurl=https%3A%2F%2Fcimbcc.org%2Ftest2%2Fwp-content%2Fuploads%2Fcalendrier_serie_decouverte.pdf&amp;clen=304380&amp;chunk=true\" target=\"_blank\" rel=\"noopener\">s\u00e9rie <em>D\u00c9COUVERTE<\/em><\/a> pourront se d\u00e9rouler au <a href=\"https:\/\/cimbcc.org\/test2\/chalet-marie-victorin-saint-bruno\" target=\"_blank\" rel=\"noopener\">Chalet Marie-Victorin<\/a> tous les vendredis apr\u00e8s-midi \u00e0 compter du 14\u00a0janvier 2022.<\/strong><\/p>\n<p style=\"text-align: justify;\">La saison se terminera par la <a href=\"\/\/efaidnbmnnnibpcajpcglclefindmkaj\/viewer.html?pdfurl=https%3A%2F%2Fcimbcc.org%2Ftest2%2Fwp-content%2Fuploads%2Fcalendrier_serie_ios_android.pdf&amp;clen=142575&amp;chunk=true\" target=\"_blank\" rel=\"noopener\"><strong>s\u00e9rie <\/strong><em><strong>iOS &amp; Android<\/strong><\/em><\/a> qui pr\u00e9voit cinq expos\u00e9s en avril et mai 2022.<\/p>\n<p style=\"text-align: justify;\">Tous doivent cependant noter que les s\u00e9ances du vendredi au Chalet Marie-Victorin sont soumises \u00e0 certaines conditions\u00a0:<\/p>\n<ul style=\"text-align: justify;\">\n<li><em>Le <strong><u>passeport vaccinal<\/u><\/strong> sera exig\u00e9 de tous les participants.<\/em><\/li>\n<li><em>Le <strong>masque ou couvre-visage<\/strong> devra \u00eatre port\u00e9 <strong><u>en tout temps<\/u><\/strong> sauf pour boire ou manger.<\/em><\/li>\n<li><em>Les participants pourront circuler dans la salle, mais ils devront \u00eatre <strong>masqu\u00e9s pour tout d\u00e9placement<\/strong>.<\/em><\/li>\n<\/ul>\n<p style=\"text-align: justify;\">L\u2019\u00e9quipe de l\u2019<a href=\"https:\/\/cimbcc.org\/test2\/entraide\/lassistance-avant-les-seances\" target=\"_blank\" rel=\"noopener\">assistance avant les s\u00e9ances<\/a> pourra accueillir des membres d\u00e8s 12 h 30 le vendredi apr\u00e8s-midi pour les aider \u00e0 r\u00e9soudre un probl\u00e8me informatique.<\/p>\n<hr \/>\n<h4 style=\"text-align: justify;\"><strong>Campagne de recrutement du 15\u00a0novembre au 15\u00a0d\u00e9cembre 2021<\/strong><\/h4>\n<p style=\"text-align: justify;\">Bien que le Club compte plus de 700\u00a0membres, le conseil d\u2019administration a constat\u00e9 que chaque ann\u00e9e plus de 100\u00a0membres ne renouvellent pas leur adh\u00e9sion pour diverses raisons. Afin de maintenir un effectif int\u00e9ressant, le conseil a d\u00e9cid\u00e9 de lancer une campagne de recrutement sp\u00e9ciale avant la p\u00e9riode des f\u00eates de fin d\u2019ann\u00e9e.<\/p>\n<p style=\"text-align: justify;\">Cette campagne offre au membre inscrit en 2021-2022 de prolonger la validit\u00e9 de son adh\u00e9sion jusqu\u2019en septembre 2023 lorsqu\u2019il r\u00e9f\u00e8re un nouveau membre au Club. Tous les membres actifs ont re\u00e7u un courriel sollicitant leur participation \u00e0 cette campagne de recrutement. Ils sont invit\u00e9s \u00e0 se rendre sur la <a href=\"https:\/\/cimbcc.org\/test2\/renouvellement\/campagne-de-recrutement\" target=\"_blank\" rel=\"noopener\">page du site<\/a> o\u00f9 tous les d\u00e9tails sont fournis.<\/p>\n<hr \/>\n<h4 style=\"text-align: justify;\"><strong>R\u00e9vision de documents de r\u00e9f\u00e9rence du Club<\/strong><\/h4>\n<p style=\"text-align: justify;\">La r\u00e9union s\u2019est termin\u00e9e avec la r\u00e9vision et, au besoin, la mise \u00e0 jour des documents suivants\u00a0:<\/p>\n<ul style=\"text-align: justify;\">\n<li>Les communications avec les membres du Club et les visiteurs du site Web<\/li>\n<li>Les communications externes<\/li>\n<li>Les r\u00e9unions du conseil d\u2019administration<\/li>\n<li>La gestion et la reconnaissance des b\u00e9n\u00e9voles<\/li>\n<li>La gestion des adresses \u00e9lectroniques<\/li>\n<\/ul>\n<p style=\"text-align: justify;\">Enfin, le conseil d\u2019administration a reconduit notre mission qui est\u00a0:<\/p>\n<ul style=\"text-align: justify;\">\n<li>d\u2019offrir \u00e0 nos membres un cadre pour le partage de connaissances et l\u2019entraide en informatique<\/li>\n<li>et d\u2019offrir \u00e0 la communaut\u00e9 des services en lien avec l\u2019informatique.<\/li>\n<\/ul>\n<p style=\"text-align: justify;\">Il a aussi reconduit sans modification notre <a href=\"https:\/\/cimbcc.org\/test2\/le-club-2\/la-mission-et-la-politique\" target=\"_blank\" rel=\"noopener\">politique<\/a> g\u00e9n\u00e9rale ainsi que les <a href=\"https:\/\/cimbcc.org\/test2\/le-club-2\/reglements-du-club\" target=\"_blank\" rel=\"noopener\"><em>R\u00e8glements g\u00e9n\u00e9raux du Club<\/em><\/a><em>.<\/em><\/p>\n<p style=\"text-align: justify;\">Sylvie Mazur, secr\u00e9taire du conseil d\u2019administration<\/p>\n","protected":false},"excerpt":{"rendered":"<p>La nouvelle \u00e9quipe du conseil d\u2019administration s\u2019est r\u00e9unie une premi\u00e8re fois apr\u00e8s l\u2019assembl\u00e9e g\u00e9n\u00e9rale du 20 octobre dernier. Cette r\u00e9union tenue le 2 novembre fut l\u2019occasion de s\u2019organiser : \u00e9lection de l\u2019ex\u00e9cutif, adoption du calendrier des r\u00e9unions, partage des responsabilit\u00e9s, modalit\u00e9s de fonctionnement. Il ressort \u00e9galement de cette r\u00e9union qu\u2019au cours de l\u2019hiver\u00a02022 les membres &hellip; <a href=\"https:\/\/cimbcc.org\/test2\/echos-du-conseil-dadministration-2-novembre-2021\/\" class=\"more-link\">Continuer la lecture de <span class=\"screen-reader-text\">\u00c9chos du conseil d\u2019administration &#8211; 2 novembre 2021<\/span>  <span class=\"meta-nav\">&rarr;<\/span><\/a><\/p>\n","protected":false},"author":43,"featured_media":0,"comment_status":"open","ping_status":"closed","sticky":false,"template":"","format":"standard","meta":{"footnotes":""},"categories":[386],"tags":[756,371,761,370,594,1557,271,1510,568,1277,1190],"class_list":["post-37823","post","type-post","status-publish","format-standard","hentry","category-echos-du-conseil-dadministration","tag-conseil-dadministration","tag-decouverte","tag-documents-de-reference","tag-facile","tag-membres","tag-mission-du-club","tag-presentations","tag-presentiel","tag-reglements-generaux","tag-videoconference","tag-zoom"],"_links":{"self":[{"href":"https:\/\/cimbcc.org\/test2\/wp-json\/wp\/v2\/posts\/37823","targetHints":{"allow":["GET"]}}],"collection":[{"href":"https:\/\/cimbcc.org\/test2\/wp-json\/wp\/v2\/posts"}],"about":[{"href":"https:\/\/cimbcc.org\/test2\/wp-json\/wp\/v2\/types\/post"}],"author":[{"embeddable":true,"href":"https:\/\/cimbcc.org\/test2\/wp-json\/wp\/v2\/users\/43"}],"replies":[{"embeddable":true,"href":"https:\/\/cimbcc.org\/test2\/wp-json\/wp\/v2\/comments?post=37823"}],"version-history":[{"count":8,"href":"https:\/\/cimbcc.org\/test2\/wp-json\/wp\/v2\/posts\/37823\/revisions"}],"predecessor-version":[{"id":37833,"href":"https:\/\/cimbcc.org\/test2\/wp-json\/wp\/v2\/posts\/37823\/revisions\/37833"}],"wp:attachment":[{"href":"https:\/\/cimbcc.org\/test2\/wp-json\/wp\/v2\/media?parent=37823"}],"wp:term":[{"taxonomy":"category","embeddable":true,"href":"https:\/\/cimbcc.org\/test2\/wp-json\/wp\/v2\/categories?post=37823"},{"taxonomy":"post_tag","embeddable":true,"href":"https:\/\/cimbcc.org\/test2\/wp-json\/wp\/v2\/tags?post=37823"}],"curies":[{"name":"wp","href":"https:\/\/api.w.org\/{rel}","templated":true}]}}