{"id":38017,"date":"2021-12-01T20:00:42","date_gmt":"2021-12-02T01:00:42","guid":{"rendered":"https:\/\/cimbcc.org\/test2\/?p=38017"},"modified":"2023-10-16T22:11:41","modified_gmt":"2023-10-17T02:11:41","slug":"mot-du-president-decembre-2021","status":"publish","type":"post","link":"https:\/\/cimbcc.org\/test2\/mot-du-president-decembre-2021\/","title":{"rendered":"Mot du pr\u00e9sident &#8211; d\u00e9cembre 2021"},"content":{"rendered":"<figure id=\"attachment_35278\" aria-describedby=\"caption-attachment-35278\" style=\"width: 125px\" class=\"wp-caption aligncenter\"><img loading=\"lazy\" decoding=\"async\" class=\"size-full wp-image-35278\" src=\"https:\/\/cimbcc.org\/test2\/wp-content\/uploads\/photo_cote_rejean.jpg\" alt=\"\" width=\"125\" height=\"125\" \/><figcaption id=\"caption-attachment-35278\" class=\"wp-caption-text\"><span style=\"color: #ffffff;\">mmmn<\/span>R\u00e9jean C\u00f4t\u00e9<\/figcaption><\/figure>\n<p style=\"text-align: justify;\">Comme chaque ann\u00e9e, les activit\u00e9s du Club sont suspendues pour la p\u00e9riode des F\u00eates. Elles reprendront <strong>en ligne le mercredi soir 12\u00a0janvier<\/strong> avec une s\u00e9ance de la s\u00e9rie <em>Facile<\/em> et avec la s\u00e9rie <em>D\u00e9couverte<\/em> qui se tiendra <strong>au <a href=\"https:\/\/cimbcc.org\/test2\/chalet-marie-victorin-saint-bruno\" target=\"_blank\" rel=\"noopener\">Chalet Marie-Victorin<\/a> le vendredi apr\u00e8s-midi d\u00e8s le 14\u00a0janvier<\/strong>.<\/p>\n<p style=\"text-align: justify;\">Mais la premi\u00e8re activit\u00e9 propos\u00e9e aux membres en 2022 sera une <strong>vid\u00e9oconf\u00e9rence de Pierre Delisle<\/strong> sur les composantes du <strong>logiciel Zoom, le mardi\u00a011\u00a0janvier prochain<\/strong>.<\/p>\n<p style=\"text-align: justify;\">Vous trouverez aussi dans cet article des informations en lien avec les ateliers qui se tiendront \u00e0 l&rsquo;hiver 2022.<\/p>\n<p style=\"text-align: justify;\"><!--more--><\/p>\n<hr \/>\n<h4><strong>Mieux profiter des s\u00e9ances en ligne avec Zoom<\/strong><\/h4>\n<p style=\"text-align: justify;\">Depuis le d\u00e9but de la pand\u00e9mie, soit depuis plus d\u2019un an et demi maintenant, le Club a tenu toutes ses s\u00e9ances en ligne avec le logiciel Zoom. Les membres semblent l\u2019avoir grandement appr\u00e9ci\u00e9, car la participation aux s\u00e9ances a augment\u00e9 de plus de 35\u00a0%.<\/p>\n<p style=\"text-align: justify;\">Afin d\u2019aider les membres \u00e0 <strong>tirer le meilleur parti du logiciel Zoom<\/strong>, Pierre Delisle a pr\u00e9par\u00e9 41\u00a0tutoriels d\u2019initiation \u00e0 ce logiciel. Ils prennent la forme d\u2019une vid\u00e9o ou d\u2019un texte, certains sont m\u00eame disponibles sous ces deux formats. On peut y avoir acc\u00e8s sur le site Web du Club en cliquant sur le bouton rouge dans la banni\u00e8re de droite de la page d\u2019accueil ou sur celui-ci\u00a0:<\/p>\n<p><a href=\"https:\/\/cimbcc.org\/test2\/wp-content\/uploads\/divers_pdf_tutoriel_zoom_index_tableau.pdf\" target=\"_blank\" rel=\"noopener\"><img decoding=\"async\" class=\"aligncenter\" src=\"https:\/\/cimbcc.org\/test2\/wp-content\/uploads\/banniere_bouton_rouge_info_zoom.jpg\" \/><\/a><\/p>\n<p style=\"text-align: justify;\">Les 41\u00a0tutoriels sont r\u00e9unis en trois groupes o\u00f9 chaque tutoriel propos\u00e9 est adapt\u00e9 \u00e0 l\u2019utilisation de Zoom sur un ordinateur ou sur une tablette \u00e9lectronique.<\/p>\n<ul style=\"text-align: justify;\">\n<li><strong>Avant la pr\u00e9sentation <\/strong>\u2013 Ce groupe de 7 tutoriels vous aidera \u00e0 installer le logiciel Zoom selon les param\u00e8tres choisis, \u00e0 vous connecter \u00e0 une vid\u00e9oconf\u00e9rence et \u00e0 r\u00e9gler certains probl\u00e8mes.<\/li>\n<li><strong>Pendant une pr\u00e9sentation <\/strong>\u2013 Vous trouverez dans ce groupe 19\u00a0tutoriels de bons conseils pour mieux profiter d\u2019une vid\u00e9oconf\u00e9rence, par exemple\u00a0:<br \/>\n&#8211; comment activer ou d\u00e9sactiver son micro ou sa cam\u00e9ra,<br \/>\n&#8211; comment participer \u00e0 une discussion,<br \/>\n&#8211; comment changer le fond derri\u00e8re vous, etc.<\/li>\n<li><strong>Organiser\/Animer une rencontre<\/strong> \u2013 Ce troisi\u00e8me groupe vous propose 15\u00a0tutoriels utiles \u00e0 la personne qui d\u00e9sire organiser et animer une rencontre en ligne avec le logiciel Zoom.<\/li>\n<\/ul>\n<p style=\"text-align: justify;\">Ces tutoriels r\u00e9pondent aux questions le plus souvent pos\u00e9es sur Zoom. Prenez l\u2019habitude de les consulter r\u00e9guli\u00e8rement sur le site du Club. Vous serez ainsi de plus \u00e0 l\u2019aise avec Zoom et votre participation aux vid\u00e9oconf\u00e9rences du Club sera plus agr\u00e9able et efficace.<\/p>\n<hr \/>\n<h4><strong>Information sur les ateliers de l\u2019hiver\u00a02022<\/strong><\/h4>\n<p style=\"text-align: justify;\"><a href=\"https:\/\/cimbcc.org\/test2\/activites\/les-ateliers\" target=\"_blank\" rel=\"noopener\">La liste et la description des ateliers<\/a> qui seront propos\u00e9s aux membres au cours de\u00a0l\u2019hiver\u00a02022 pourront \u00eatre consult\u00e9es d\u00e8s le <strong>16\u00a0d\u00e9cembre<\/strong> sur le site Web du Club,\u00a0sous l\u2019onglet <em><u>Partage de connaissances<\/u><\/em>. Les membres recevront un message pour leur rappeler les ateliers qui seront offerts et quand s\u2019y inscrire.<\/p>\n<p style=\"text-align: justify;\"><strong>La p\u00e9riode d\u2019inscription <\/strong>\u00e0 ces ateliers s\u2019\u00e9tendra du <strong>jeudi\u00a06\u00a0janvier \u00e0 midi au samedi 8\u00a0janvier 2022 \u00e0 minuit<\/strong>. La majorit\u00e9 des ateliers se d\u00e9rouleront en vid\u00e9oconf\u00e9rence, quelques ateliers se tiendront en salle.<\/p>\n<p style=\"text-align: justify;\">Pour communiquer leurs questions ou leurs commentaires sur les ateliers, les membres sont invit\u00e9s \u00e0 utiliser l\u2019adresse de messagerie suivante\u00a0: <u><a href=\"mailto:ateliers.cimbcc@gmail.com\" target=\"_blank\" rel=\"noopener\">ateliers.cimbcc@gmail.com<\/a><\/u><\/p>\n<p style=\"text-align: justify;\">Il est conseill\u00e9 de porter une attention particuli\u00e8re \u00e0 certaines pr\u00e9sentations de la s\u00e9rie\u00a0<em><a href=\"https:\/\/cimbcc.org\/test2\/wp-content\/uploads\/calendrier_serie_facile.pdf\" target=\"_blank\" rel=\"noopener\">Facile<\/a><strong>\u00a0<\/strong><\/em>et de la s\u00e9rie\u00a0<a href=\"https:\/\/cimbcc.org\/test2\/wp-content\/uploads\/calendrier_serie_decouverte.pdf\" target=\"_blank\" rel=\"noopener\"><em>D\u00e9couverte<\/em><\/a>, car elles pourraient constituer un excellent moyen de d\u00e9velopper ses connaissances et de se pr\u00e9parer \u00e0 suivre l\u2019atelier de son choix.<\/p>\n<hr \/>\n<h4><strong>Le temps des F\u00eates<\/strong><\/h4>\n<p style=\"text-align: justify;\">En raison de la pand\u00e9mie, le souper annuel de No\u00ebl a malheureusement \u00e9t\u00e9 annul\u00e9 encore cette ann\u00e9e.<\/p>\n<p style=\"text-align: justify;\">Malgr\u00e9 le contexte actuel, le conseil d\u2019administration et moi-m\u00eame esp\u00e9rons que vous passerez de merveilleux moments pendant cette belle et joyeuse p\u00e9riode du temps des F\u00eates.<img loading=\"lazy\" decoding=\"async\" class=\"size-full wp-image-38020 aligncenter\" src=\"https:\/\/cimbcc.org\/test2\/wp-content\/uploads\/chip_2021_12_president_1.jpg\" alt=\"\" width=\"122\" height=\"139\" \/><\/p>\n<p style=\"text-align: justify;\">C\u2019est avec un esprit empreint de paix, de joie et d\u2019esp\u00e9rance que nous souhaitons \u00e0 tous les membres et b\u00e9n\u00e9voles du Club une <strong><em>Bonne et Heureuse Ann\u00e9e\u00a02022. <\/em><\/strong><\/p>\n<p style=\"text-align: justify;\">Au plaisir de vous revoir en janvier prochain,<\/p>\n<p>R\u00e9jean\u00a0C\u00f4t\u00e9, pr\u00e9sident<\/p>\n","protected":false},"excerpt":{"rendered":"<p>Comme chaque ann\u00e9e, les activit\u00e9s du Club sont suspendues pour la p\u00e9riode des F\u00eates. Elles reprendront en ligne le mercredi soir 12\u00a0janvier avec une s\u00e9ance de la s\u00e9rie Facile et avec la s\u00e9rie D\u00e9couverte qui se tiendra au Chalet Marie-Victorin le vendredi apr\u00e8s-midi d\u00e8s le 14\u00a0janvier. Mais la premi\u00e8re activit\u00e9 propos\u00e9e aux membres en 2022 &hellip; <a href=\"https:\/\/cimbcc.org\/test2\/mot-du-president-decembre-2021\/\" class=\"more-link\">Continuer la lecture de <span class=\"screen-reader-text\">Mot du pr\u00e9sident &#8211; d\u00e9cembre 2021<\/span>  <span class=\"meta-nav\">&rarr;<\/span><\/a><\/p>\n","protected":false},"author":43,"featured_media":0,"comment_status":"open","ping_status":"closed","sticky":false,"template":"","format":"standard","meta":{"footnotes":""},"categories":[11],"tags":[269,1487,371,370,1560,271,1277,1190],"class_list":["post-38017","post","type-post","status-publish","format-standard","hentry","category-mots-du-president","tag-ateliers","tag-salle-marie-victorin","tag-decouverte","tag-facile","tag-hiver-2022","tag-presentations","tag-videoconference","tag-zoom"],"_links":{"self":[{"href":"https:\/\/cimbcc.org\/test2\/wp-json\/wp\/v2\/posts\/38017","targetHints":{"allow":["GET"]}}],"collection":[{"href":"https:\/\/cimbcc.org\/test2\/wp-json\/wp\/v2\/posts"}],"about":[{"href":"https:\/\/cimbcc.org\/test2\/wp-json\/wp\/v2\/types\/post"}],"author":[{"embeddable":true,"href":"https:\/\/cimbcc.org\/test2\/wp-json\/wp\/v2\/users\/43"}],"replies":[{"embeddable":true,"href":"https:\/\/cimbcc.org\/test2\/wp-json\/wp\/v2\/comments?post=38017"}],"version-history":[{"count":11,"href":"https:\/\/cimbcc.org\/test2\/wp-json\/wp\/v2\/posts\/38017\/revisions"}],"predecessor-version":[{"id":38019,"href":"https:\/\/cimbcc.org\/test2\/wp-json\/wp\/v2\/posts\/38017\/revisions\/38019"}],"wp:attachment":[{"href":"https:\/\/cimbcc.org\/test2\/wp-json\/wp\/v2\/media?parent=38017"}],"wp:term":[{"taxonomy":"category","embeddable":true,"href":"https:\/\/cimbcc.org\/test2\/wp-json\/wp\/v2\/categories?post=38017"},{"taxonomy":"post_tag","embeddable":true,"href":"https:\/\/cimbcc.org\/test2\/wp-json\/wp\/v2\/tags?post=38017"}],"curies":[{"name":"wp","href":"https:\/\/api.w.org\/{rel}","templated":true}]}}