{"id":38128,"date":"2021-12-13T23:27:51","date_gmt":"2021-12-14T04:27:51","guid":{"rendered":"https:\/\/cimbcc.org\/test2\/?p=38128"},"modified":"2023-10-16T22:11:41","modified_gmt":"2023-10-17T02:11:41","slug":"bilan-des-series-facile-et-decouverte-pour-lautomne-2021-et-programmationpour-lhiver-2022","status":"publish","type":"post","link":"https:\/\/cimbcc.org\/test2\/bilan-des-series-facile-et-decouverte-pour-lautomne-2021-et-programmationpour-lhiver-2022\/","title":{"rendered":"Bilan des s\u00e9ries Facile et D\u00e9couverte pour l&rsquo;automne 2021 et programmation pour l&rsquo;hiver 2022"},"content":{"rendered":"<figure id=\"attachment_23657\" aria-describedby=\"caption-attachment-23657\" style=\"width: 255px\" class=\"wp-caption aligncenter\"><img loading=\"lazy\" decoding=\"async\" class=\"size-full wp-image-23657\" src=\"https:\/\/cimbcc.org\/test2\/wp-content\/uploads\/CHP-2019-01-10-Dufresne_B\u00e9langer.jpg\" alt=\"\" width=\"255\" height=\"125\" \/><figcaption id=\"caption-attachment-23657\" class=\"wp-caption-text\"><span style=\"color: #ffffff;\">mnm<\/span>C\u00e9line Dufresne<span style=\"color: #ffffff;\"> et<\/span> <span style=\"color: #ffffff;\">mmmmm<\/span>Guy B\u00e9langer<\/figcaption><\/figure>\n<p style=\"text-align: justify;\">Le 3 d\u00e9cembre dernier marquait la conclusion des pr\u00e9sentations des s\u00e9ries <strong><em>Facile<\/em><\/strong> et <strong><em>D\u00e9couverte<\/em><\/strong> du CIMBCC offertes \u00e0 l&rsquo;automne 2021.\u00a0 Cette saison a \u00e9t\u00e9 v\u00e9cue en mode vid\u00e9oconf\u00e9rence en raison de la pand\u00e9mie de COVID-19.<\/p>\n<p style=\"text-align: justify;\">Vous trouverez dans cet article un bilan des pr\u00e9sentations pour l&rsquo;automne qui vient de s&rsquo;\u00e9couler de m\u00eame qu&rsquo;un aper\u00e7u des pr\u00e9sentations pr\u00e9vues \u00e0 l&rsquo;hiver 2022.<\/p>\n<p><!--more--><\/p>\n<hr \/>\n<h4><strong>Bilan de l&rsquo;automne 2021<\/strong><\/h4>\n<h5><em><strong>S\u00e9rie Facile<\/strong><\/em><\/h5>\n<p style=\"text-align: justify;\">Les pr\u00e9sentations de la <a href=\"https:\/\/cimbcc.org\/test2\/wp-content\/uploads\/calendrier_serie_facile.pdf\" target=\"_blank\" rel=\"noopener\">s\u00e9rie <em><strong>Facile<\/strong><\/em><\/a> ont \u00e9t\u00e9 des reprises presque int\u00e9grales des trois derni\u00e8res saisons, mais avec des mises \u00e0 jour. Elles ont eu lieu les vendredis apr\u00e8s-midi, en mode vid\u00e9oconf\u00e9rence.<\/p>\n<p>Les sujets trait\u00e9s ont \u00e9t\u00e9 les suivants :<\/p>\n<ul>\n<li style=\"text-align: justify;\"><a href=\"https:\/\/fr.wikipedia.org\/wiki\/Windows_10\" target=\"_blank\" rel=\"noopener\">Windows 10<\/a>;<\/li>\n<li style=\"text-align: justify;\">Volets de s\u00e9curit\u00e9, <a href=\"https:\/\/fr.wikipedia.org\/wiki\/Virus_informatique\" target=\"_blank\" rel=\"noopener\">virus<\/a>, <a href=\"https:\/\/fr.wikipedia.org\/wiki\/Hame%C3%A7onnage\" target=\"_blank\" rel=\"noopener\">hame\u00e7onnage<\/a>, <a href=\"https:\/\/fr.wikipedia.org\/wiki\/Transaction_informatique\" target=\"_blank\" rel=\"noopener\">transactions \u00e9lectroniques<\/a>;<\/li>\n<li style=\"text-align: justify;\">Les caract\u00e9ristiques principales du <a href=\"https:\/\/fr.wikipedia.org\/wiki\/Navigateur_web\" target=\"_blank\" rel=\"noopener\">navigateur Web<\/a> <a href=\"https:\/\/fr.wikipedia.org\/wiki\/Google_Chrome\" target=\"_blank\" rel=\"noopener\">Chrome<\/a> de <a href=\"https:\/\/fr.wikipedia.org\/wiki\/Google\" target=\"_blank\" rel=\"noopener\">Google<\/a>;<\/li>\n<li style=\"text-align: justify;\">La gestion des <a href=\"https:\/\/fr.wikipedia.org\/wiki\/Fichier_informatique\" target=\"_blank\" rel=\"noopener\">fichiers<\/a> et des <a href=\"https:\/\/fr.wikipedia.org\/wiki\/R%C3%A9pertoire_(informatique)\" target=\"_blank\" rel=\"noopener\">dossiers<\/a>;<\/li>\n<li style=\"text-align: justify;\">L\u2019am\u00e9lioration et la gestion de nos <a href=\"https:\/\/fr.wikipedia.org\/wiki\/Photographie_num%C3%A9rique\" target=\"_blank\" rel=\"noopener\">photos<\/a>\u00a0;<\/li>\n<li style=\"text-align: justify;\">Le gestionnaire de courriel <a href=\"https:\/\/fr.wikipedia.org\/wiki\/Outlook.com\" target=\"_blank\" rel=\"noopener\">Outlook<\/a> de Microsoft;<\/li>\n<li style=\"text-align: justify;\">La mise en garde contre les <a href=\"https:\/\/fr.wikipedia.org\/wiki\/Fake_news\" target=\"_blank\" rel=\"noopener\">fausses nouvelles<\/a>;<\/li>\n<li style=\"text-align: justify;\">Divers <a href=\"https:\/\/fr.wikipedia.org\/wiki\/Google_(moteur_de_recherche)\" target=\"_blank\" rel=\"noopener\">outils de recherche<\/a> de Google.<\/li>\n<\/ul>\n<p style=\"text-align: justify;\">Le graphique suivant illustre la participation des membres \u00e0 la s\u00e9rie <em><strong>Facile<\/strong><\/em>.<\/p>\n<p><img loading=\"lazy\" decoding=\"async\" class=\"size-full wp-image-38130 aligncenter\" src=\"https:\/\/cimbcc.org\/test2\/wp-content\/uploads\/chip_2021_12_bilan_presentations_1.jpg\" alt=\"\" width=\"2081\" height=\"1360\" srcset=\"https:\/\/cimbcc.org\/test2\/wp-content\/uploads\/chip_2021_12_bilan_presentations_1.jpg 2081w, https:\/\/cimbcc.org\/test2\/wp-content\/uploads\/chip_2021_12_bilan_presentations_1-300x196.jpg 300w, https:\/\/cimbcc.org\/test2\/wp-content\/uploads\/chip_2021_12_bilan_presentations_1-1024x669.jpg 1024w, https:\/\/cimbcc.org\/test2\/wp-content\/uploads\/chip_2021_12_bilan_presentations_1-768x502.jpg 768w, https:\/\/cimbcc.org\/test2\/wp-content\/uploads\/chip_2021_12_bilan_presentations_1-1536x1004.jpg 1536w, https:\/\/cimbcc.org\/test2\/wp-content\/uploads\/chip_2021_12_bilan_presentations_1-2048x1338.jpg 2048w\" sizes=\"auto, (max-width: 2081px) 100vw, 2081px\" \/><\/p>\n<h5><em><strong>S\u00e9rie D\u00e9couverte<\/strong><\/em><\/h5>\n<p style=\"text-align: justify;\">La <a href=\"https:\/\/cimbcc.org\/test2\/wp-content\/uploads\/calendrier_serie_decouverte.pdf\" target=\"_blank\" rel=\"noopener\">s\u00e9rie <strong><em>D\u00e9couverte<\/em><\/strong><\/a> a pr\u00e9sent\u00e9 des sujets nouveaux ou qui n\u2019avaient pas \u00e9t\u00e9 pr\u00e9sent\u00e9s depuis au moins trois ans, les mercredis soir en mode de vid\u00e9oconf\u00e9rence.<\/p>\n<p>Les sujets trait\u00e9s furent les suivants\u00a0:<\/p>\n<ul>\n<li style=\"text-align: justify;\">Certains \u00e9l\u00e9ments de <a href=\"https:\/\/fr.wikipedia.org\/wiki\/Microsoft_Word\" target=\"_blank\" rel=\"noopener\">Word<\/a>;<\/li>\n<li style=\"text-align: justify;\">Faits saillants de <a href=\"https:\/\/fr.wikipedia.org\/wiki\/Windows_11\" target=\"_blank\" rel=\"noopener\">Windows 11<\/a>;<\/li>\n<li style=\"text-align: justify;\">Divers programmes et utilitaires de <a href=\"https:\/\/fr.wikipedia.org\/wiki\/Windows_10\" target=\"_blank\" rel=\"noopener\">Windows 10<\/a>;<\/li>\n<li style=\"text-align: justify;\">Cr\u00e9ation d\u2019un <a href=\"https:\/\/fr.wikipedia.org\/wiki\/Site_web\" target=\"_blank\" rel=\"noopener\">site Web<\/a> avec <a href=\"https:\/\/fr.wikipedia.org\/wiki\/WordPress\" target=\"_blank\" rel=\"noopener\">WordPress<\/a>;<\/li>\n<li style=\"text-align: justify;\">Des sites fiables pour se maintenir en bonne sant\u00e9;<\/li>\n<li style=\"text-align: justify;\">Utilisation d\u2019une <a href=\"https:\/\/fr.wikipedia.org\/wiki\/Signature_num%C3%A9rique\" target=\"_blank\" rel=\"noopener\">signature \u00e9lectronique<\/a>;<\/li>\n<li style=\"text-align: justify;\">Les <a href=\"https:\/\/fr.wikipedia.org\/wiki\/Calculateur_quantique\" target=\"_blank\" rel=\"noopener\">ordinateurs quantiques<\/a>;<\/li>\n<li style=\"text-align: justify;\">Introduction au logiciel <a href=\"https:\/\/fr.wikipedia.org\/wiki\/Microsoft_Access\" target=\"_blank\" rel=\"noopener\">Access<\/a> de Microsoft;<\/li>\n<li style=\"text-align: justify;\">La <a href=\"https:\/\/fr.wikipedia.org\/wiki\/5G\" target=\"_blank\" rel=\"noopener\">technologie 5G<\/a>;<\/li>\n<li style=\"text-align: justify;\">Diverses applications pour apprendre une langue;<\/li>\n<li style=\"text-align: justify;\">Revue de diff\u00e9rents <a href=\"https:\/\/fr.wikipedia.org\/wiki\/Navigateur_web\" target=\"_blank\" rel=\"noopener\">navigateurs Web<\/a>, <a href=\"https:\/\/fr.wikipedia.org\/wiki\/Google_Chrome\" target=\"_blank\" rel=\"noopener\">Chrome<\/a>, <a href=\"https:\/\/fr.wikipedia.org\/wiki\/Microsoft_Edge\" target=\"_blank\" rel=\"noopener\">Edge<\/a>, <a href=\"https:\/\/fr.wikipedia.org\/wiki\/Mozilla_Firefox\" target=\"_blank\" rel=\"noopener\">Firefox<\/a>, <a href=\"https:\/\/fr.wikipedia.org\/wiki\/Safari_(navigateur_web)\" target=\"_blank\" rel=\"noopener\">Safari<\/a>;<\/li>\n<li style=\"text-align: justify;\">Les <a href=\"https:\/\/fr.wikipedia.org\/wiki\/Bitcoin\" target=\"_blank\" rel=\"noopener\">Bitcoins<\/a> et les <a href=\"https:\/\/fr.wikipedia.org\/wiki\/Blockchain\" target=\"_blank\" rel=\"noopener\">cha\u00eenes de blocs<\/a>;<\/li>\n<li style=\"text-align: justify;\">Des trucs utiles pour les utilisateurs de <a href=\"https:\/\/fr.wikipedia.org\/wiki\/Gmail\" target=\"_blank\" rel=\"noopener\">Gmail<\/a>;<\/li>\n<li style=\"text-align: justify;\">Suggestions de cadeaux informatiques et \u00e9lectroniques pour No\u00ebl.<\/li>\n<\/ul>\n<p style=\"text-align: justify;\">Notons que l\u2019assembl\u00e9e g\u00e9n\u00e9rale annuelle des membres du CIMBCC a \u00e9t\u00e9 tenue le 20 octobre 2021. Lors de cette soir\u00e9e, une pr\u00e9sentation ax\u00e9e sur les <a href=\"https:\/\/fr.wikipedia.org\/wiki\/Assistant_personnel_intelligent\" target=\"_blank\" rel=\"noopener\">assistants vocaux<\/a> (<a href=\"https:\/\/fr.wikipedia.org\/wiki\/Siri_(logiciel)\" target=\"_blank\" rel=\"noopener\">Apple<\/a> et <a href=\"https:\/\/fr.wikipedia.org\/wiki\/Assistant_Google\" target=\"_blank\" rel=\"noopener\">Google<\/a>) a mis en relief les diff\u00e9rences entre ces deux syst\u00e8mes.<\/p>\n<p style=\"text-align: justify;\">La participation des membres a aussi \u00e9t\u00e9 <strong>exceptionnelle<\/strong> comme l\u2019illustre le graphique suivant\u00a0:<\/p>\n<p><strong> <img loading=\"lazy\" decoding=\"async\" class=\"size-full wp-image-38131 aligncenter\" src=\"https:\/\/cimbcc.org\/test2\/wp-content\/uploads\/chip_2021_12_bilan_presentations_2.jpg\" alt=\"\" width=\"2081\" height=\"1307\" srcset=\"https:\/\/cimbcc.org\/test2\/wp-content\/uploads\/chip_2021_12_bilan_presentations_2.jpg 2081w, https:\/\/cimbcc.org\/test2\/wp-content\/uploads\/chip_2021_12_bilan_presentations_2-300x188.jpg 300w, https:\/\/cimbcc.org\/test2\/wp-content\/uploads\/chip_2021_12_bilan_presentations_2-1024x643.jpg 1024w, https:\/\/cimbcc.org\/test2\/wp-content\/uploads\/chip_2021_12_bilan_presentations_2-768x482.jpg 768w, https:\/\/cimbcc.org\/test2\/wp-content\/uploads\/chip_2021_12_bilan_presentations_2-1536x965.jpg 1536w, https:\/\/cimbcc.org\/test2\/wp-content\/uploads\/chip_2021_12_bilan_presentations_2-2048x1286.jpg 2048w\" sizes=\"auto, (max-width: 2081px) 100vw, 2081px\" \/><\/strong><\/p>\n<h5><em>Remerciements<\/em><\/h5>\n<p style=\"text-align: justify;\">Pour leur contribution essentielle au succ\u00e8s de cet automne 2021, nous d\u00e9sirons remercier chaleureusement les personnes suivantes :<\/p>\n<p style=\"text-align: justify;\">Tout d&rsquo;abord, les pr\u00e9sentatrices :<\/p>\n<ul>\n<li style=\"text-align: justify;\">Nicole Comtois;<\/li>\n<li style=\"text-align: justify;\">France Couture.<\/li>\n<\/ul>\n<p style=\"text-align: justify;\">Ensuite, les pr\u00e9sentateurs :<\/p>\n<ul>\n<li style=\"text-align: justify;\">Denis Charron;<\/li>\n<li style=\"text-align: justify;\">R\u00e9jean C\u00f4t\u00e9;<\/li>\n<li style=\"text-align: justify;\">Pierre Delisle;<\/li>\n<li style=\"text-align: justify;\">Michel Gagn\u00e9;<\/li>\n<li style=\"text-align: justify;\">Sylvain Garneau;<\/li>\n<li style=\"text-align: justify;\">Michel Paul;<\/li>\n<li style=\"text-align: justify;\">Jean Presne;<\/li>\n<li style=\"text-align: justify;\">Charles Terreault.<\/li>\n<\/ul>\n<p style=\"text-align: justify;\">Et, finalement, les conf\u00e9renciers du club informatique de Brossard :<\/p>\n<ul>\n<li>Germain B\u00e9langer;<\/li>\n<li style=\"text-align: justify;\">Denis Bergeron;<\/li>\n<li>Jean-Pierre Bonneau.<\/li>\n<\/ul>\n<p style=\"text-align: justify;\">Ces pr\u00e9sentatrices et pr\u00e9sentateurs ont \u00e9t\u00e9 second\u00e9s par la pr\u00e9sence de la mod\u00e9ratrice et des mod\u00e9rateurs suivants :<\/p>\n<ul>\n<li>C\u00e9line Dufresne;<\/li>\n<li>Guy B\u00e9langer;<\/li>\n<li style=\"text-align: justify;\">Pierre Delisle.<\/li>\n<\/ul>\n<hr \/>\n<h4><strong>Programmation des pr\u00e9sentations pour l&rsquo;hiver 2022<\/strong><\/h4>\n<p style=\"text-align: justify;\">La s\u00e9ance d&rsquo;information traitant de l&rsquo;<strong>utilisation efficace de l\u2019application Zoom<\/strong>, d\u00e9j\u00e0 pr\u00e9sent\u00e9e en septembre dernier, sera reprise <strong>mardi soir <span style=\"color: #ff0000;\">11 janvier<\/span>, en vid\u00e9oconf\u00e9rence<\/strong>.<\/p>\n<p style=\"text-align: justify;\">D&rsquo;autre part, la planification pour la saison hiver 2022 est d\u00e9j\u00e0 bien amorc\u00e9e.<\/p>\n<h5><em>S\u00e9rie Facile<\/em><\/h5>\n<p style=\"text-align: justify;\">Les pr\u00e9sentations de la <a href=\"https:\/\/cimbcc.org\/test2\/wp-content\/uploads\/calendrier_serie_facile.pdf\" target=\"_blank\" rel=\"noopener\">s\u00e9rie <strong><em>Facile<\/em><\/strong><\/a> seront reprises telles qu\u2019offertes \u00e0 l\u2019automne. Celles-ci seront tenues <strong>en mode vid\u00e9oconf\u00e9rence les mercredis soir, \u00e0 compter du <span style=\"color: #ff0000;\">12 janvier<\/span><\/strong>.<\/p>\n<h5><em>S\u00e9rie D\u00e9couverte<\/em><\/h5>\n<p style=\"text-align: justify;\">Pour la <a href=\"https:\/\/cimbcc.org\/test2\/wp-content\/uploads\/calendrier_serie_decouverte.pdf\" target=\"_blank\" rel=\"noopener\">s\u00e9rie <strong><em>D\u00e9couverte<\/em><\/strong><\/a>, la grande majorit\u00e9 des pr\u00e9sentations de l\u2019automne seront reprises \u00e0 l\u2019hiver, <strong>les vendredis apr\u00e8s-midi, \u00e0 compter du <span style=\"color: #ff0000;\">14 janvier<\/span><\/strong>.<\/p>\n<p>Les nouveaux sujets seront\u00a0:<\/p>\n<ul>\n<li>L\u2019<a href=\"https:\/\/fr.wikipedia.org\/wiki\/Internet_des_objets\" target=\"_blank\" rel=\"noopener\">Internet des objets<\/a>;<\/li>\n<li>Certains \u00e9l\u00e9ments du logiciel <a href=\"https:\/\/fr.wikipedia.org\/wiki\/Microsoft_Excel\" target=\"_blank\" rel=\"noopener\">Excel<\/a> de Microsoft;<\/li>\n<li>Une revue des <a href=\"https:\/\/fr.wikipedia.org\/wiki\/R%C3%A9seau_social\" target=\"_blank\" rel=\"noopener\">r\u00e9seaux sociaux<\/a>, <a href=\"https:\/\/fr.wikipedia.org\/wiki\/Facebook\" target=\"_blank\" rel=\"noopener\">Facebook<\/a>, <a href=\"https:\/\/fr.wikipedia.org\/wiki\/Twitter\" target=\"_blank\" rel=\"noopener\">Twitter<\/a>, <a href=\"https:\/\/fr.wikipedia.org\/wiki\/Instagram\" target=\"_blank\" rel=\"noopener\">Instagram<\/a>;<\/li>\n<li>Des applications pour d\u00e9couvrir et explorer la nature.<\/li>\n<\/ul>\n<p style=\"text-align: justify;\">La recrudescence de la pand\u00e9mie de COVID-19 avec le <a href=\"https:\/\/fr.wikipedia.org\/wiki\/Variants_Kappa_et_Delta_du_SARS-CoV-2\" target=\"_blank\" rel=\"noopener\">variant Delta<\/a> et l\u2019\u00e9mergence du <a href=\"https:\/\/fr.wikipedia.org\/wiki\/Variant_Omicron_du_SARS-CoV-2\" target=\"_blank\" rel=\"noopener\">variant Omicron<\/a> incitent le CIMBCC \u00e0 <strong>retarder jusqu\u2019au d\u00e9but janvier la d\u00e9cision sur le mode de pr\u00e9sentation \u00e0 utiliser \u00e0 l&rsquo;hiver 2022 pour la s\u00e9rie <em>D\u00e9couverte<\/em><\/strong>, soit :<\/p>\n<ul>\n<li style=\"text-align: justify;\">En pr\u00e9sentiel,<\/li>\n<li style=\"text-align: justify;\">En vid\u00e9oconf\u00e9rence, ou<\/li>\n<li style=\"text-align: justify;\">En mode hybride.<\/li>\n<\/ul>\n<p style=\"text-align: justify;\">Des informations suppl\u00e9mentaires vous seront communiqu\u00e9es \u00e0 l&rsquo;aide des messages hebdomadaires envoy\u00e9s aux membres du Club.<\/p>\n<h5><em>S\u00e9rie iOS et Android<\/em><\/h5>\n<p style=\"text-align: justify;\"><strong>\u00c0 compter du <span style=\"color: #ff0000;\">13 avril<\/span><\/strong>, la <a href=\"https:\/\/cimbcc.org\/test2\/wp-content\/uploads\/calendrier_serie_ios_android.pdf\" target=\"_blank\" rel=\"noopener\">s\u00e9rie <strong><em>iOS &amp; Android<\/em><\/strong><\/a> comptant quatre conf\u00e9rences ax\u00e9es sur les appareils mobiles, t\u00e9l\u00e9phones et tablettes, utilisant les syst\u00e8mes d\u2019exploitation <a href=\"https:\/\/fr.wikipedia.org\/wiki\/Android\" target=\"_blank\" rel=\"noopener\">Android<\/a> ou <a href=\"https:\/\/fr.wikipedia.org\/wiki\/IOS\" target=\"_blank\" rel=\"noopener\">iOS<\/a> reviendra en force en mode vid\u00e9oconf\u00e9rence.<\/p>\n<p style=\"text-align: justify;\">Les divers sujets trait\u00e9s seront les suivants :<\/p>\n<ul style=\"text-align: justify;\">\n<li>Les <a href=\"https:\/\/fr.wikipedia.org\/wiki\/Smartwatch\" target=\"_blank\" rel=\"noopener\">montres intelligentes<\/a>;<\/li>\n<li>Le branchement des <a href=\"https:\/\/fr.wikipedia.org\/wiki\/Appareil_mobile\" target=\"_blank\" rel=\"noopener\">appareils mobiles<\/a> \u00e0 un t\u00e9l\u00e9viseur;<\/li>\n<li>Divers outils de lecture;<\/li>\n<li>Une s\u00e9rie d\u2019applications de <a href=\"https:\/\/fr.wikipedia.org\/wiki\/Google\" target=\"_blank\" rel=\"noopener\">Google<\/a>\u00a0(<a href=\"https:\/\/fr.wikipedia.org\/wiki\/Google_Keep\" target=\"_blank\" rel=\"noopener\">Keep<\/a>, <a href=\"https:\/\/fr.wikipedia.org\/wiki\/Google_Traduction\" target=\"_blank\" rel=\"noopener\">Traduction<\/a>, <a href=\"https:\/\/fr.wikipedia.org\/wiki\/Google_Lens\" target=\"_blank\" rel=\"noopener\">Lens<\/a>, <a href=\"https:\/\/fr.wikipedia.org\/wiki\/Google_Drive\" target=\"_blank\" rel=\"noopener\">Drive<\/a>, <a href=\"https:\/\/fr.wikipedia.org\/wiki\/Google_Photos\" target=\"_blank\" rel=\"noopener\">Photos<\/a>) et un d\u00e9riv\u00e9 de <a href=\"https:\/\/fr.wikipedia.org\/wiki\/Facebook\" target=\"_blank\" rel=\"noopener\">Facebook<\/a>, <a href=\"https:\/\/fr.wikipedia.org\/wiki\/Facebook_Messenger\" target=\"_blank\" rel=\"noopener\">Messenger<\/a>.<\/li>\n<\/ul>\n<h5 style=\"text-align: justify;\"><em>Calendriers et notes de pr\u00e9sentation<\/em><\/h5>\n<p style=\"text-align: justify;\">Nous d\u00e9sirons attirer votre attention sur la possibilit\u00e9 de consulter en tout temps le calendrier des diff\u00e9rentes s\u00e9ries en acc\u00e9dant au <a href=\"https:\/\/cimbcc.org\/test2\/\" target=\"_blank\" rel=\"noopener\">site Web du CIMBCC<\/a> et en cliquant sur l\u2019une ou l\u2019autre des s\u00e9ries <a href=\"https:\/\/cimbcc.org\/test2\/wp-content\/uploads\/calendrier_serie_facile.pdf\" target=\"_blank\" rel=\"noopener\"><strong><em>Facile<\/em><\/strong><\/a>, <a href=\"https:\/\/cimbcc.org\/test2\/wp-content\/uploads\/calendrier_serie_decouverte.pdf\" target=\"_blank\" rel=\"noopener\"><strong><em>D\u00e9couverte<\/em><\/strong><\/a> ou <a href=\"https:\/\/cimbcc.org\/test2\/wp-content\/uploads\/calendrier_serie_ios_android.pdf\" target=\"_blank\" rel=\"noopener\"><strong><em>iOS &amp; Android<\/em><\/strong><\/a> sous la rubrique <em>Calendriers et notes de pr\u00e9sentations<\/em>, \u00e0 droite de votre \u00e9cran.<\/p>\n<p style=\"text-align: justify;\">Vous pourrez d\u00e9couvrir les <strong>titres et dates des pr\u00e9sentations pass\u00e9es et \u00e0 venir<\/strong> ainsi que les notes d\u2019exercices ou les d\u00e9marches et les exemples utilis\u00e9s.<\/p>\n<h5 style=\"text-align: justify;\"><em>Invitation<\/em><\/h5>\n<p style=\"text-align: justify;\"><strong>Nous vous attendons nombreuses et nombreux pour cette prochaine saison<\/strong> qui, nous l\u2019esp\u00e9rons, vous fera d\u00e9couvrir ou approfondir divers outils informatiques qui vous seront utiles.<\/p>\n<p style=\"text-align: justify;\">C\u00e9line Dufresne et Guy B\u00e9langer<br \/>\nCo-responsables des s\u00e9ances du mercredi et du vendredi<\/p>\n","protected":false},"excerpt":{"rendered":"<p>Le 3 d\u00e9cembre dernier marquait la conclusion des pr\u00e9sentations des s\u00e9ries Facile et D\u00e9couverte du CIMBCC offertes \u00e0 l&rsquo;automne 2021.\u00a0 Cette saison a \u00e9t\u00e9 v\u00e9cue en mode vid\u00e9oconf\u00e9rence en raison de la pand\u00e9mie de COVID-19. Vous trouverez dans cet article un bilan des pr\u00e9sentations pour l&rsquo;automne qui vient de s&rsquo;\u00e9couler de m\u00eame qu&rsquo;un aper\u00e7u des &hellip; <a href=\"https:\/\/cimbcc.org\/test2\/bilan-des-series-facile-et-decouverte-pour-lautomne-2021-et-programmationpour-lhiver-2022\/\" class=\"more-link\">Continuer la lecture de <span class=\"screen-reader-text\">Bilan des s\u00e9ries Facile et D\u00e9couverte pour l&rsquo;automne 2021 et programmation pour l&rsquo;hiver 2022<\/span>  <span class=\"meta-nav\">&rarr;<\/span><\/a><\/p>\n","protected":false},"author":43,"featured_media":0,"comment_status":"open","ping_status":"closed","sticky":false,"template":"","format":"standard","meta":{"footnotes":""},"categories":[402],"tags":[1511,79,371,370,1560,271],"class_list":["post-38128","post","type-post","status-publish","format-standard","hentry","category-activites-du-club","tag-automne-2021","tag-bilan","tag-decouverte","tag-facile","tag-hiver-2022","tag-presentations"],"_links":{"self":[{"href":"https:\/\/cimbcc.org\/test2\/wp-json\/wp\/v2\/posts\/38128","targetHints":{"allow":["GET"]}}],"collection":[{"href":"https:\/\/cimbcc.org\/test2\/wp-json\/wp\/v2\/posts"}],"about":[{"href":"https:\/\/cimbcc.org\/test2\/wp-json\/wp\/v2\/types\/post"}],"author":[{"embeddable":true,"href":"https:\/\/cimbcc.org\/test2\/wp-json\/wp\/v2\/users\/43"}],"replies":[{"embeddable":true,"href":"https:\/\/cimbcc.org\/test2\/wp-json\/wp\/v2\/comments?post=38128"}],"version-history":[{"count":15,"href":"https:\/\/cimbcc.org\/test2\/wp-json\/wp\/v2\/posts\/38128\/revisions"}],"predecessor-version":[{"id":38132,"href":"https:\/\/cimbcc.org\/test2\/wp-json\/wp\/v2\/posts\/38128\/revisions\/38132"}],"wp:attachment":[{"href":"https:\/\/cimbcc.org\/test2\/wp-json\/wp\/v2\/media?parent=38128"}],"wp:term":[{"taxonomy":"category","embeddable":true,"href":"https:\/\/cimbcc.org\/test2\/wp-json\/wp\/v2\/categories?post=38128"},{"taxonomy":"post_tag","embeddable":true,"href":"https:\/\/cimbcc.org\/test2\/wp-json\/wp\/v2\/tags?post=38128"}],"curies":[{"name":"wp","href":"https:\/\/api.w.org\/{rel}","templated":true}]}}