{"id":38158,"date":"2021-12-22T19:00:23","date_gmt":"2021-12-23T00:00:23","guid":{"rendered":"https:\/\/cimbcc.org\/test2\/?p=38158"},"modified":"2023-10-16T22:11:41","modified_gmt":"2023-10-17T02:11:41","slug":"echos-du-conseil-dadministration-7-decembre-2021","status":"publish","type":"post","link":"https:\/\/cimbcc.org\/test2\/echos-du-conseil-dadministration-7-decembre-2021\/","title":{"rendered":"\u00c9chos du conseil d&rsquo;administration &#8211; 7 d\u00e9cembre 2021"},"content":{"rendered":"<figure id=\"attachment_37822\" aria-describedby=\"caption-attachment-37822\" style=\"width: 513px\" class=\"wp-caption alignright\"><img loading=\"lazy\" decoding=\"async\" class=\"size-full wp-image-37822\" src=\"https:\/\/cimbcc.org\/test2\/wp-content\/uploads\/photo_ca_2021_2022_novembre_2021.jpg\" alt=\"CA 2021-2022\" width=\"513\" height=\"367\" srcset=\"https:\/\/cimbcc.org\/test2\/wp-content\/uploads\/photo_ca_2021_2022_novembre_2021.jpg 513w, https:\/\/cimbcc.org\/test2\/wp-content\/uploads\/photo_ca_2021_2022_novembre_2021-300x215.jpg 300w\" sizes=\"auto, (max-width: 513px) 100vw, 513px\" \/><figcaption id=\"caption-attachment-37822\" class=\"wp-caption-text\">Dans l\u2019ordre habituel : Danielle Barab\u00e9, Nicole Comtois, Michel C\u00f4t\u00e9, R\u00e9jean C\u00f4t\u00e9, Berthe Demers, C\u00e9line Dufresne, Michel Gagn\u00e9, Richard Gervais, Sylvie Mazur, Michel Paul, Danielle Provost<\/figcaption><\/figure>\n<p style=\"text-align: justify;\">Parmi les sujets trait\u00e9s \u00e0 sa r\u00e9union du 7\u00a0d\u00e9cembre dernier, on retiendra ici que le conseil d\u2019administration a salu\u00e9 l\u2019engagement de b\u00e9n\u00e9voles qui ont accept\u00e9 de se charger de t\u00e2ches incontournables.<\/p>\n<p style=\"text-align: justify;\">Il a aussi consacr\u00e9 beaucoup de temps \u00e0 planifier et la reprise des activit\u00e9s du Club en janvier et la r\u00e9union des responsables de ces activit\u00e9s.<\/p>\n<p style=\"text-align: justify;\">Enfin, le rapport financier d\u00e9pos\u00e9 par la tr\u00e9sori\u00e8re a fait \u00e9tat de la bonne sant\u00e9 financi\u00e8re du Club.<\/p>\n<p><!--more--><\/p>\n<hr \/>\n<h4><strong>B\u00e9n\u00e9voles<\/strong><\/h4>\n<p style=\"text-align: justify;\">Le conseil d\u2019administration remercie les membres qui acceptent de s\u2019engager dans une activit\u00e9 du Club. Les personnes suivantes sont soit de nouveaux b\u00e9n\u00e9voles soit des b\u00e9n\u00e9voles qui acceptent une nouvelle responsabilit\u00e9.<\/p>\n<ul>\n<li style=\"text-align: justify;\"><strong>Jocelyne Girard<\/strong> se joint \u00e0 l\u2019\u00e9quipe du registre des membres. Sa participation \u00e0 l\u2019entr\u00e9e de donn\u00e9es sera tr\u00e8s appr\u00e9ci\u00e9e.<\/li>\n<li style=\"text-align: justify;\"><strong>Serge Fournier<\/strong> a accept\u00e9 de donner un coup de main comme mod\u00e9rateur de s\u00e9ances en ligne. Il peut aussi d\u00e9panner des membres qui ont de la difficult\u00e9 \u00e0 se connecter avec le logiciel Zoom.<\/li>\n<li style=\"text-align: justify;\"><strong>Rita Olsthoorn<\/strong> et <strong>Colette Gervais<\/strong> se joignent \u00e0 <strong>France Massicotte<\/strong>, <strong>Diane Ferland-Vann<\/strong> et <strong>Colette Demers<\/strong>. Ces cinq b\u00e9n\u00e9voles forment l\u2019\u00e9quipe qui assure <a href=\"https:\/\/cimbcc.org\/test2\/linscription\" target=\"_blank\" rel=\"noopener\">l\u2019inscription<\/a> et l\u2019accompagnement t\u00e9l\u00e9phoniques des nouveaux membres.<\/li>\n<\/ul>\n<hr \/>\n<h4 style=\"text-align: justify;\"><strong>Pr\u00e9paratifs pour la reprise des s\u00e9ances du mercredi et du vendredi en janvier 2022<\/strong><\/h4>\n<p style=\"text-align: justify;\">Une grande partie de la rencontre a \u00e9t\u00e9 consacr\u00e9e \u00e0 passer en revue l\u2019\u00e9tat des pr\u00e9paratifs pour la tenue des s\u00e9ances du <strong>vendredi apr\u00e8s-midi<\/strong> au Chalet Marie-Victorin \u00e0 compter du 14\u00a0janvier prochain. Entre autres, il faut pr\u00e9voir la mise en place de la salle, la v\u00e9rification de l\u2019\u00e9quipement n\u00e9cessaire, l\u2019accueil des membres et la v\u00e9rification de leur passeport vaccinal\u2026<\/p>\n<p style=\"text-align: justify;\"><strong><em>Au moment de r\u00e9diger ces <\/em>\u00c9chos<em>, le gouvernement du Qu\u00e9bec a annonc\u00e9 de nouvelles restrictions pour contrer la pand\u00e9mie de la COVID-19. Le conseil d\u2019administration devra se demander \u00e0 sa r\u00e9union du 4\u00a0janvier <span style=\"text-decoration: underline;\">s\u2019il est possible de maintenir ou non ce projet de tenir les s\u00e9ances du vendredi en salle<\/span> ou s\u2019il faudra continuer \u00e0 les offrir en ligne. Les membres seront inform\u00e9s rapidement de la d\u00e9cision qui sera prise.<\/em><\/strong><\/p>\n<p style=\"text-align: justify;\">Les s\u00e9ances du <strong>mercredi soir<\/strong> continueront \u00e0 se tenir en ligne cet hiver gr\u00e2ce au logiciel Zoom. D\u2019ailleurs, le nombre de membres qui se sont connect\u00e9s aux s\u00e9ances de l\u2019automne, le mercredi soir et le vendredi apr\u00e8s-midi, \u00e9tait tr\u00e8s encourageant. Relire \u00e0 ce sujet le <a href=\"https:\/\/cimbcc.org\/test2\/bilan-des-series-facile-et-decouverte-pour-lautomne-2021-et-programmationpour-lhiver-2022\" target=\"_blank\" rel=\"noopener\">bilan de l\u2019automne 2021<\/a> publi\u00e9 par les responsables, C\u00e9line Dufresne et Guy B\u00e9langer.<\/p>\n<hr \/>\n<h4><strong>Ateliers de l\u2019hiver\u00a02022<\/strong><\/h4>\n<p style=\"text-align: justify;\">Onze ateliers seront propos\u00e9s aux membres cet hiver. Ces ateliers se tiendront entre le 24\u00a0janvier et le 18\u00a0avril. Ils se d\u00e9rouleront en vid\u00e9oconf\u00e9rence \u00e0 l\u2019exception de l\u2019atelier sur Arduino et de celui sur la construction d\u2019un site Web avec WordPress qui se tiendront au Centre communautaire de Saint-Bruno-de-Montarville.<\/p>\n<p style=\"text-align: justify;\"><strong>Contrairement aux s\u00e9ances du mercredi et du vendredi, les membres doivent s\u2019inscrire pour participer \u00e0 un atelier.<\/strong> L\u2019inscription pourra se faire exclusivement <a href=\"https:\/\/cimbcc.org\/test2\/activites\/les-ateliers\" target=\"_blank\" rel=\"noopener\">sur le site Web du Club<\/a> <strong>entre le jeudi\u00a06\u00a0janvier \u00e0 midi et le samedi\u00a08\u00a0janvier \u00e0 minuit<\/strong>. Un message a \u00e9t\u00e9 transmis \u00e0 tous les membres pour les inviter \u00e0 consulter la description des ateliers et \u00e0 s\u2019inscrire pendant la p\u00e9riode d\u2019ouverture des inscriptions.<\/p>\n<hr \/>\n<h4><strong>R\u00e9union des responsables d\u2019activit\u00e9 <\/strong><\/h4>\n<p style=\"text-align: justify;\">En janvier aura lieu la prochaine <strong>r\u00e9union des responsables d\u2019activit\u00e9<\/strong> avec les membres du conseil d\u2019administration. Elle aura pour objectif de leur pr\u00e9senter un \u00e9tat de situation du Club, les enjeux actuels et les orientations privil\u00e9gi\u00e9es.<\/p>\n<p style=\"text-align: justify;\">Ils seront invit\u00e9s \u00e0 r\u00e9agir \u00e0 cette pr\u00e9sentation et ceux qui le souhaitent pourront aussi exposer l\u2019\u00e9tat de situation de leur activit\u00e9, ses enjeux et les orientations qu\u2019ils proposent.<\/p>\n<hr \/>\n<h4><strong>Rapport financier<\/strong><\/h4>\n<p style=\"text-align: justify;\">Les activit\u00e9s de l\u2019automne se sont toutes (ou presque) d\u00e9roul\u00e9es en ligne et elles n\u2019ont exig\u00e9 que peu de ressources financi\u00e8res. Le surplus budg\u00e9taire anticip\u00e9 dans les pr\u00e9visions de 2021-2022 sera sans doute plus important que pr\u00e9vu. Le conseil d\u2019administration en profitera sans doute pour renouveler quelques \u00e9quipements vieillissants comme certains ordinateurs et pour combler des besoins insatisfaits.<\/p>\n<p style=\"text-align: justify;\">Le conseil d\u2019administration a approuv\u00e9 le renouvellement de son contrat d\u2019assurance avec BFL Canada, le programme d\u2019assurances des OSBL des municipalit\u00e9s parrain\u00e9 par l\u2019Union des municipalit\u00e9s du Qu\u00e9bec. Les recherches faites l\u2019an dernier par la tr\u00e9sori\u00e8re ont convaincu le conseil qu\u2019aucun autre assureur ne souhaite assurer un OSBL \u00e0 un prix raisonnable.<\/p>\n<p>Sylvie Mazur<br \/>\nSecr\u00e9taire du conseil d\u2019administration<\/p>\n","protected":false},"excerpt":{"rendered":"<p>Parmi les sujets trait\u00e9s \u00e0 sa r\u00e9union du 7\u00a0d\u00e9cembre dernier, on retiendra ici que le conseil d\u2019administration a salu\u00e9 l\u2019engagement de b\u00e9n\u00e9voles qui ont accept\u00e9 de se charger de t\u00e2ches incontournables. Il a aussi consacr\u00e9 beaucoup de temps \u00e0 planifier et la reprise des activit\u00e9s du Club en janvier et la r\u00e9union des responsables de &hellip; <a href=\"https:\/\/cimbcc.org\/test2\/echos-du-conseil-dadministration-7-decembre-2021\/\" class=\"more-link\">Continuer la lecture de <span class=\"screen-reader-text\">\u00c9chos du conseil d&rsquo;administration &#8211; 7 d\u00e9cembre 2021<\/span>  <span class=\"meta-nav\">&rarr;<\/span><\/a><\/p>\n","protected":false},"author":43,"featured_media":0,"comment_status":"open","ping_status":"closed","sticky":false,"template":"","format":"standard","meta":{"footnotes":""},"categories":[386],"tags":[269,126,371,370,271,1488,1565],"class_list":["post-38158","post","type-post","status-publish","format-standard","hentry","category-echos-du-conseil-dadministration","tag-ateliers","tag-benevoles","tag-decouverte","tag-facile","tag-presentations","tag-rapport-financier","tag-responsables-dactivite"],"_links":{"self":[{"href":"https:\/\/cimbcc.org\/test2\/wp-json\/wp\/v2\/posts\/38158","targetHints":{"allow":["GET"]}}],"collection":[{"href":"https:\/\/cimbcc.org\/test2\/wp-json\/wp\/v2\/posts"}],"about":[{"href":"https:\/\/cimbcc.org\/test2\/wp-json\/wp\/v2\/types\/post"}],"author":[{"embeddable":true,"href":"https:\/\/cimbcc.org\/test2\/wp-json\/wp\/v2\/users\/43"}],"replies":[{"embeddable":true,"href":"https:\/\/cimbcc.org\/test2\/wp-json\/wp\/v2\/comments?post=38158"}],"version-history":[{"count":5,"href":"https:\/\/cimbcc.org\/test2\/wp-json\/wp\/v2\/posts\/38158\/revisions"}],"predecessor-version":[{"id":38183,"href":"https:\/\/cimbcc.org\/test2\/wp-json\/wp\/v2\/posts\/38158\/revisions\/38183"}],"wp:attachment":[{"href":"https:\/\/cimbcc.org\/test2\/wp-json\/wp\/v2\/media?parent=38158"}],"wp:term":[{"taxonomy":"category","embeddable":true,"href":"https:\/\/cimbcc.org\/test2\/wp-json\/wp\/v2\/categories?post=38158"},{"taxonomy":"post_tag","embeddable":true,"href":"https:\/\/cimbcc.org\/test2\/wp-json\/wp\/v2\/tags?post=38158"}],"curies":[{"name":"wp","href":"https:\/\/api.w.org\/{rel}","templated":true}]}}