{"id":38232,"date":"2022-01-05T19:00:42","date_gmt":"2022-01-06T00:00:42","guid":{"rendered":"https:\/\/cimbcc.org\/test2\/?p=38232"},"modified":"2023-10-16T22:11:40","modified_gmt":"2023-10-17T02:11:40","slug":"mot-du-president-janvier-2022","status":"publish","type":"post","link":"https:\/\/cimbcc.org\/test2\/mot-du-president-janvier-2022\/","title":{"rendered":"Mot du pr\u00e9sident &#8211; janvier 2022"},"content":{"rendered":"<figure id=\"attachment_35278\" aria-describedby=\"caption-attachment-35278\" style=\"width: 125px\" class=\"wp-caption aligncenter\"><img loading=\"lazy\" decoding=\"async\" class=\"size-full wp-image-35278\" src=\"https:\/\/cimbcc.org\/test2\/wp-content\/uploads\/photo_cote_rejean.jpg\" alt=\"\" width=\"125\" height=\"125\" \/><figcaption id=\"caption-attachment-35278\" class=\"wp-caption-text\"><span style=\"color: #ffffff;\">mmmn<\/span>R\u00e9jean C\u00f4t\u00e9<\/figcaption><\/figure>\n<p style=\"text-align: justify;\">Nous voici arriv\u00e9s au d\u00e9but de la nouvelle ann\u00e9e. J\u2019esp\u00e8re que malgr\u00e9 les contraintes impos\u00e9es par la pand\u00e9mie, vous avez pu passer d\u2019agr\u00e9ables moments en famille pendant le temps des F\u00eates.<\/p>\n<p style=\"text-align: justify;\">Cet article mentionnera bri\u00e8vement le souper des b\u00e9n\u00e9voles qui s&rsquo;est tenu en d\u00e9cembre dernier. Il vous expliquera ensuite comment votre Club r\u00e9alisera ses pr\u00e9sentations \u00e0 l&rsquo;hiver 2022.<\/p>\n<p><img loading=\"lazy\" decoding=\"async\" class=\"size-full wp-image-38234 aligncenter\" src=\"https:\/\/cimbcc.org\/test2\/wp-content\/uploads\/chip_2022_01_president_1-e1641094338809.jpg\" alt=\"\" width=\"125\" height=\"125\" \/><\/p>\n<p><!--more--><\/p>\n<hr \/>\n<h4><strong>Le souper des b\u00e9n\u00e9voles de d\u00e9cembre 2021<\/strong><\/h4>\n<p style=\"text-align: justify;\">Depuis une dizaine d\u2019ann\u00e9es, chaque mois de mai, le Club invite ses b\u00e9n\u00e9voles \u00e0 un souper pr\u00e9par\u00e9 par un traiteur. Le but de ce souper est de r\u00e9unir tous les b\u00e9n\u00e9voles afin qu\u2019ils puissent mieux se conna\u00eetre. C\u2019est aussi pour les remercier de leur g\u00e9n\u00e9rosit\u00e9.<\/p>\n<p style=\"text-align: justify;\">Depuis deux ans, les restrictions sanitaires dues \u00e0 la pand\u00e9mie ont emp\u00each\u00e9 la tenue de ce souper annuel. Un assouplissement de ces r\u00e8gles a enfin permis au d\u00e9but de d\u00e9cembre d\u2019inviter nos b\u00e9n\u00e9voles au restaurant pour prendre part \u00e0 un souper amical. C\u2019est avec bonheur que plusieurs ont partag\u00e9 notre immense plaisir de les retrouver.<\/p>\n<hr \/>\n<h4><strong>L\u2019hiver\u00a02022 au Club<\/strong><\/h4>\n<h5><em>Le retour des activit\u00e9s apr\u00e8s la rel\u00e2che des F\u00eates<\/em><\/h5>\n<p style=\"text-align: justify;\">La session de l\u2019hiver\u00a0commencera le <strong>mardi\u00a0<span style=\"color: #ff0000;\">11\u00a0janvier<\/span><\/strong> par une vid\u00e9oconf\u00e9rence de Pierre Delisle sur <strong>ce qu\u2019il faut savoir pour profiter d\u2019une s\u00e9ance en ligne avec le logiciel Zoom<\/strong>.<\/p>\n<p style=\"text-align: justify;\">Le lendemain soir, <strong>mercredi\u00a0<span style=\"color: #ff0000;\">12\u00a0janvier<\/span><\/strong>, Michel Gagn\u00e9 fera un expos\u00e9 intitul\u00e9 \u00ab\u00a0<strong>Windows 10 : virus et antivirus\u00a0\u00bb <\/strong>dans la s\u00e9rie <em>Facile<\/em>.<\/p>\n<p style=\"text-align: justify;\">La semaine se terminera le <strong>vendredi\u00a0<span style=\"color: #ff0000;\">14\u00a0janvier<\/span><\/strong> avec une s\u00e9ance de la s\u00e9rie <em>D\u00e9couverte<\/em> pr\u00e9sent\u00e9e par R\u00e9jean Bouchard et intitul\u00e9e \u00ab\u00a0<strong>Internet des objets ou maison intelligente\u00a0\u00bb<\/strong>.<\/p>\n<h5><em>La s\u00e9rie Facile<\/em><\/h5>\n<p style=\"text-align: justify;\">Ensuite, la <strong>s\u00e9rie <a href=\"https:\/\/cimbcc.org\/test2\/wp-content\/uploads\/calendrier_serie_facile.pdf\" target=\"_blank\" rel=\"noopener\"><em>Facile<\/em><\/a><\/strong> sera pr\u00e9sent\u00e9e en ligne <strong>tous les <span style=\"color: #ff0000;\">mercredis<\/span> \u00e0 compter de 19\u00a0h\u00a030<\/strong>. Cette s\u00e9rie reprendra les sujets trait\u00e9s au cours de l\u2019automne\u00a02021. Vous pourrez ainsi profiter d\u2019une pr\u00e9sentation que vous avez manqu\u00e9e ou en revoir une pour mieux ma\u00eetriser le sujet.<\/p>\n<ul>\n<li style=\"text-align: justify;\">Pour consulter le calendrier des s\u00e9ances de la s\u00e9rie <em>Facile,<\/em> <a href=\"https:\/\/cimbcc.org\/test2\/wp-content\/uploads\/calendrier_serie_facile.pdf\" target=\"_blank\" rel=\"noopener\">cliquez ici<\/a>.<\/li>\n<\/ul>\n<h5><em>La s\u00e9rie D\u00e9couverte<\/em><\/h5>\n<p style=\"text-align: justify;\"><strong>D\u00e8s 13\u00a0h\u00a015 le <span style=\"color: #ff0000;\">vendredi<\/span> apr\u00e8s-midi<\/strong>, vous pourrez vous connecter \u00e0 la <strong>s\u00e9rie <a href=\"https:\/\/cimbcc.org\/test2\/wp-content\/uploads\/calendrier_serie_decouverte.pdf\" target=\"_blank\" rel=\"noopener\"><em>D\u00e9couverte<\/em><\/a><\/strong> qui sera aussi pr\u00e9sent\u00e9e en ligne, pand\u00e9mie oblige. Cette s\u00e9rie reprendra plusieurs sujets pr\u00e9sent\u00e9s l\u2019automne dernier, mais de nouveaux th\u00e8mes seront aussi abord\u00e9s.<\/p>\n<ul style=\"text-align: justify;\">\n<li>Pour consulter le calendrier des s\u00e9ances de la s\u00e9rie <em>D\u00e9couverte,<\/em> <a href=\"https:\/\/cimbcc.org\/test2\/wp-content\/uploads\/calendrier_serie_decouverte.pdf\" target=\"_blank\" rel=\"noopener\">cliquez ici<\/a>.<\/li>\n<\/ul>\n<h5><em>La s\u00e9rie iOS &amp; Android<\/em><\/h5>\n<p style=\"text-align: justify;\">La <strong>s\u00e9rie<\/strong> <a href=\"https:\/\/cimbcc.org\/test2\/wp-content\/uploads\/calendrier_serie_ios_android.pdf\" target=\"_blank\" rel=\"noopener\"><strong><em>IOS &amp; Android<\/em><\/strong><\/a> se d\u00e9roulera en vid\u00e9oconf\u00e9rence les <strong>13, 20, 27, 29\u00a0avril<\/strong> et le <strong>4\u00a0mai<\/strong>.<\/p>\n<ul>\n<li style=\"text-align: justify;\">Pour consulter le calendrier des s\u00e9ances de la s\u00e9rie i<em>OS &amp; Android<\/em>, <a href=\"https:\/\/cimbcc.org\/test2\/wp-content\/uploads\/calendrier_serie_ios_android.pdf\" target=\"_blank\" rel=\"noopener\">cliquez ici<\/a>.<\/li>\n<\/ul>\n<hr \/>\n<h4 style=\"text-align: justify;\">Le mot de la fin<\/h4>\n<p style=\"text-align: justify;\"><strong>Je remercie nos pr\u00e9cieux b\u00e9n\u00e9voles<\/strong> qui permettent au Club de poursuivre sa mission malgr\u00e9 les obstacles et <strong>je vous invite tous \u00e0 vous joindre \u00e0 nos activit\u00e9s en ligne<\/strong> \u00e0 partir du 11 janvier 2022.<\/p>\n<p style=\"text-align: justify;\">R\u00e9jean\u00a0C\u00f4t\u00e9, pr\u00e9sident<\/p>\n","protected":false},"excerpt":{"rendered":"<p>Nous voici arriv\u00e9s au d\u00e9but de la nouvelle ann\u00e9e. J\u2019esp\u00e8re que malgr\u00e9 les contraintes impos\u00e9es par la pand\u00e9mie, vous avez pu passer d\u2019agr\u00e9ables moments en famille pendant le temps des F\u00eates. Cet article mentionnera bri\u00e8vement le souper des b\u00e9n\u00e9voles qui s&rsquo;est tenu en d\u00e9cembre dernier. Il vous expliquera ensuite comment votre Club r\u00e9alisera ses pr\u00e9sentations &hellip; <a href=\"https:\/\/cimbcc.org\/test2\/mot-du-president-janvier-2022\/\" class=\"more-link\">Continuer la lecture de <span class=\"screen-reader-text\">Mot du pr\u00e9sident &#8211; janvier 2022<\/span>  <span class=\"meta-nav\">&rarr;<\/span><\/a><\/p>\n","protected":false},"author":43,"featured_media":0,"comment_status":"open","ping_status":"closed","sticky":false,"template":"","format":"standard","meta":{"footnotes":""},"categories":[11],"tags":[126,371,370,1513,271,399,1277,1190],"class_list":["post-38232","post","type-post","status-publish","format-standard","hentry","category-mots-du-president","tag-benevoles","tag-decouverte","tag-facile","tag-ios-et-android","tag-presentations","tag-souper","tag-videoconference","tag-zoom"],"_links":{"self":[{"href":"https:\/\/cimbcc.org\/test2\/wp-json\/wp\/v2\/posts\/38232","targetHints":{"allow":["GET"]}}],"collection":[{"href":"https:\/\/cimbcc.org\/test2\/wp-json\/wp\/v2\/posts"}],"about":[{"href":"https:\/\/cimbcc.org\/test2\/wp-json\/wp\/v2\/types\/post"}],"author":[{"embeddable":true,"href":"https:\/\/cimbcc.org\/test2\/wp-json\/wp\/v2\/users\/43"}],"replies":[{"embeddable":true,"href":"https:\/\/cimbcc.org\/test2\/wp-json\/wp\/v2\/comments?post=38232"}],"version-history":[{"count":7,"href":"https:\/\/cimbcc.org\/test2\/wp-json\/wp\/v2\/posts\/38232\/revisions"}],"predecessor-version":[{"id":38257,"href":"https:\/\/cimbcc.org\/test2\/wp-json\/wp\/v2\/posts\/38232\/revisions\/38257"}],"wp:attachment":[{"href":"https:\/\/cimbcc.org\/test2\/wp-json\/wp\/v2\/media?parent=38232"}],"wp:term":[{"taxonomy":"category","embeddable":true,"href":"https:\/\/cimbcc.org\/test2\/wp-json\/wp\/v2\/categories?post=38232"},{"taxonomy":"post_tag","embeddable":true,"href":"https:\/\/cimbcc.org\/test2\/wp-json\/wp\/v2\/tags?post=38232"}],"curies":[{"name":"wp","href":"https:\/\/api.w.org\/{rel}","templated":true}]}}