{"id":38332,"date":"2022-01-08T23:00:50","date_gmt":"2022-01-09T04:00:50","guid":{"rendered":"https:\/\/cimbcc.org\/test2\/?p=38332"},"modified":"2023-10-16T22:11:40","modified_gmt":"2023-10-17T02:11:40","slug":"zoom-version-5-9-1-etes-vous-pret-ou-prete-pour-la-saison-hiver-2022","status":"publish","type":"post","link":"https:\/\/cimbcc.org\/test2\/zoom-version-5-9-1-etes-vous-pret-ou-prete-pour-la-saison-hiver-2022\/","title":{"rendered":"ZOOM Version 5.9.1 \u2013 \u00cates-vous pr\u00eat ou pr\u00eate pour la saison hiver 2022?"},"content":{"rendered":"<figure id=\"attachment_43393\" aria-describedby=\"caption-attachment-43393\" style=\"width: 125px\" class=\"wp-caption aligncenter\"><a href=\"https:\/\/cimbcc.org\/test2\/wp-content\/uploads\/photo_delisle_pierre.jpg\"><img loading=\"lazy\" decoding=\"async\" class=\"wp-image-43393 size-full\" src=\"https:\/\/cimbcc.org\/test2\/wp-content\/uploads\/photo_delisle_pierre.jpg\" alt=\"\" width=\"125\" height=\"126\" \/><\/a><figcaption id=\"caption-attachment-43393\" class=\"wp-caption-text\">Pierre Delisle<\/figcaption><\/figure>\n<p style=\"text-align: justify;\">Depuis ma derni\u00e8re pr\u00e9sentation au sujet de l\u2019appication de vid\u00e9oconf\u00e9rence Zoom, le 14 septembre 2021, il y a eu <strong>dix mises \u00e0 jour<\/strong> pour :<\/p>\n<ul style=\"text-align: justify;\">\n<li>61 fonctionnalit\u00e9s nouvelles ou am\u00e9lior\u00e9es,<\/li>\n<li>40 corrections de bogues.<\/li>\n<\/ul>\n<p style=\"text-align: justify;\">N&rsquo;oubliez pas de vous joindre \u00e0 moi lors de la pr\u00e9sentation traitant de la plus r\u00e9cente version de Zoom le <span style=\"color: #ff0000;\"><strong>11 janvier<\/strong><\/span> prochain \u00e0 partir de <strong>19 h 15<\/strong>.<\/p>\n<p style=\"text-align: justify;\">En attendant, nous vous ferons part dans cet article des <strong>principales nouveaut\u00e9s<\/strong> qui pourraient vous \u00eatre utiles. Cela se r\u00e9duit \u00e0 une dizaine de changements, sans grosse incidence.<\/p>\n<p style=\"text-align: justify;\">Par la suite, nous vous ferons part des <strong>dix questions les plus fr\u00e9quentes<\/strong> que vous avez pos\u00e9es, lors des pr\u00e9sentations, sur l\u2019utilisation de Zoom.<\/p>\n<p><!--more--><\/p>\n<figure id=\"attachment_38343\" aria-describedby=\"caption-attachment-38343\" style=\"width: 512px\" class=\"wp-caption aligncenter\"><img loading=\"lazy\" decoding=\"async\" class=\"size-full wp-image-38343\" src=\"https:\/\/cimbcc.org\/test2\/wp-content\/uploads\/chip_2022_01_zoom_1.jpg\" alt=\"\" width=\"512\" height=\"416\" srcset=\"https:\/\/cimbcc.org\/test2\/wp-content\/uploads\/chip_2022_01_zoom_1.jpg 512w, https:\/\/cimbcc.org\/test2\/wp-content\/uploads\/chip_2022_01_zoom_1-300x244.jpg 300w\" sizes=\"auto, (max-width: 512px) 100vw, 512px\" \/><figcaption id=\"caption-attachment-38343\" class=\"wp-caption-text\"><a href=\"https:\/\/commons.wikimedia.org\/wiki\/File:Mike_Thompson_-_4.29.20.jpg\" target=\"_blank\" rel=\"noopener\">La nouvelle r\u00e9alit\u00e9<\/a><\/figcaption><\/figure>\n<h4>Programmation Agile chez Zoom<\/h4>\n<p style=\"text-align: justify;\">L\u2019\u00e9quipe de l\u2019application Zoom utilise une m\u00e9thode de travail protocolaire appel\u00e9e \u00ab <a href=\"https:\/\/fr.wikipedia.org\/wiki\/M%C3%A9thode_agile\" target=\"_blank\" rel=\"noopener\">Agile<\/a> \u00bb dans le d\u00e9veloppement et l\u2019entretien de leur produit de vid\u00e9oconf\u00e9rence. Sans aller trop loin dans les explications, disons qu\u2019ils suivent des it\u00e9rations de trois semaines, ce qui veut dire qu\u2019ils d\u00e9ploient aussi une nouvelle mise-\u00e0-jour toutes les trois semaines.<\/p>\n<p style=\"text-align: justify;\">Depuis la pr\u00e9sentation sur le sujet en septembre dernier, ils ont produit dix mises \u00e0 jour entre le 14 septembre et le 27 d\u00e9cembre, pour 61 fonctionnalit\u00e9s nouvelles ou am\u00e9lior\u00e9es et 40 corrections de bogues. Vous pouvez consulter tout ce contenu en <a href=\"https:\/\/support.zoom.us\/hc\/en-us\/articles\/201361953-New-Updates-for-Windows\" target=\"_blank\" rel=\"noopener\">cliquant ici<\/a>. Ouf!<\/p>\n<p style=\"text-align: justify;\">Mais ne vous en fa\u00eetes pas, la plupart de ces changements n\u2019ont pas d\u2019incidence apparente pour le participant. Nous en avons toutefois retenu quelques-uns qui pourraient \u00eatre int\u00e9ressants pour vous. Par ailleurs, il y en a bien d\u2019autres modifications pertinentes pour les animateurs, les mod\u00e9rateurs et les administrateurs.<\/p>\n<h5 style=\"text-align: justify;\"><em>Version 5.8.0 \u2013 22 septembre 2021<\/em><\/h5>\n<p style=\"text-align: justify;\">\u2022 <strong>Arr\u00eater la vid\u00e9o entrante<\/strong><br \/>\n<em>Autoriser les participants \u00e0 la r\u00e9union \u00e0 d\u00e9sactiver tous les flux vid\u00e9o entrants sur leur \u00e9cran (n\u2019a pas d\u2019incidence sur les \u00e9crans des autres participants). Pour acc\u00e9der \u00e0 cette fonctionnalit\u00e9, apr\u00e8s avoir choisi cette option dans vos param\u00e8tres vid\u00e9o, cliquez sur le bouton <strong>Affichage<\/strong> en haut \u00e0 droite de votre \u00e9cran.<\/em><br \/>\n\u2022 <strong>S\u00e9lection plus rapide d\u2019\u00e9moji dans une discussion<\/strong><br \/>\n<em>Apr\u00e8s avoir saisi le symbole deux points \u00ab : \u00bb et avoir saisi au moins deux caract\u00e8res, Zoom vous offrira les \u00e9mojis correspondants \u00e0 la description. Par exemple : saisir \u00ab <strong>:jo<\/strong> \u00bb offrira une s\u00e9lection des \u00e9mojis suivants: :joy:, :joy_cat:, :joystick:, :majong:, :joker, etc.<\/em><\/p>\n<h5 style=\"text-align: justify;\"><em>Version 5.8.3 \u2013 25 octobre 2021<\/em><\/h5>\n<p style=\"text-align: justify;\">\u2022 <strong>Photos de profil dans le clavardage (discussion)<\/strong><br \/>\n<em>La chambre de discussion affiche la photo de profil du participant. Si le participant n\u2019a pas de photo de profil, ses initiales appara\u00eetront.<\/em><br \/>\n\u2022 <strong>Des sc\u00e8nes saisonni\u00e8res en vue Immersive<\/strong><br \/>\n<em>Zoom a ajout\u00e9 des sc\u00e8nes additionnelles pour l\u2019automne et l\u2019Halloween.<\/em><br \/>\n\u2022 <strong>Afficher la bulle des messages non-lus pour les canaux de discussion<\/strong><br \/>\n<em>Affichez une ic\u00f4ne avec le nombre de messages non lus \u00e0 c\u00f4t\u00e9 de chaque chat. Si cette option n&rsquo;est pas coch\u00e9e, vous verrez un simple point rouge vous indiquant qu&rsquo;il existe des messages non lus.<\/em><\/p>\n<h5 style=\"text-align: justify;\"><em>Version 5.8.6 \u2013 28 novembre 2021<\/em><\/h5>\n<p style=\"text-align: justify;\">\u2022 <strong>Mises \u00e0 jour automatiques \u2013 Windows, macOS<\/strong><br \/>\n<em>Les utilisateurs peuvent activer le Desktop Client pour qu\u2019il se mette \u00e0 jour lui-m\u00eame lorsque les mises \u00e0 jour sont disponibles pour l\u2019installation (Dans les param\u00e8tres).<\/em><br \/>\n\u2022 <strong>Mise \u00e0 jour automatique silencieuse maintenant disponible par d\u00e9faut<\/strong><br \/>\n<em>Par d\u00e9faut, la Mise \u00e0 jour automatique silencieuse pourra \u00eatre activ\u00e9 ce qui mettra \u00e0 jour automatiquement le poste sans voir l\u2019assistant d\u2019installation.<\/em><br \/>\n\u2022 <strong>Interface utilisateur optimis\u00e9e pour les tablettes Android<\/strong><br \/>\n<em>Les utilisateurs Android de Zoom App sur les tablettes Android b\u00e9n\u00e9ficieront d\u2019une meilleure interface utilisateur.<\/em><br \/>\n\u2022 <strong>Am\u00e9lioration de l\u2019affichage des fichiers et images transf\u00e9r\u00e9s par le clavardage<\/strong><br \/>\n<em>Possibilit\u00e9 d\u2019inclure jusqu\u2019\u00e0 6 fichiers dans un message, ces fichiers provenant de Dropbox, OneDrive ou de son disque dur.<\/em><\/p>\n<h5 style=\"text-align: justify;\"><em>Version 5.9 \u2013 20 d\u00e9cembre 2021<\/em><\/h5>\n<p style=\"text-align: justify;\">\u2022 <strong>Prise en charge am\u00e9lior\u00e9e et \u00e9tendue des emojis \u2013 Windows, Android, macOS, iOS<\/strong><br \/>\n<em>Notre suite emoji a \u00e9t\u00e9 mise \u00e0 niveau pour fournir pr\u00e8s de 900 \u00e9mojis suppl\u00e9mentaires \u00e0 utiliser dans le chat en appel, le chat Zoom et les r\u00e9actions. Ces nouveaux emojis incluent diff\u00e9rentes couleurs de peau et sont compatibles.<\/em><\/p>\n<p style=\"text-align: justify;\">Comme vous l\u2019avez constat\u00e9, pas de grosse r\u00e9volution.<\/p>\n<hr \/>\n<figure id=\"attachment_38346\" aria-describedby=\"caption-attachment-38346\" style=\"width: 432px\" class=\"wp-caption aligncenter\"><img loading=\"lazy\" decoding=\"async\" class=\"size-full wp-image-38346\" src=\"https:\/\/cimbcc.org\/test2\/wp-content\/uploads\/chip_2022_01_zoom_2.png\" alt=\"\" width=\"432\" height=\"432\" srcset=\"https:\/\/cimbcc.org\/test2\/wp-content\/uploads\/chip_2022_01_zoom_2.png 432w, https:\/\/cimbcc.org\/test2\/wp-content\/uploads\/chip_2022_01_zoom_2-300x300.png 300w, https:\/\/cimbcc.org\/test2\/wp-content\/uploads\/chip_2022_01_zoom_2-150x150.png 150w, https:\/\/cimbcc.org\/test2\/wp-content\/uploads\/chip_2022_01_zoom_2-125x125.png 125w\" sizes=\"auto, (max-width: 432px) 100vw, 432px\" \/><figcaption id=\"caption-attachment-38346\" class=\"wp-caption-text\"><a href=\"https:\/\/commons.wikimedia.org\/wiki\/File:Female_singer_silhouette.png\" target=\"_blank\" rel=\"noopener\">Votre micro est ferm\u00e9<\/a> &#8211; une des phrases les plus populaires sur Zoom<\/figcaption><\/figure>\n<h4>Les dix questions les plus fr\u00e9quentes<\/h4>\n<p style=\"text-align: justify;\">Lors des pr\u00e9sentations, soit en direct, soit par l\u2019outil de discussion, les accompagnateurs ont r\u00e9pondu \u00e0 de nombreuses questions sur Zoom. Voici les dix plus fr\u00e9quentes.<\/p>\n<ol style=\"text-align: justify;\">\n<li>Comment mettre \u00e0 jour mon Zoom? (<a href=\"https:\/\/youtu.be\/73HPT63y5S8\" target=\"_blank\" rel=\"noopener\">voir capsule vid\u00e9o<\/a>)<\/li>\n<li>Comment mettre Zoom en fran\u00e7ais? (<a href=\"https:\/\/youtu.be\/LTcUHVxJKhg\" target=\"_blank\" rel=\"noopener\">voir capsule vid\u00e9o<\/a>)<\/li>\n<li>Comment activer mon micro, ma cam\u00e9ra? (<a href=\"https:\/\/youtu.be\/EGltAzNXhY8\" target=\"_blank\" rel=\"noopener\">voir capsule vid\u00e9o<\/a>)<\/li>\n<li>Comment v\u00e9rifier si mon audio (microphone et son) est correct? (<a href=\"https:\/\/youtu.be\/Wj5iILfIUQw\" target=\"_blank\" rel=\"noopener\">voir capsule vid\u00e9o<\/a>)<\/li>\n<li>Affichage, comment voir tout le monde? (<a href=\"https:\/\/youtu.be\/Fvq7fx9bpXc\" target=\"_blank\" rel=\"noopener\">voir capsule vid\u00e9o<\/a>)<\/li>\n<li>Comment se renommer d\u00e9finitivement?<\/li>\n<li>Comment Lever ou Baisser la main? (<a href=\"https:\/\/youtu.be\/1dFvJWzRduw\" target=\"_blank\" rel=\"noopener\">voir capsule vid\u00e9o<\/a>)<br \/>\nQuelle ic\u00f4ne de main choisir?<\/li>\n<li>Comment communiquer avec l\u2019accompagnateur via la Discussion (Chat)? (<a href=\"https:\/\/youtu.be\/Gr-9DFU9Ayo\" target=\"_blank\" rel=\"noopener\">voir capsule vid\u00e9o<\/a>)<\/li>\n<li>Comment ins\u00e9rer sa photo lorsque la cam\u00e9ra n\u2019est pas activ\u00e9e? (<a href=\"https:\/\/youtu.be\/pbyFcRdSHJE\" target=\"_blank\" rel=\"noopener\">voir capsule vid\u00e9o<\/a>)<\/li>\n<li>Comment bien connecter mes deux outils?<br \/>\nL\u2019ordinateur pour l\u2019image et mon iPhone pour le son.<\/li>\n<\/ol>\n<hr \/>\n<h4 style=\"text-align: justify;\">Invitation<\/h4>\n<p style=\"text-align: justify;\">Le <span style=\"color: #ff0000;\"><strong>11 janvier<\/strong><\/span> prochain, je reprendrai tous ces points, innovations et difficult\u00e9s, dans une courte pr\u00e9sentation de 75 minutes, sans pause. La rencontre pourra s\u2019allonger si vous avez des probl\u00e9matiques particuli\u00e8res. Je d\u00e9montrerai toutes ces nouveaut\u00e9s et je r\u00e9pondrai en images aux dix questions pr\u00e9c\u00e9dentes, au meilleur de mes connaissances.<\/p>\n<p style=\"text-align: justify;\">De plus, je ne sais pas exactement depuis quand, mais maintenant l\u2019animateur, lors de son partage d\u2019\u00e9cran, peut afficher les fen\u00eatres de Zoom. Youppi!<\/p>\n<p style=\"text-align: justify;\">Mardi soir prochain, <strong>tous les exemples et d\u00e9monstrations se feront en direct<\/strong> et non en capsules vid\u00e9os.<\/p>\n<p style=\"text-align: justify;\">Pierre Delisle<\/p>\n","protected":false},"excerpt":{"rendered":"<p>Depuis ma derni\u00e8re pr\u00e9sentation au sujet de l\u2019appication de vid\u00e9oconf\u00e9rence Zoom, le 14 septembre 2021, il y a eu dix mises \u00e0 jour pour : 61 fonctionnalit\u00e9s nouvelles ou am\u00e9lior\u00e9es, 40 corrections de bogues. N&rsquo;oubliez pas de vous joindre \u00e0 moi lors de la pr\u00e9sentation traitant de la plus r\u00e9cente version de Zoom le 11 &hellip; <a href=\"https:\/\/cimbcc.org\/test2\/zoom-version-5-9-1-etes-vous-pret-ou-prete-pour-la-saison-hiver-2022\/\" class=\"more-link\">Continuer la lecture de <span class=\"screen-reader-text\">ZOOM Version 5.9.1 \u2013 \u00cates-vous pr\u00eat ou pr\u00eate pour la saison hiver 2022?<\/span>  <span class=\"meta-nav\">&rarr;<\/span><\/a><\/p>\n","protected":false},"author":43,"featured_media":0,"comment_status":"open","ping_status":"closed","sticky":false,"template":"","format":"standard","meta":{"footnotes":""},"categories":[402],"tags":[600,271,1277,1190],"class_list":["post-38332","post","type-post","status-publish","format-standard","hentry","category-activites-du-club","tag-mise-a-jour","tag-presentations","tag-videoconference","tag-zoom"],"_links":{"self":[{"href":"https:\/\/cimbcc.org\/test2\/wp-json\/wp\/v2\/posts\/38332","targetHints":{"allow":["GET"]}}],"collection":[{"href":"https:\/\/cimbcc.org\/test2\/wp-json\/wp\/v2\/posts"}],"about":[{"href":"https:\/\/cimbcc.org\/test2\/wp-json\/wp\/v2\/types\/post"}],"author":[{"embeddable":true,"href":"https:\/\/cimbcc.org\/test2\/wp-json\/wp\/v2\/users\/43"}],"replies":[{"embeddable":true,"href":"https:\/\/cimbcc.org\/test2\/wp-json\/wp\/v2\/comments?post=38332"}],"version-history":[{"count":21,"href":"https:\/\/cimbcc.org\/test2\/wp-json\/wp\/v2\/posts\/38332\/revisions"}],"predecessor-version":[{"id":44115,"href":"https:\/\/cimbcc.org\/test2\/wp-json\/wp\/v2\/posts\/38332\/revisions\/44115"}],"wp:attachment":[{"href":"https:\/\/cimbcc.org\/test2\/wp-json\/wp\/v2\/media?parent=38332"}],"wp:term":[{"taxonomy":"category","embeddable":true,"href":"https:\/\/cimbcc.org\/test2\/wp-json\/wp\/v2\/categories?post=38332"},{"taxonomy":"post_tag","embeddable":true,"href":"https:\/\/cimbcc.org\/test2\/wp-json\/wp\/v2\/tags?post=38332"}],"curies":[{"name":"wp","href":"https:\/\/api.w.org\/{rel}","templated":true}]}}