{"id":38558,"date":"2022-01-23T22:56:36","date_gmt":"2022-01-24T03:56:36","guid":{"rendered":"https:\/\/cimbcc.org\/test2\/?p=38558"},"modified":"2023-10-16T22:11:40","modified_gmt":"2023-10-17T02:11:40","slug":"la-sante-mentale-lelephant-dans-la-piece","status":"publish","type":"post","link":"https:\/\/cimbcc.org\/test2\/la-sante-mentale-lelephant-dans-la-piece\/","title":{"rendered":"La sant\u00e9 mentale &#8211; l&rsquo;\u00e9l\u00e9phant dans la pi\u00e8ce"},"content":{"rendered":"<figure id=\"attachment_24158\" aria-describedby=\"caption-attachment-24158\" style=\"width: 125px\" class=\"wp-caption aligncenter\"><img loading=\"lazy\" decoding=\"async\" class=\"size-full wp-image-24158\" src=\"https:\/\/cimbcc.org\/test2\/wp-content\/uploads\/photo_gervais_richard.jpg\" alt=\"\" width=\"125\" height=\"125\" \/><figcaption id=\"caption-attachment-24158\" class=\"wp-caption-text\"><span style=\"color: #ffffff;\">mmn<\/span>Richard Gervais<\/figcaption><\/figure>\n<p style=\"text-align: justify;\">Les mois de janvier et de f\u00e9vrier appartiennent au plus profond de l&rsquo;hiver qu\u00e9b\u00e9cois. La r\u00e9clusion dans les domiciles et les courtes p\u00e9riodes de clart\u00e9 peuvent affecter certaines personnes. De concert avec ces ph\u00e9nom\u00e8nes annuels, les nouvelles quotidiennes en lien avec la COVID-19 nous sont martel\u00e9es dans les m\u00e9dias depuis pr\u00e8s de deux ans. Notre sant\u00e9 mentale collective souffre sous le poids de ces atteintes. Pour citer Jean de la Fontaine dans <a href=\"https:\/\/www.bonjourpoesie.fr\/lesgrandsclassiques\/Poemes\/jean_de_la_fontaine\/les_animaux_malades_de_la_peste\" target=\"_blank\" rel=\"noopener\"><em>Les Animaux malades de la peste<\/em><\/a> :\u00a0<em>\u00ab Ils ne mouraient pas tous, mais tous \u00e9taient frapp\u00e9s. \u00bb<\/em><\/p>\n<p style=\"text-align: justify;\">L&rsquo;usure engendr\u00e9e par cette \u00e9poque \u00e9prouvante mine notre sant\u00e9 mentale \u00e0 divers degr\u00e9s. En ce sens, l&rsquo;initiative de <strong><a href=\"https:\/\/cause.bell.ca\/fr\/\" target=\"_blank\" rel=\"noopener\">Bell cause pour la cause<\/a><\/strong> se d\u00e9roulant le 26 janvier 2022 est salu\u00e9e. Apr\u00e8s avoir pr\u00e9sent\u00e9 quelques statistiques au sujet de la COVID-19, la sant\u00e9 mentale sera bri\u00e8vement d\u00e9finie et une ressource disponible 24\/7 vous sera pr\u00e9sent\u00e9e. Contactez le <span style=\"color: #ff0000;\"><strong>450 679-8689<\/strong><\/span> en cas de crise<span style=\"color: #ff0000;\"><span style=\"color: #000000;\">.<\/span><\/span><\/p>\n<p><!--more--><\/p>\n<hr \/>\n<h4>Quelques statistiques au sujet de la COVID-19<\/h4>\n<p style=\"text-align: justify;\">Selon l&rsquo;<a href=\"https:\/\/statistique.quebec.ca\/fr\/communique\/population-du-quebec-important-ralentissement-croissance-2020-mais-reprise-en-2021\" target=\"_blank\" rel=\"noopener\">Institut de la statistique du Qu\u00e9bec<\/a> (ISQ), la population totale \u00e9tait de 8 604 500 habitants au 1<sup>er\u00a0<\/sup>juillet 2021. Il y avait eu 824 942 cas confirm\u00e9s de COVID-19 au moment d&rsquo;\u00e9crire ces lignes selon les <a href=\"https:\/\/www.inspq.qc.ca\/covid-19\/donnees\" target=\"_blank\" rel=\"noopener\">donn\u00e9es de l&rsquo;INSPQ<\/a> (Institut national de sant\u00e9 publique du Qu\u00e9bec). Cela veut dire que <strong>pr\u00e8s d&rsquo;un Qu\u00e9b\u00e9cois sur dix a d\u00e9j\u00e0 contract\u00e9 ce virus<\/strong>.<\/p>\n<p style=\"text-align: justify;\">Toujours selon l&rsquo;INSPQ, il y a eu <a href=\"https:\/\/www.inspq.qc.ca\/covid-19\/donnees\" target=\"_blank\" rel=\"noopener\">12 698 d\u00e9c\u00e8s<\/a> li\u00e9s au COVID-19 au 21 janvier 2022. Le <strong>taux de mortalit\u00e9 est donc de 1,54% parmi les personnes atteintes.<\/strong> Cela donne un taux de mortalit\u00e9 normalis\u00e9 de\u00a0 147,6 pour 100 000 personnes, mais pour un peu moins de deux ans. En s\u00e9parant ce nombre de moiti\u00e9, il est possible d&rsquo;obtenir un taux annuel d&rsquo;environ 75 d\u00e9c\u00e8s pour 100 000 personnes. \u00c0 titre de comparaison, la cause premi\u00e8re de d\u00e9c\u00e8s au Qu\u00e9bec en 2019 provenait des tumeurs malignes avec un taux de 200,9 pour 100 000 personnes, selon les donn\u00e9es de <a href=\"https:\/\/www150.statcan.gc.ca\/t1\/tbl1\/fr\/tv.action?pid=1310080002\" target=\"_blank\" rel=\"noopener\">Statistiques Canada<\/a>.<\/p>\n<p style=\"text-align: justify;\">\u00c0 ce jour, la Mont\u00e9r\u00e9gie compte <a href=\"https:\/\/www.inspq.qc.ca\/covid-19\/donnees\" target=\"_blank\" rel=\"noopener\">1 834 d\u00e9c\u00e8s<\/a> selon l&rsquo;INSPQ. La r\u00e9gion comprend\u00a0<a href=\"https:\/\/www.economie.gouv.qc.ca\/pages-regionales\/monteregie\/portrait-regional\/demographie\/\" target=\"_blank\" rel=\"noopener\">1 603 232 habitants<\/a> selon le minist\u00e8re de l&rsquo;\u00c9conomie et de l&rsquo;Innovation. Cela veut dire qu&rsquo;<strong>une personne sur 874 est d\u00e9c\u00e9d\u00e9e de la COVID-19<\/strong>. En comparaison, vous avez <a href=\"https:\/\/www.sciencepresse.qc.ca\/blogue\/bloguetascience\/2008\/11\/10\/chance-14-millions-bien-chance-10-milliards-dit-vrai\" target=\"_blank\" rel=\"noopener\">une chance sur 14 millions<\/a> de gagner le gros lot \u00e0 la Lotto 6\/49.<\/p>\n<hr \/>\n<h4>Sant\u00e9 mentale<\/h4>\n<p style=\"text-align: justify;\">Selon l&rsquo;association qu\u00e9b\u00e9coise des parents et amis de la personne atteinte de maladie mentale (<a href=\"https:\/\/aqpamm.ca\/\" target=\"_blank\" rel=\"noopener\">AQPAMM<\/a>) :<\/p>\n<p style=\"padding-left: 40px; text-align: justify;\"><em>\u00ab La <a href=\"https:\/\/aqpamm.ca\/les-grands-types-de-maladies-mentales\/\" target=\"_blank\" rel=\"noopener\">sant\u00e9 mentale<\/a> est un <strong>\u00e9tat de bien-\u00eatre<\/strong> dans lequel un <strong>individu peut r\u00e9aliser son propre potentiel<\/strong> et <strong>faire face aux situations normales de la vie<\/strong> et au stress qu\u2019elles g\u00e9n\u00e8rent. Une personne en bonne sant\u00e9 mentale peut notamment contribuer \u00e0 sa communaut\u00e9 et travailler de fa\u00e7on productive. La sant\u00e9 mentale est donc un \u00e9tat de bien-\u00eatre physique, mental et social complet et n\u2019est pas simplement l\u2019absence de troubles mentaux. \u00bb<\/em><\/p>\n<p>Toujours selon la m\u00eame r\u00e9f\u00e9rence :<\/p>\n<p style=\"padding-left: 40px; text-align: justify;\"><em>\u00ab Les <strong>capacit\u00e9s d\u2019adaptation<\/strong>\u00a0sont d\u00e9termin\u00e9es par des\u00a0<strong>facteurs biologiques, psychologiques<\/strong>\u00a0et\u00a0<strong>sociaux<\/strong>\u00a0qui peuvent varier dans le temps. Certains troubles de sant\u00e9 mentale sont caus\u00e9s par une plus grande quantit\u00e9 de facteurs biologiques, la schizophr\u00e9nie par exemple. Mais la majorit\u00e9 des troubles de sant\u00e9 mentale sont caus\u00e9s par une combinaison des trois types de facteurs qui diminuent les capacit\u00e9s d\u2019adaptation d\u2019un individu lorsque celui-ci vit un moment particuli\u00e8rement difficile.<\/em><\/p>\n<p style=\"padding-left: 40px; text-align: justify;\"><em>Le d\u00e9veloppement d\u2019un probl\u00e8me de sant\u00e9 mentale est donc un malheureux concours de circonstances qui combine des facteurs biologiques, psychologiques et sociaux \u00e0 un contexte propice, soit l\u2019augmentation des stress et la diminution des capacit\u00e9s d\u2019adaptation. \u00bb<\/em><\/p>\n<p style=\"text-align: justify;\">Bref, la situation actuelle o\u00f9 nous traversons en hiver une suite interminable de nouvelles en lien avec la COVID-19 peut servir de d\u00e9clencheur ou d&rsquo;acc\u00e9l\u00e9rant pour des probl\u00e8mes de sant\u00e9 mentale.<\/p>\n<p style=\"text-align: justify;\">L&rsquo;antenne locale de l&rsquo;AQPAMM pour la rive sud de Montr\u00e9al est l&rsquo;<a href=\"http:\/\/apammrs.org\/\" target=\"_blank\" rel=\"noopener\">APAMM-RS<\/a>. Les services et programmes suivants y sont offerts :<\/p>\n<ul style=\"text-align: justify;\">\n<li>interventions psychosociales;<\/li>\n<li>activit\u00e9s d&rsquo;information;<\/li>\n<li>groupes de soutien et entraide;<\/li>\n<li>activit\u00e9s de formation.<\/li>\n<\/ul>\n<hr \/>\n<h4 style=\"text-align: justify;\">En cas de crise<\/h4>\n<p style=\"text-align: justify;\">Outre le <span style=\"color: #ff0000;\"><strong>911<\/strong><\/span> o\u00f9 il est toujours possible de joindre quelqu&rsquo;un si les choses ne vont pas bien du tout, le Portail Sant\u00e9 Mont\u00e9r\u00e9gie offre le <a href=\"https:\/\/santemonteregie.qc.ca\/est\/centre-de-crise-lacces\" target=\"_blank\" rel=\"noopener\">Centre de crise L&rsquo;Acc\u00e8s<\/a>, ouvert 24 heures par jour, 7 jours par semaine.\u00a0Le num\u00e9ro \u00e0 composer est le <span style=\"color: #ff0000;\"><strong><span style=\"color: #ff0000;\">450 679-8689.<\/span><\/strong><\/span><\/p>\n<p style=\"text-align: justify;\">Que ce soit pour vous ou un proche, \u00e0 cause de la COVID-19 ou pour une autre raison, n&rsquo;attendez pas d&rsquo;\u00eatre au bout du rouleau pour demander de l&rsquo;aide. Il n&rsquo;y a aucune honte \u00e0 faire une telle d\u00e9marche, au contraire.<\/p>\n<p>Prenez bien soin de vous !<\/p>\n<p style=\"text-align: justify;\">Richard Gervais<\/p>\n","protected":false},"excerpt":{"rendered":"<p>Les mois de janvier et de f\u00e9vrier appartiennent au plus profond de l&rsquo;hiver qu\u00e9b\u00e9cois. La r\u00e9clusion dans les domiciles et les courtes p\u00e9riodes de clart\u00e9 peuvent affecter certaines personnes. De concert avec ces ph\u00e9nom\u00e8nes annuels, les nouvelles quotidiennes en lien avec la COVID-19 nous sont martel\u00e9es dans les m\u00e9dias depuis pr\u00e8s de deux ans. Notre &hellip; <a href=\"https:\/\/cimbcc.org\/test2\/la-sante-mentale-lelephant-dans-la-piece\/\" class=\"more-link\">Continuer la lecture de <span class=\"screen-reader-text\">La sant\u00e9 mentale &#8211; l&rsquo;\u00e9l\u00e9phant dans la pi\u00e8ce<\/span>  <span class=\"meta-nav\">&rarr;<\/span><\/a><\/p>\n","protected":false},"author":43,"featured_media":0,"comment_status":"open","ping_status":"closed","sticky":false,"template":"","format":"standard","meta":{"footnotes":""},"categories":[1],"tags":[1413,1408,925,926,1182,927],"class_list":["post-38558","post","type-post","status-publish","format-standard","hentry","category-sans-categories","tag-apamm-rs","tag-aqpamm","tag-bell","tag-bell-cause-pour-la-cause","tag-covid-19","tag-sante-mentale"],"_links":{"self":[{"href":"https:\/\/cimbcc.org\/test2\/wp-json\/wp\/v2\/posts\/38558","targetHints":{"allow":["GET"]}}],"collection":[{"href":"https:\/\/cimbcc.org\/test2\/wp-json\/wp\/v2\/posts"}],"about":[{"href":"https:\/\/cimbcc.org\/test2\/wp-json\/wp\/v2\/types\/post"}],"author":[{"embeddable":true,"href":"https:\/\/cimbcc.org\/test2\/wp-json\/wp\/v2\/users\/43"}],"replies":[{"embeddable":true,"href":"https:\/\/cimbcc.org\/test2\/wp-json\/wp\/v2\/comments?post=38558"}],"version-history":[{"count":31,"href":"https:\/\/cimbcc.org\/test2\/wp-json\/wp\/v2\/posts\/38558\/revisions"}],"predecessor-version":[{"id":38560,"href":"https:\/\/cimbcc.org\/test2\/wp-json\/wp\/v2\/posts\/38558\/revisions\/38560"}],"wp:attachment":[{"href":"https:\/\/cimbcc.org\/test2\/wp-json\/wp\/v2\/media?parent=38558"}],"wp:term":[{"taxonomy":"category","embeddable":true,"href":"https:\/\/cimbcc.org\/test2\/wp-json\/wp\/v2\/categories?post=38558"},{"taxonomy":"post_tag","embeddable":true,"href":"https:\/\/cimbcc.org\/test2\/wp-json\/wp\/v2\/tags?post=38558"}],"curies":[{"name":"wp","href":"https:\/\/api.w.org\/{rel}","templated":true}]}}