{"id":38862,"date":"2022-02-15T20:00:17","date_gmt":"2022-02-16T01:00:17","guid":{"rendered":"https:\/\/cimbcc.org\/test2\/?p=38862"},"modified":"2023-10-16T22:11:09","modified_gmt":"2023-10-17T02:11:09","slug":"informations-importantes-au-sujet-de-produits-apple","status":"publish","type":"post","link":"https:\/\/cimbcc.org\/test2\/informations-importantes-au-sujet-de-produits-apple\/","title":{"rendered":"Informations importantes au sujet de produits Apple"},"content":{"rendered":"<figure id=\"attachment_24081\" aria-describedby=\"caption-attachment-24081\" style=\"width: 125px\" class=\"wp-caption aligncenter\"><img loading=\"lazy\" decoding=\"async\" class=\"size-full wp-image-24081\" src=\"https:\/\/cimbcc.org\/test2\/wp-content\/uploads\/photo_charron_denis.jpg\" alt=\"\" width=\"125\" height=\"125\" \/><figcaption id=\"caption-attachment-24081\" class=\"wp-caption-text\"><span style=\"color: #ffffff;\">mmm<\/span>Denis Charron<\/figcaption><\/figure>\n<p>Il sera question de deux sujets en lien avec des produits Apple :<\/p>\n<ul>\n<li>importante mise \u00e0 jour de s\u00e9curit\u00e9 pour iOS 15;<\/li>\n<li>mauvaise utilisation des AirTag.<\/li>\n<\/ul>\n<p><!--more--><\/p>\n<h4><strong>Importante mise \u00e0 jour de s\u00e9curit\u00e9 pour iOS 15<\/strong><\/h4>\n<p style=\"text-align: justify;\">Apple a publi\u00e9 jeudi 10 f\u00e9vrier une importante mise \u00e0 jour de s\u00e9curit\u00e9 afin de colmater une faille dans ses syst\u00e8mes d&rsquo;exploitation iOS et iPadOS. Cette faille pourrait d\u00e9j\u00e0 avoir \u00e9t\u00e9 exploit\u00e9e par des pirates.<\/p>\n<p style=\"text-align: justify;\">Apple recommande d&rsquo;effectuer cette mise \u00e0 jour d\u00e8s que possible, comme l&rsquo;explique <a href=\"https:\/\/ici.radio-canada.ca\/nouvelle\/1861653\/apple-mise-a-jour-securite\" target=\"_blank\" rel=\"noopener\">cet article<\/a> du site Web de Radio-Canada.<\/p>\n<hr \/>\n<h4><strong>Mauvaise utilisation des AirTag<\/strong><\/h4>\n<p style=\"text-align: justify;\">Apple apportera des modifications au fonctionnement de ses Airtag pour emp\u00eacher une utilisation illicite de ces derniers.<\/p>\n<p style=\"text-align: justify;\">Pr\u00e9vus pour aider un propri\u00e9taire \u00e0 retrouver ses objets personnels perdus, les Airtag sont utilis\u00e9s par certains individus pour pister d&rsquo;autres personnes, voler des voitures ou cambrioler des domiciles, comme en fait mention <a href=\"https:\/\/www.futura-sciences.com\/tech\/actualites\/technologie-apple-veut-empecher-utilisation-airtags-comme-mouchards-95375\/#xtor=EPR-57-[ALERTE]-20220211\" target=\"_blank\" rel=\"noopener\">cet article<\/a> du site Web de Futura-Sciences.<\/p>\n<p style=\"text-align: justify;\">Denis Charron<\/p>\n","protected":false},"excerpt":{"rendered":"<p>Il sera question de deux sujets en lien avec des produits Apple : importante mise \u00e0 jour de s\u00e9curit\u00e9 pour iOS 15; mauvaise utilisation des AirTag.<\/p>\n","protected":false},"author":43,"featured_media":0,"comment_status":"open","ping_status":"closed","sticky":false,"template":"","format":"standard","meta":{"footnotes":""},"categories":[403],"tags":[1474,427,1598,1525,1397,600],"class_list":["post-38862","post","type-post","status-publish","format-standard","hentry","category-applications","tag-airtag","tag-apple","tag-correctif-de-securite","tag-ios-15","tag-ipados","tag-mise-a-jour"],"_links":{"self":[{"href":"https:\/\/cimbcc.org\/test2\/wp-json\/wp\/v2\/posts\/38862","targetHints":{"allow":["GET"]}}],"collection":[{"href":"https:\/\/cimbcc.org\/test2\/wp-json\/wp\/v2\/posts"}],"about":[{"href":"https:\/\/cimbcc.org\/test2\/wp-json\/wp\/v2\/types\/post"}],"author":[{"embeddable":true,"href":"https:\/\/cimbcc.org\/test2\/wp-json\/wp\/v2\/users\/43"}],"replies":[{"embeddable":true,"href":"https:\/\/cimbcc.org\/test2\/wp-json\/wp\/v2\/comments?post=38862"}],"version-history":[{"count":6,"href":"https:\/\/cimbcc.org\/test2\/wp-json\/wp\/v2\/posts\/38862\/revisions"}],"predecessor-version":[{"id":38881,"href":"https:\/\/cimbcc.org\/test2\/wp-json\/wp\/v2\/posts\/38862\/revisions\/38881"}],"wp:attachment":[{"href":"https:\/\/cimbcc.org\/test2\/wp-json\/wp\/v2\/media?parent=38862"}],"wp:term":[{"taxonomy":"category","embeddable":true,"href":"https:\/\/cimbcc.org\/test2\/wp-json\/wp\/v2\/categories?post=38862"},{"taxonomy":"post_tag","embeddable":true,"href":"https:\/\/cimbcc.org\/test2\/wp-json\/wp\/v2\/tags?post=38862"}],"curies":[{"name":"wp","href":"https:\/\/api.w.org\/{rel}","templated":true}]}}