{"id":38929,"date":"2022-03-03T19:00:51","date_gmt":"2022-03-04T00:00:51","guid":{"rendered":"https:\/\/cimbcc.org\/test2\/?p=38929"},"modified":"2023-10-16T22:11:09","modified_gmt":"2023-10-17T02:11:09","slug":"mot-du-president-mars-2022","status":"publish","type":"post","link":"https:\/\/cimbcc.org\/test2\/mot-du-president-mars-2022\/","title":{"rendered":"Mot du pr\u00e9sident &#8211; mars 2022"},"content":{"rendered":"<figure id=\"attachment_35278\" aria-describedby=\"caption-attachment-35278\" style=\"width: 125px\" class=\"wp-caption aligncenter\"><img loading=\"lazy\" decoding=\"async\" class=\"size-full wp-image-35278\" src=\"https:\/\/cimbcc.org\/test2\/wp-content\/uploads\/photo_cote_rejean.jpg\" alt=\"\" width=\"125\" height=\"125\" \/><figcaption id=\"caption-attachment-35278\" class=\"wp-caption-text\"><span style=\"color: #ffffff;\">mmmm<\/span>R\u00e9jean C\u00f4t\u00e9<\/figcaption><\/figure>\n<h4>La tablette \u00e9lectronique<\/h4>\n<p style=\"text-align: justify;\">Vous savez que la tablette \u00e9lectronique a le vent dans les voiles actuellement. L\u2019an dernier encore, les ventes d\u2019ordinateurs portables d\u00e9passaient celles des ordinateurs de bureau. Cette ann\u00e9e, on pr\u00e9voit que, d\u2019une part, les tablettes \u00e9lectroniques se vendront davantage que les ordinateurs portables et que, d\u2019autre part, les ordinateurs de bureau seront encore moins populaires.<\/p>\n<p style=\"text-align: justify;\">Quand on apprend avec quelle facilit\u00e9 les \u00e9l\u00e8ves du pr\u00e9scolaire et du primaire utilisent la tablette \u00e9lectronique, on peut se demander si la tablette \u00e9lectronique ne va pas remplacer graduellement l\u2019ordinateur. Je n\u2019en suis pas si s\u00fbr, car l\u2019ordinateur est encore tr\u00e8s utile dans plusieurs domaines.<\/p>\n<p style=\"text-align: justify;\"><!--more--><\/p>\n<p style=\"text-align: justify;\">D\u2019abord, il faut bien faire la diff\u00e9rence entre les tablettes \u00e9lectroniques et les ordinateurs. Les ordinateurs sont actuellement dot\u00e9s d\u2019une puissance bien sup\u00e9rieure \u00e0 celle des tablettes \u00e9lectroniques et ils proposent des outils avec lesquels les tablettes \u00e9lectroniques ne peuvent pas rivaliser pour l\u2019instant. Malgr\u00e9 cela, les ordinateurs portables sont de plus en plus\u00a0concurrenc\u00e9s par les tablettes \u00e9lectroniques\u00a0: plus les tablettes se perfectionneront, plus leur utilisation deviendra comparable \u00e0 celle des ordinateurs portables. Les tablettes \u00e9lectroniques pr\u00e9sentent aussi des avantages qui font toute la diff\u00e9rence\u00a0: leur poids, leur taille et souvent l\u2019interface tactile.<\/p>\n<p style=\"text-align: justify;\">La tablette \u00e9lectronique est souvent utilis\u00e9e comme un compl\u00e9ment de l\u2019ordinateur quand les gens poss\u00e8dent l\u2019un et l\u2019autre. Ils utilisent la tablette \u00e9lectronique pour v\u00e9rifier la m\u00e9t\u00e9o, leurs courriels et leur compte Facebook, par exemple, alors que l\u2019ordinateur leur sert \u00e0 des t\u00e2ches plus sp\u00e9cifiques.<\/p>\n<p style=\"text-align: justify;\">Les enfants qui auront eu la chance d\u2019apprivoiser la tablette \u00e9lectronique tr\u00e8s t\u00f4t nous feront peut-\u00eatre \u00e9voluer vers un emploi plus important de la tablette au d\u00e9triment de l\u2019ordinateur. Ayant apprivois\u00e9 cette technologie avec facilit\u00e9, ils en auront s\u00fbrement beaucoup \u00e0 nous apprendre. \u00c0 la condition qu\u2019ils en aient le temps, car nos enfants sont tellement occup\u00e9s aujourd\u2019hui!<\/p>\n<p style=\"text-align: justify;\">Si vous appr\u00e9ciez la tablette \u00e9lectronique, il serait peut-\u00eatre bon de penser \u00e0 parfaire vos connaissances sur ce sujet en suivant un atelier au Club. Les inscriptions aux ateliers sont ferm\u00e9es pour le moment, mais vous pourrez vous reprendre l\u2019automne prochain, parce que le Club met au programme de chaque session des ateliers de quelques r\u00e9unions sur les tablettes iPad et Android.<\/p>\n<p style=\"text-align: justify;\">Je vous invite \u00e0 cliquer <a href=\"https:\/\/cimbcc.org\/test2\/activites\/les-ateliers\" target=\"_blank\" rel=\"noopener\">ici<\/a> pour ouvrir la page descriptive des ateliers sur le site Web du Club. Vous pourrez y constater le choix vari\u00e9 que le Club propose \u00e0 ses membres\u00a0: des ateliers sur les tablettes \u00e9lectroniques, mais aussi de nombreux ateliers sur plusieurs autres contenus qui pourraient vous int\u00e9resser et vous \u00eatre utiles.<\/p>\n<p style=\"text-align: justify;\">R\u00e9jean C\u00f4t\u00e9, pr\u00e9sident<\/p>\n","protected":false},"excerpt":{"rendered":"<p>La tablette \u00e9lectronique Vous savez que la tablette \u00e9lectronique a le vent dans les voiles actuellement. L\u2019an dernier encore, les ventes d\u2019ordinateurs portables d\u00e9passaient celles des ordinateurs de bureau. Cette ann\u00e9e, on pr\u00e9voit que, d\u2019une part, les tablettes \u00e9lectroniques se vendront davantage que les ordinateurs portables et que, d\u2019autre part, les ordinateurs de bureau seront &hellip; <a href=\"https:\/\/cimbcc.org\/test2\/mot-du-president-mars-2022\/\" class=\"more-link\">Continuer la lecture de <span class=\"screen-reader-text\">Mot du pr\u00e9sident &#8211; mars 2022<\/span>  <span class=\"meta-nav\">&rarr;<\/span><\/a><\/p>\n","protected":false},"author":43,"featured_media":0,"comment_status":"open","ping_status":"closed","sticky":false,"template":"","format":"standard","meta":{"footnotes":""},"categories":[11],"tags":[1601,269,105],"class_list":["post-38929","post","type-post","status-publish","format-standard","hentry","category-mots-du-president","tag-2022-2023","tag-ateliers","tag-tablette"],"_links":{"self":[{"href":"https:\/\/cimbcc.org\/test2\/wp-json\/wp\/v2\/posts\/38929","targetHints":{"allow":["GET"]}}],"collection":[{"href":"https:\/\/cimbcc.org\/test2\/wp-json\/wp\/v2\/posts"}],"about":[{"href":"https:\/\/cimbcc.org\/test2\/wp-json\/wp\/v2\/types\/post"}],"author":[{"embeddable":true,"href":"https:\/\/cimbcc.org\/test2\/wp-json\/wp\/v2\/users\/43"}],"replies":[{"embeddable":true,"href":"https:\/\/cimbcc.org\/test2\/wp-json\/wp\/v2\/comments?post=38929"}],"version-history":[{"count":4,"href":"https:\/\/cimbcc.org\/test2\/wp-json\/wp\/v2\/posts\/38929\/revisions"}],"predecessor-version":[{"id":38997,"href":"https:\/\/cimbcc.org\/test2\/wp-json\/wp\/v2\/posts\/38929\/revisions\/38997"}],"wp:attachment":[{"href":"https:\/\/cimbcc.org\/test2\/wp-json\/wp\/v2\/media?parent=38929"}],"wp:term":[{"taxonomy":"category","embeddable":true,"href":"https:\/\/cimbcc.org\/test2\/wp-json\/wp\/v2\/categories?post=38929"},{"taxonomy":"post_tag","embeddable":true,"href":"https:\/\/cimbcc.org\/test2\/wp-json\/wp\/v2\/tags?post=38929"}],"curies":[{"name":"wp","href":"https:\/\/api.w.org\/{rel}","templated":true}]}}