{"id":38944,"date":"2022-03-08T11:00:37","date_gmt":"2022-03-08T16:00:37","guid":{"rendered":"https:\/\/cimbcc.org\/test2\/?p=38944"},"modified":"2023-10-16T22:11:09","modified_gmt":"2023-10-17T02:11:09","slug":"zoom-mise-a-jour-simplifiee-ouvrir-une-discussion-vous-renommer-et-lever-la-main-mais-laquelle","status":"publish","type":"post","link":"https:\/\/cimbcc.org\/test2\/zoom-mise-a-jour-simplifiee-ouvrir-une-discussion-vous-renommer-et-lever-la-main-mais-laquelle\/","title":{"rendered":"Zoom : mise \u00e0 jour simplifi\u00e9e, ouvrir une discussion, vous renommer et lever la main, mais laquelle ?"},"content":{"rendered":"<figure id=\"attachment_43393\" aria-describedby=\"caption-attachment-43393\" style=\"width: 125px\" class=\"wp-caption aligncenter\"><a href=\"https:\/\/cimbcc.org\/test2\/wp-content\/uploads\/photo_delisle_pierre.jpg\"><img loading=\"lazy\" decoding=\"async\" class=\"wp-image-43393 size-full\" src=\"https:\/\/cimbcc.org\/test2\/wp-content\/uploads\/photo_delisle_pierre.jpg\" alt=\"\" width=\"125\" height=\"126\" \/><\/a><figcaption id=\"caption-attachment-43393\" class=\"wp-caption-text\">Pierre Delisle<\/figcaption><\/figure>\n<p style=\"text-align: justify;\">Il y a un petit bout de temps que je ne vous avais pas titill\u00e9 avec le syst\u00e8me de vid\u00e9oconf\u00e9rence Zoom, notre navire amiral en ces temps pand\u00e9miques.\u00a0 Il nous importe que vous soyez le mieux outill\u00e9(e) et inform\u00e9(e) possible pour tirer optimalement profit de vos pr\u00e9sentations \u00e0 distance.<\/p>\n<p style=\"text-align: justify;\">Voici deux \u00e9l\u00e9ments qui ont particuli\u00e8rement suscit\u00e9 votre int\u00e9r\u00eat lors de la pr\u00e9sentation du 11 janvier 2022\u00a0:<\/p>\n<ul>\n<li style=\"text-align: justify;\">les mises \u00e0 jour;<\/li>\n<li style=\"text-align: justify;\">l&rsquo;utilisation du bon \u00e9moji pour lever la main afin de poser une question.<\/li>\n<\/ul>\n<p style=\"text-align: justify;\">Bien que vous fussiez autour de 165 membres \u00e0 cette rencontre, je reprends ces deux \u00e9l\u00e9ments, plus deux autres points, au b\u00e9n\u00e9fice des autres personnes qui n\u2019ont pu y assister. Un rappel sera ainsi fait pour vous expliquer comment ouvrir une discussion et vous renommer de fa\u00e7on d\u00e9finitive.<\/p>\n<p><!--more--><\/p>\n<hr \/>\n<h4>Mise \u00e0 jour simplifi\u00e9e<\/h4>\n<p style=\"text-align: justify;\">Dans le domaine de la technologie, les mises \u00e0 jour sont cruciales. Lorsque de nouvelles fonctionnalit\u00e9s int\u00e9ressantes sont disponibles ou lorsqu\u2019un bogue logiciel ou une vuln\u00e9rabilit\u00e9 n\u00e9cessite une r\u00e9solution, Zoom publie des mises \u00e0 jour du <em><a href=\"https:\/\/support.zoom.us\/hc\/fr\/articles\/360032812931-Ex%C3%A9cuter-le-Zoom-Desktop-Client\" target=\"_blank\" rel=\"noopener\">Zoom Desktop Client<\/a>,<\/em> l\u2019application que vous avez install\u00e9e sur votre ordinateur, tablette ou t\u00e9l\u00e9phone intelligent. Ces mises \u00e0 jour ne sont pas toujours r\u00e9alis\u00e9es par tout le monde. De nombreux utilisateurs sont occup\u00e9s et oublient de mettre \u00e0 jour leurs applications.<\/p>\n<p><a href=\"http:\/\/clipart-library.com\/clipart\/1844789.htm\" target=\"_blank\" rel=\"noopener\"><img loading=\"lazy\" decoding=\"async\" class=\"aligncenter size-full wp-image-38967\" src=\"https:\/\/cimbcc.org\/test2\/wp-content\/uploads\/chip_2022_03_zoom_1.jpg\" alt=\"\" width=\"414\" height=\"373\" srcset=\"https:\/\/cimbcc.org\/test2\/wp-content\/uploads\/chip_2022_03_zoom_1.jpg 414w, https:\/\/cimbcc.org\/test2\/wp-content\/uploads\/chip_2022_03_zoom_1-300x270.jpg 300w\" sizes=\"auto, (max-width: 414px) 100vw, 414px\" \/><\/a><\/p>\n<p style=\"text-align: justify;\">Mais au CIMBCC, vous semblez assez diligents quant aux mises \u00e0 jour. Sur <a href=\"https:\/\/cimbcc.org\/test2\/wp-content\/uploads\/divers_pdf_tutoriel_zoom_index_tableau.pdf\" target=\"_blank\" rel=\"noopener\">notre site de tutoriels sur l\u2019application Zoom<\/a>, la capsule vid\u00e9o la plus visionn\u00e9e\u00a0est celle de la <strong>mise \u00e0 jour<\/strong> avec trois fois plus de visionnements que la suivante qui explique \u00ab <strong>comment v\u00e9rifier son audio<\/strong> \u00bb.<\/p>\n<p style=\"text-align: justify;\">Nous sommes heureux d\u2019annoncer le lancement d\u2019une fonctionnalit\u00e9 de mise \u00e0 jour automatique qui facilitera grandement ce processus.<\/p>\n<p>Voici comment faire avec un <strong>ordinateur sous Windows<\/strong> :<\/p>\n<ul>\n<li style=\"text-align: justify;\">Ouvrir l\u2019application Zoom.<\/li>\n<li style=\"text-align: justify;\">Si une nouvelle version est disponible, vers le haut de la fen\u00eatre, il y aura une notification sur <strong><span style=\"color: #000080;\">fond bleu<\/span><\/strong> disant\u00a0\u00ab\u00a0Une nouvelle version est disponible! <strong>Mettre \u00e0 jour \u00bb.<\/strong><\/li>\n<li style=\"text-align: justify;\">Cliquez sur <strong>Mettre \u00e0 jour<\/strong>. Voil\u00e0!<\/li>\n<li style=\"text-align: justify;\">Si vous cliquez sur le petit <strong>x<\/strong> \u00e0 la droite de notification, la mise \u00e0 jour ne se fera pas imm\u00e9diatement, mais se fera automatiquement lors de votre prochaine utilisation de Zoom.<\/li>\n<\/ul>\n<p style=\"text-align: justify;\">Vous avez un <strong>appareil mobile<\/strong> (Android, iPad, iPhone)<\/p>\n<ul>\n<li style=\"text-align: justify;\">Les mises \u00e0 jour se font automatiquement, sans aucune intervention de votre part<\/li>\n<\/ul>\n<p style=\"text-align: justify;\">Vous aimez des explications plus imag\u00e9es ? Nous avons refait les capsules d\u2019aide o\u00f9 nous vous expliquons, en plus, comment v\u00e9rifier votre version actuelle sur ordinateur ou sur iPad\/iPhone. Vous aurez le choix : format texte ou capsule vid\u00e9o. Recherchez la ligne <strong>A2 V\u00e9rifier la mise \u00e0 jour <\/strong>des <a href=\"https:\/\/cimbcc.org\/test2\/wp-content\/uploads\/divers_pdf_tutoriel_zoom_index_tableau.pdf\" target=\"_blank\" rel=\"noopener\">tutoriels sur l\u2019application Zoom<\/a>.<\/p>\n<hr \/>\n<h4>Lever la main<\/h4>\n<p style=\"text-align: justify;\"><img loading=\"lazy\" decoding=\"async\" class=\"aligncenter size-full wp-image-38968\" src=\"https:\/\/cimbcc.org\/test2\/wp-content\/uploads\/chip_2022_03_zoom_2.jpg\" alt=\"\" width=\"512\" height=\"229\" srcset=\"https:\/\/cimbcc.org\/test2\/wp-content\/uploads\/chip_2022_03_zoom_2.jpg 512w, https:\/\/cimbcc.org\/test2\/wp-content\/uploads\/chip_2022_03_zoom_2-300x134.jpg 300w\" sizes=\"auto, (max-width: 512px) 100vw, 512px\" \/>Lors des pr\u00e9sentations, nous avons constat\u00e9 que plusieurs d&rsquo;entre vous ne savaient pas comment lever la main ad\u00e9quatement.<\/p>\n<p style=\"text-align: justify;\">Sous Windows, il faut cliquer sur le bouton <strong>R\u00e9actions<\/strong>, puis sur le long bouton rectangulaire <strong>Lever la main<\/strong>. Nous avons refait les capsules vid\u00e9o pour d\u00e9montrer comment bien le faire sous Windows et avec iPad\/iPhone, selon la derni\u00e8re version de Zoom. Recherchez la ligne <strong>P4<\/strong> des <a href=\"https:\/\/cimbcc.org\/test2\/wp-content\/uploads\/divers_pdf_tutoriel_zoom_index_tableau.pdf\" target=\"_blank\" rel=\"noopener\">tutoriels sur l\u2019application Zoom<\/a>.<\/p>\n<hr \/>\n<h4>Discussion, clavardage, chat<\/h4>\n<p style=\"text-align: justify;\"><img loading=\"lazy\" decoding=\"async\" class=\"aligncenter size-full wp-image-38970\" src=\"https:\/\/cimbcc.org\/test2\/wp-content\/uploads\/chip_2022_03_zoom_3.jpg\" alt=\"\" width=\"755\" height=\"455\" srcset=\"https:\/\/cimbcc.org\/test2\/wp-content\/uploads\/chip_2022_03_zoom_3.jpg 755w, https:\/\/cimbcc.org\/test2\/wp-content\/uploads\/chip_2022_03_zoom_3-300x181.jpg 300w\" sizes=\"auto, (max-width: 755px) 100vw, 755px\" \/>Dans le court sondage r\u00e9alis\u00e9 lors de la pr\u00e9sentation du 11 janvier dernier, nous avons constat\u00e9 que pr\u00e8s de la moiti\u00e9 des participants ne se sentaient pas \u00e0 l\u2019aise pour communiquer par la Discussion (<strong>Chat<\/strong>).<\/p>\n<p style=\"text-align: justify;\">Ouvrir une discussion est tr\u00e8s utile lorsque vous avez une question ou un commentaire, mais que vous ne voulez pas interrompre le pr\u00e9sentateur. Il ne faut pas tenir en otage une centaine de participants pour un point l\u00e9gitime, mais pas d\u2019int\u00e9r\u00eat public.<\/p>\n<p style=\"text-align: justify;\">Si vous utilisez la Discussion pour communiquer, l\u2019accompagnateur verra votre question et vous r\u00e9pondra personnellement. Pour vous familiariser avec cette fa\u00e7on de faire, recherchez la ligne <strong>P8<\/strong> <strong>Discussion : \u00c9crire (clavardage, chat, converser)<\/strong> des <a href=\"https:\/\/cimbcc.org\/test2\/wp-content\/uploads\/divers_pdf_tutoriel_zoom_index_tableau.pdf\" target=\"_blank\" rel=\"noopener\">tutoriels sur l\u2019application Zoom<\/a>. Des explications vous seront offertes pour l\u2019environnement Windows et iPad\/iPhone.<\/p>\n<hr \/>\n<h4>Se renommer d\u00e9finitivement<\/h4>\n<p style=\"text-align: justify;\">Environ 95% des participants aux pr\u00e9sentations inscrivent correctement leur pr\u00e9nom et leur nom. <strong><em>Bravo<\/em><\/strong>! Plusieurs trouvent toutefois lourd de devoir le refaire \u00e0 chaque pr\u00e9sentation. Alors, pourquoi ne pas vous renommer correctement de fa\u00e7on d\u00e9finitive ? Pour obtenir la d\u00e9marche, recherchez la ligne <strong>A8 Se renommer d\u00e9finitivement<\/strong> des <a href=\"https:\/\/cimbcc.org\/test2\/wp-content\/uploads\/divers_pdf_tutoriel_zoom_index_tableau.pdf\" target=\"_blank\" rel=\"noopener\">tutoriels sur l\u2019application Zoom<\/a>.<\/p>\n<p>Eh voil\u00e0! Bonnes pr\u00e9sentations \u2026<\/p>\n<p>Pierre Delisle<\/p>\n","protected":false},"excerpt":{"rendered":"<p>Il y a un petit bout de temps que je ne vous avais pas titill\u00e9 avec le syst\u00e8me de vid\u00e9oconf\u00e9rence Zoom, notre navire amiral en ces temps pand\u00e9miques.\u00a0 Il nous importe que vous soyez le mieux outill\u00e9(e) et inform\u00e9(e) possible pour tirer optimalement profit de vos pr\u00e9sentations \u00e0 distance. Voici deux \u00e9l\u00e9ments qui ont particuli\u00e8rement &hellip; <a href=\"https:\/\/cimbcc.org\/test2\/zoom-mise-a-jour-simplifiee-ouvrir-une-discussion-vous-renommer-et-lever-la-main-mais-laquelle\/\" class=\"more-link\">Continuer la lecture de <span class=\"screen-reader-text\">Zoom : mise \u00e0 jour simplifi\u00e9e, ouvrir une discussion, vous renommer et lever la main, mais laquelle ?<\/span>  <span class=\"meta-nav\">&rarr;<\/span><\/a><\/p>\n","protected":false},"author":43,"featured_media":0,"comment_status":"open","ping_status":"closed","sticky":false,"template":"","format":"standard","meta":{"footnotes":""},"categories":[24],"tags":[600,271,382,1277,1190],"class_list":["post-38944","post","type-post","status-publish","format-standard","hentry","category-conseils-pratiques","tag-mise-a-jour","tag-presentations","tag-tutoriels","tag-videoconference","tag-zoom"],"_links":{"self":[{"href":"https:\/\/cimbcc.org\/test2\/wp-json\/wp\/v2\/posts\/38944","targetHints":{"allow":["GET"]}}],"collection":[{"href":"https:\/\/cimbcc.org\/test2\/wp-json\/wp\/v2\/posts"}],"about":[{"href":"https:\/\/cimbcc.org\/test2\/wp-json\/wp\/v2\/types\/post"}],"author":[{"embeddable":true,"href":"https:\/\/cimbcc.org\/test2\/wp-json\/wp\/v2\/users\/43"}],"replies":[{"embeddable":true,"href":"https:\/\/cimbcc.org\/test2\/wp-json\/wp\/v2\/comments?post=38944"}],"version-history":[{"count":24,"href":"https:\/\/cimbcc.org\/test2\/wp-json\/wp\/v2\/posts\/38944\/revisions"}],"predecessor-version":[{"id":44110,"href":"https:\/\/cimbcc.org\/test2\/wp-json\/wp\/v2\/posts\/38944\/revisions\/44110"}],"wp:attachment":[{"href":"https:\/\/cimbcc.org\/test2\/wp-json\/wp\/v2\/media?parent=38944"}],"wp:term":[{"taxonomy":"category","embeddable":true,"href":"https:\/\/cimbcc.org\/test2\/wp-json\/wp\/v2\/categories?post=38944"},{"taxonomy":"post_tag","embeddable":true,"href":"https:\/\/cimbcc.org\/test2\/wp-json\/wp\/v2\/tags?post=38944"}],"curies":[{"name":"wp","href":"https:\/\/api.w.org\/{rel}","templated":true}]}}