{"id":39199,"date":"2022-03-29T21:00:28","date_gmt":"2022-03-30T01:00:28","guid":{"rendered":"https:\/\/cimbcc.org\/test2\/?p=39199"},"modified":"2023-10-16T22:11:09","modified_gmt":"2023-10-17T02:11:09","slug":"echos-du-conseil-dadministration-8-mars-2022","status":"publish","type":"post","link":"https:\/\/cimbcc.org\/test2\/echos-du-conseil-dadministration-8-mars-2022\/","title":{"rendered":"\u00c9chos du conseil d\u2019administration &#8211; 8 mars 2022"},"content":{"rendered":"<figure id=\"attachment_37822\" aria-describedby=\"caption-attachment-37822\" style=\"width: 513px\" class=\"wp-caption aligncenter\"><img loading=\"lazy\" decoding=\"async\" class=\"size-full wp-image-37822\" src=\"https:\/\/cimbcc.org\/test2\/wp-content\/uploads\/photo_ca_2021_2022_novembre_2021.jpg\" alt=\"CA 2021-2022\" width=\"513\" height=\"367\" srcset=\"https:\/\/cimbcc.org\/test2\/wp-content\/uploads\/photo_ca_2021_2022_novembre_2021.jpg 513w, https:\/\/cimbcc.org\/test2\/wp-content\/uploads\/photo_ca_2021_2022_novembre_2021-300x215.jpg 300w\" sizes=\"auto, (max-width: 513px) 100vw, 513px\" \/><figcaption id=\"caption-attachment-37822\" class=\"wp-caption-text\">Dans l\u2019ordre habituel : Danielle Barab\u00e9, Nicole Comtois, Michel C\u00f4t\u00e9, R\u00e9jean C\u00f4t\u00e9, Berthe Demers, C\u00e9line Dufresne, Michel Gagn\u00e9, Richard Gervais, Sylvie Mazur, Michel Paul, Danielle Provost<\/figcaption><\/figure>\n<p style=\"text-align: justify;\">Comme \u00e0 chaque r\u00e9union, le conseil d\u2019administration a fait le point sur l\u2019excellente situation financi\u00e8re du Club dont il sera question plus tard ce printemps.<\/p>\n<p style=\"text-align: justify;\">Apr\u00e8s avoir constat\u00e9 le nombre des membres enregistr\u00e9s, le conseil a pris connaissance des nouveaux d\u00e9fis que quelques b\u00e9n\u00e9voles ont accept\u00e9 de relever et d\u2019un besoin \u00e0 combler. Il a aussi accept\u00e9 de fournir \u00e0 la Ville de Saint-Bruno-de-Montarville la liste de ses b\u00e9n\u00e9voles montarvillois.<\/p>\n<p style=\"text-align: justify;\">Un probl\u00e8me rencontr\u00e9 par les a\u00een\u00e9s qui habitent dans certaines r\u00e9sidences a \u00e9t\u00e9 examin\u00e9 du point de vue des services que le Club peut ou non offrir.<\/p>\n<p style=\"text-align: justify;\">Enfin, le conseil a confirm\u00e9 le maintien des r\u00e8gles qu\u2019il s\u2019est donn\u00e9es relativement au respect des lois et \u00e0 la neutralit\u00e9 commerciale du Club.<\/p>\n<p><!--more--><\/p>\n<hr \/>\n<h4><strong>Membres <\/strong><\/h4>\n<p style=\"text-align: justify;\">Le Club comptait 783\u00a0membres au d\u00e9but de mars, soit 9 de plus que le mois pr\u00e9c\u00e9dent, mais 26\u00a0membres de moins que l\u2019an dernier \u00e0 pareille date.<\/p>\n<p style=\"text-align: justify;\">Le responsable du registre des membres, Michel Paul, a fait remarquer que le Club a enregistr\u00e9 230\u00a0nouveaux membres de janvier \u00e0 d\u00e9cembre 2021. Le retour d\u2019anciens membres est aussi important. Il a aussi fait observer que le Club a recrut\u00e9 30\u00a0membres en janvier et f\u00e9vrier contre 60 pour les m\u00eames mois de l\u2019an dernier.<\/p>\n<hr \/>\n<h4><strong>B\u00e9n\u00e9voles<\/strong><\/h4>\n<p style=\"text-align: justify;\"><strong>\u00a0<\/strong>Certains b\u00e9n\u00e9voles ont accept\u00e9 de nouveaux d\u00e9fis\u00a0:<\/p>\n<ul style=\"text-align: justify;\">\n<li>Denis Dulude s\u2019est joint \u00e0 l\u2019\u00e9quipe de <a href=\"https:\/\/cimbcc.org\/test2\/linscription\" target=\"_blank\" rel=\"noopener\">l\u2019accueil t\u00e9l\u00e9phonique<\/a> des nouveaux membres.<\/li>\n<li>R\u00e9jean Bouchard participera aux s\u00e9ances de la s\u00e9rie <em>Facile<\/em> de l\u2019an prochain en pr\u00e9sentant les particularit\u00e9s de Gmail.<\/li>\n<li>C\u00e9line Dion s\u2019est jointe \u00e0 l\u2019\u00e9quipe de <a href=\"https:\/\/cimbcc.org\/test2\/entraide\/lassistance-avant-les-seances\" target=\"_blank\" rel=\"noopener\">l\u2019assistance avant les s\u00e9ances<\/a>, service qui reprendra ses activit\u00e9s en m\u00eame temps que les activit\u00e9s en salle, au Chalet Marie-Victorin.<\/li>\n<\/ul>\n<p style=\"text-align: justify;\">Le Club est toujours \u00e0 la recherche de nouveaux collaborateurs dont on peut voir la liste en cliquant <a href=\"https:\/\/cimbcc.org\/test2\/le-club-2\/benevoles-demandes\">ici<\/a>. Aux besoins inscrits sur le site, il faut ajouter\u00a0:<\/p>\n<ul>\n<li style=\"text-align: justify;\">Une personne qui prendra la rel\u00e8ve de la responsable de <strong>l\u2019accueil t\u00e9l\u00e9phonique<\/strong> sans avoir l\u2019obligation de r\u00e9pondre au t\u00e9l\u00e9phone\u00a0: SVP, envoyez un courriel \u00e0 <a href=\"mailto:cimbcc@cimbcc.org\" target=\"_blank\" rel=\"noopener\">cimbcc@cimbcc.org<\/a> pour offrir vos services.<\/li>\n<\/ul>\n<hr \/>\n<h4 style=\"text-align: justify;\"><strong>B\u00e9n\u00e9voles du Club qui habitent Saint-Bruno-de-Montarville<\/strong><\/h4>\n<p style=\"text-align: justify;\">Saint-Bruno offrira l\u2019acc\u00e8s gratuit aux activit\u00e9s sportives libres de la Ville \u00e0 ses citoyens qui \u0153uvrent comme b\u00e9n\u00e9voles dans les organismes qu\u2019elle soutient. Le Club \u00e9tant l\u2019un de ces organismes, le conseil a accept\u00e9 de produire une liste de ses b\u00e9n\u00e9voles qui habitent Saint-Bruno et qui y ont fait un minimum de 40\u00a0heures de b\u00e9n\u00e9volat. Cette liste sera fournie \u00e0 la Ville qui communiquera avec ces b\u00e9n\u00e9voles pour les informer des privil\u00e8ges qu\u2019elle leur accorde.<\/p>\n<hr \/>\n<h4><strong>Probl\u00e8me dans les r\u00e9sidences pour a\u00een\u00e9s<\/strong><\/h4>\n<p style=\"text-align: justify;\">Les r\u00e9sidences pour a\u00een\u00e9s ont parfois un contrat d\u2019exclusivit\u00e9 avec un fournisseur de services Internet qui n\u2019est ni Bell ni Vid\u00e9otron. Les r\u00e9sidents qui ont conserv\u00e9 une adresse de courrier \u00e9lectronique avec ces fournisseurs (Bell et Vid\u00e9otron) ne peuvent plus y avoir acc\u00e8s et se trouvent souvent d\u00e9munis.<\/p>\n<p style=\"text-align: justify;\">R\u00e9cemment, le Club a re\u00e7u une demande des responsables d\u2019une de ces r\u00e9sidences afin d\u2019obtenir du soutien pour la cr\u00e9ation d\u2019adresses \u00e9lectroniques ainsi que la formation et le soutien des utilisateurs dans les locaux de la r\u00e9sidence. Cette demande a \u00e9t\u00e9 refus\u00e9e parce que ce n\u2019est pas dans la mission du Club.<\/p>\n<p style=\"text-align: justify;\">Par contre, les r\u00e9sidents membres du Club et ceux qui le deviendront peuvent obtenir de l\u2019aide individuelle du Club en s\u2019adressant aux services d\u2019entraide existants qui peuvent \u00eatre consult\u00e9s <a href=\"https:\/\/cimbcc.org\/test2\/entraide\/lassistance-avant-les-seances\" target=\"_blank\" rel=\"noopener\">en cliquant ici<\/a>.<\/p>\n<p style=\"text-align: justify;\">Pour \u00e9viter le probl\u00e8me d\u00e9crit plus haut, le Club incite ses membres \u00e0 s\u2019inscrire \u00e0 un service de messagerie comme Gmail ou Outlook.com. Ils auront alors acc\u00e8s \u00e0 leur courrier \u00e9lectronique, peu importe le lieu o\u00f9 ils se trouvent et peu importe le fournisseur de services Internet disponible.<\/p>\n<hr \/>\n<h4><strong>Respect des lois<\/strong><\/h4>\n<p style=\"text-align: justify;\">\u00c0 cause de sa mission de <em>partage des connaissances en informatique <\/em>et des renseignements personnels d\u00e9tenus sur ses membres, le Club est \u00e0 risque d\u2019enfreindre des lois dans les domaines de la propri\u00e9t\u00e9 intellectuelle et de la protection des renseignements personnels. \u00c0 cause de ces risques, le Club a pris des mesures pour identifier les bonnes pratiques dans ces domaines et pour communiquer celles-ci \u00e0 ses b\u00e9n\u00e9voles et \u00e0 ses membres.<\/p>\n<p style=\"text-align: justify;\">Apr\u00e8s l\u2019examen des r\u00e8gles qu\u2019il s\u2019est donn\u00e9 et qui apparaissent entre autres dans sa politique g\u00e9n\u00e9rale, le conseil d\u2019administration a confirm\u00e9 que, \u00e0 sa connaissance, le Club respecte les lois et la propri\u00e9t\u00e9 intellectuelle et qu\u2019il prot\u00e8ge l\u2019information sur ses membres.<\/p>\n<hr \/>\n<h4><strong>Neutralit\u00e9 commerciale du Club<\/strong><\/h4>\n<p style=\"text-align: justify;\">Le conseil d\u2019administration a aussi r\u00e9vis\u00e9 les r\u00e8gles qu\u2019il s\u2019est donn\u00e9es pour assurer la neutralit\u00e9 commerciale du Club dans les domaines de l\u2019informatique et des communications. Le conseil a confirm\u00e9 que, \u00e0 sa connaissance, les activit\u00e9s du Club se conforment \u00e0 ces r\u00e8gles.<\/p>\n<p>Sylvie Mazur, secr\u00e9taire du conseil d\u2019administration<\/p>\n","protected":false},"excerpt":{"rendered":"<p>Comme \u00e0 chaque r\u00e9union, le conseil d\u2019administration a fait le point sur l\u2019excellente situation financi\u00e8re du Club dont il sera question plus tard ce printemps. Apr\u00e8s avoir constat\u00e9 le nombre des membres enregistr\u00e9s, le conseil a pris connaissance des nouveaux d\u00e9fis que quelques b\u00e9n\u00e9voles ont accept\u00e9 de relever et d\u2019un besoin \u00e0 combler. Il a &hellip; <a href=\"https:\/\/cimbcc.org\/test2\/echos-du-conseil-dadministration-8-mars-2022\/\" class=\"more-link\">Continuer la lecture de <span class=\"screen-reader-text\">\u00c9chos du conseil d\u2019administration &#8211; 8 mars 2022<\/span>  <span class=\"meta-nav\">&rarr;<\/span><\/a><\/p>\n","protected":false},"author":43,"featured_media":0,"comment_status":"open","ping_status":"closed","sticky":false,"template":"","format":"standard","meta":{"footnotes":""},"categories":[386],"tags":[57,126,594,426,960,1622,1620,1621,186],"class_list":["post-39199","post","type-post","status-publish","format-standard","hentry","category-echos-du-conseil-dadministration","tag-adresse-courriel","tag-benevoles","tag-membres","tag-neutralite","tag-propriete-intellectuelle","tag-protection-des-renseignements-personnels","tag-residence-pour-aines","tag-respect-des-lois","tag-saint-bruno-de-montarville"],"_links":{"self":[{"href":"https:\/\/cimbcc.org\/test2\/wp-json\/wp\/v2\/posts\/39199","targetHints":{"allow":["GET"]}}],"collection":[{"href":"https:\/\/cimbcc.org\/test2\/wp-json\/wp\/v2\/posts"}],"about":[{"href":"https:\/\/cimbcc.org\/test2\/wp-json\/wp\/v2\/types\/post"}],"author":[{"embeddable":true,"href":"https:\/\/cimbcc.org\/test2\/wp-json\/wp\/v2\/users\/43"}],"replies":[{"embeddable":true,"href":"https:\/\/cimbcc.org\/test2\/wp-json\/wp\/v2\/comments?post=39199"}],"version-history":[{"count":5,"href":"https:\/\/cimbcc.org\/test2\/wp-json\/wp\/v2\/posts\/39199\/revisions"}],"predecessor-version":[{"id":39204,"href":"https:\/\/cimbcc.org\/test2\/wp-json\/wp\/v2\/posts\/39199\/revisions\/39204"}],"wp:attachment":[{"href":"https:\/\/cimbcc.org\/test2\/wp-json\/wp\/v2\/media?parent=39199"}],"wp:term":[{"taxonomy":"category","embeddable":true,"href":"https:\/\/cimbcc.org\/test2\/wp-json\/wp\/v2\/categories?post=39199"},{"taxonomy":"post_tag","embeddable":true,"href":"https:\/\/cimbcc.org\/test2\/wp-json\/wp\/v2\/tags?post=39199"}],"curies":[{"name":"wp","href":"https:\/\/api.w.org\/{rel}","templated":true}]}}