{"id":39988,"date":"2022-05-13T23:34:44","date_gmt":"2022-05-14T03:34:44","guid":{"rendered":"https:\/\/cimbcc.org\/test2\/?p=39988"},"modified":"2023-10-16T22:11:09","modified_gmt":"2023-10-17T02:11:09","slug":"bilan-des-ateliers-de-la-session-automne-2021-hiver-2022","status":"publish","type":"post","link":"https:\/\/cimbcc.org\/test2\/bilan-des-ateliers-de-la-session-automne-2021-hiver-2022\/","title":{"rendered":"Bilan des ateliers des sessions de l&rsquo;automne\u00a02021 et de l&rsquo;hiver\u00a02022"},"content":{"rendered":"<figure id=\"attachment_32672\" aria-describedby=\"caption-attachment-32672\" style=\"width: 254px\" class=\"wp-caption aligncenter\"><img loading=\"lazy\" decoding=\"async\" class=\"size-full wp-image-32672\" src=\"https:\/\/cimbcc.org\/test2\/wp-content\/uploads\/photo_demers_berthe_barabe_damielle.jpg\" alt=\"\" width=\"254\" height=\"125\" \/><figcaption id=\"caption-attachment-32672\" class=\"wp-caption-text\"><span style=\"color: #ffffff;\">mmm<\/span>Berthe Demers <span style=\"color: #ffffff;\">mmmmm<\/span>Danielle Barab\u00e9<\/figcaption><\/figure>\n<p style=\"text-align: justify;\">La deuxi\u00e8me et derni\u00e8re session de l\u2019ann\u00e9e prenait fin avec le mois d\u2019avril. Cet article pr\u00e9sente une r\u00e9trospective des deux p\u00e9riodes d\u2019activit\u00e9s et quelques statistiques comparatives avec les derni\u00e8res ann\u00e9es.<\/p>\n<p style=\"text-align: justify;\">Les inscriptions aux ateliers ont lieu en septembre et en janvier. La plupart des ateliers ont accept\u00e9 le nombre maximal de participants pour pr\u00e9server l\u2019efficacit\u00e9 de l\u2019atelier.<\/p>\n<p><!--more--><\/p>\n<hr \/>\n<h4 style=\"text-align: justify;\"><strong>Cinq nouveaux ateliers dans la derni\u00e8re ann\u00e9e\u00a0 <\/strong><\/h4>\n<h5 style=\"text-align: justify;\"><em><strong>Automne<\/strong><\/em><\/h5>\n<ul style=\"text-align: justify;\">\n<li>L\u2019infonuagique de Google<\/li>\n<li>S\u00e9curit\u00e9 et entretien des iMac<\/li>\n<li>\u00c9crire en utilisant les outils num\u00e9riques<\/li>\n<\/ul>\n<h5 style=\"text-align: justify;\"><em><strong>Hiver\u00a0<\/strong><\/em><\/h5>\n<ul>\n<li style=\"text-align: justify;\">Access \u2013 interm\u00e9diaire<\/li>\n<li style=\"text-align: justify;\">Examen de certaines applications centrales de l\u2019environnement Apple<\/li>\n<\/ul>\n<hr \/>\n<h4 style=\"text-align: justify;\"><strong>Retour d&rsquo;information au sujet des ateliers<\/strong><\/h4>\n<h5 style=\"text-align: justify;\"><em><strong>S\u00e9curit\u00e9 et entretien des iMac et Examen de certaines applications centrales de l\u2019environnement Apple<\/strong><\/em><\/h5>\n<p style=\"text-align: justify;\">Des contenus plus sp\u00e9cialement destin\u00e9s aux d\u00e9tenteurs d\u2019ordinateurs iMac et d\u2019appareils Apple. Ces nouveaux ateliers ont r\u00e9pondu \u00e0 des besoins souvent formul\u00e9s.<\/p>\n<h5 style=\"text-align: justify;\"><em><strong>\u00c9crire en utilisant les outils num\u00e9riques<\/strong><\/em><\/h5>\n<p style=\"text-align: justify;\">Le plaisir d\u2019apprendre l\u2019utilisation des caract\u00e8res du clavier moins connus et ainsi augmenter l\u2019habilet\u00e9 \u00e0 \u00e9crire des textes, des courriels, des textos de m\u00eame qu&rsquo;avoir la satisfaction d\u2019am\u00e9liorer la clart\u00e9 de ses textes.<\/p>\n<h5 style=\"text-align: justify;\"><em><strong>Utilisation de Zoom comme animateur<\/strong><\/em><\/h5>\n<p style=\"text-align: justify;\">Atelier offert pour la premi\u00e8re fois \u00e0 l\u2019hiver 2021 et aux deux sessions suivantes. Ce sont 78 membres qui ont suivi cette formation pour utiliser Zoom afin de cr\u00e9er et d&rsquo;animer des rencontres virtuelles et r\u00e9ussir leur prestation.<\/p>\n<h5><em><strong>Ateliers sur les appareils mobiles Apple et Android<\/strong><\/em><\/h5>\n<p style=\"text-align: justify;\">Ateliers iPad et iPhone : les d\u00e9tenteurs de tablettes et de t\u00e9l\u00e9phones apprennent dans des ateliers distincts le mardi et le jeudi, en deux groupes.<\/p>\n<h6><strong>iPad et iPhone<\/strong><\/h6>\n<p style=\"text-align: justify;\">Les 6\u00a0ateliers sont r\u00e9partis en 10\u00a0groupes. Les d\u00e9tenteurs de tablette et de t\u00e9l\u00e9phone sont r\u00e9unis dans deux groupes distincts, le mardi et le jeudi.<\/p>\n<table style=\"width: 100%; height: 180px;\">\n<tbody>\n<tr style=\"height: 36px;\">\n<td style=\"text-align: center; height: 36px;\" width=\"205\"><strong>Ateliers<\/strong><\/td>\n<td style=\"text-align: center; height: 36px;\" width=\"177\"><strong>Automne \/ inscriptions<\/strong><\/td>\n<td style=\"text-align: center; height: 36px;\" width=\"175\"><strong>Hiver \/<br \/>\ninscriptions<\/strong><\/td>\n<\/tr>\n<tr style=\"height: 36px;\">\n<td style=\"text-align: center; height: 36px;\" width=\"205\"><strong>D\u00e9butant<\/strong><br \/>\n<strong>(2 groupes) *<\/strong><\/td>\n<td style=\"text-align: center; height: 36px;\" width=\"177\">23<\/td>\n<td style=\"text-align: center; height: 36px;\" width=\"175\">31<\/td>\n<\/tr>\n<tr style=\"height: 36px;\">\n<td style=\"text-align: center; height: 36px;\" width=\"205\"><strong>Interm\u00e9diaire<\/strong><br \/>\n<strong>(2 groupes) *<\/strong><\/td>\n<td style=\"text-align: center; height: 36px;\" width=\"177\">27<\/td>\n<td style=\"text-align: center; height: 36px;\" width=\"175\">33<\/td>\n<\/tr>\n<tr style=\"height: 18px;\">\n<td style=\"text-align: center; height: 18px;\" width=\"205\"><strong>Avanc\u00e9 \u2013 groupe PC<\/strong><\/td>\n<td style=\"text-align: center; height: 18px;\" width=\"177\">18<\/td>\n<td style=\"text-align: center; height: 18px;\" width=\"175\">13<\/td>\n<\/tr>\n<tr style=\"height: 18px;\">\n<td style=\"text-align: center; height: 18px;\" width=\"205\"><strong>Avanc\u00e9 \u2013 groupe macOS<\/strong><\/td>\n<td style=\"text-align: center; height: 18px;\" width=\"177\">\u00a08<\/td>\n<td style=\"text-align: center; height: 18px;\" width=\"175\">9<\/td>\n<\/tr>\n<tr style=\"height: 36px;\">\n<td style=\"height: 36px; text-align: center;\" width=\"205\"><strong>Nombre total de participants<\/strong><\/td>\n<td style=\"text-align: center; height: 36px;\" width=\"177\">76<br \/>\n(36% \/ 210)<\/td>\n<td style=\"text-align: center; height: 36px;\" width=\"175\">86<br \/>\n(46% \/ 188)<\/td>\n<\/tr>\n<\/tbody>\n<\/table>\n<h6><strong>Android \u2013 tablettes et t\u00e9l\u00e9phones<\/strong><strong> *<\/strong><\/h6>\n<table style=\"width: 100%; height: 36px;\">\n<tbody>\n<tr style=\"height: 18px;\">\n<td style=\"height: 18px; text-align: center; width: 37.5527%;\" width=\"193\"><strong>D\u00e9butant<\/strong><\/td>\n<td style=\"height: 18px; text-align: center; width: 31.8566%;\" width=\"186\">Automne <strong>\u00a0\u00a0\u00a0\u00a0\u00a0\u00a0\u00a0<\/strong>\u00a022<\/td>\n<td style=\"height: 18px; background-color: #d6d6d6; width: 30.5907%; text-align: center;\" width=\"179\"><strong>\u00a0<\/strong><\/td>\n<\/tr>\n<tr style=\"height: 18px;\">\n<td style=\"height: 18px; text-align: center; width: 37.5527%;\" width=\"193\"><strong>Interm\u00e9diaire<\/strong><\/td>\n<td style=\"height: 18px; background-color: #d6d6d6; width: 31.8566%; text-align: center;\" width=\"186\"><strong>\u00a0<\/strong><\/td>\n<td style=\"height: 18px; text-align: center; width: 30.5907%;\" width=\"179\">Hiver\u00a0 <strong>\u00a0\u00a0\u00a0<\/strong>\u00a022<\/td>\n<\/tr>\n<\/tbody>\n<\/table>\n<p><strong>Appareils mobiles<\/strong><\/p>\n<table style=\"border-collapse: collapse; width: 100%;\">\n<tbody>\n<tr>\n<td style=\"width: 38.6076%; text-align: center;\"><strong>Total des inscriptions<\/strong><\/td>\n<td style=\"width: 31.0126%; text-align: center;\">98<br \/>\n(47 % \/210)<\/td>\n<td style=\"width: 30.3797%; text-align: center;\">108<br \/>\n(57 % \/188)<\/td>\n<\/tr>\n<\/tbody>\n<\/table>\n<p style=\"text-align: justify;\">Ces statistiques nous montrent que les 206\u00a0inscriptions (98 +108) repr\u00e9sentent 52\u00a0% des inscriptions re\u00e7ues pour toute l\u2019ann\u00e9e.<\/p>\n<h6 style=\"text-align: justify;\"><strong>Note<\/strong><\/h6>\n<p style=\"text-align: justify;\"><strong>*<\/strong> C&rsquo;est \u00e0 l\u2019automne que l\u2019atelier Android \u2014 tablettes et t\u00e9l\u00e9phones a \u00e9t\u00e9 donn\u00e9 en salle et en simultan\u00e9 en mode virtuel. Les pr\u00e9sences en salle \u00e9tant limit\u00e9es en raison des mesures sanitaires en vigueur, tous les participants \u00e0 l\u2019atelier ont pu \u00eatre accept\u00e9s, l\u2019animateur ayant utilis\u00e9 ce mode hybride, ce qui constituait une premi\u00e8re.<\/p>\n<hr \/>\n<h4><strong>Des ateliers en mode virtuel par vid\u00e9oconf\u00e9rence<\/strong><\/h4>\n<p style=\"text-align: justify;\">La pand\u00e9mie de COVID-19 s\u2019\u00e9tant install\u00e9e en mars 2020, l\u2019utilisation de la vid\u00e9oconf\u00e9rence a remplac\u00e9 les r\u00e9unions en salle. Les membres ont \u00e9t\u00e9 nombreux \u00e0 faire conna\u00eetre leur satisfaction de pouvoir poursuivre leur apprentissage de mani\u00e8re virtuelle depuis leur domicile.<\/p>\n<h5><strong><em>Word et Excel<\/em> <\/strong><\/h5>\n<p style=\"text-align: justify;\">Les deux groupes ont \u00e9t\u00e9 nombreux avec 26 et 27\u00a0participants. L\u2019animatrice travaille en partenariat avec une coanimatrice, ce qu\u2019elle consid\u00e8re comme un facteur important dans le d\u00e9roulement et l\u2019atteinte des objectifs qu\u2019elle poursuit.<\/p>\n<h5><em><strong>Access \u2013 d\u00e9butant et Access \u2013 interm\u00e9diaire<\/strong><\/em><\/h5>\n<p style=\"text-align: justify;\">Logiciel de base de donn\u00e9es relationnelle suscitant beaucoup d\u2019int\u00e9r\u00eat chez les utilisateurs ayant un projet pr\u00e9cis pour l&#8217;employer par la suite. Chez d&rsquo;autres personnes curieuses d\u2019en apprendre sur le sujet, la d\u00e9couverte est leur motivation au d\u00e9part.<\/p>\n<hr \/>\n<h4><strong>Des ateliers offerts en salle<\/strong><\/h4>\n<ul>\n<li>L\u2019infonuagique de Google<\/li>\n<li>Montage d\u2019un site Web et d\u2019un blogue<\/li>\n<li>Introduction aux microcontr\u00f4leurs avec Arduino<\/li>\n<\/ul>\n<p style=\"text-align: justify;\">Certains ateliers par leur contenu demeurent plus adapt\u00e9s lorsque donn\u00e9s en salle. Les trois ateliers mentionn\u00e9s plus haut ont b\u00e9n\u00e9fici\u00e9 \u00ab <em>d\u2019une fen\u00eatre dans le temps <\/em>\u00bb avec des assouplissements temporaires des conditions sanitaires. Tous les participants ont pu suivre leur atelier en \u00e9tant pr\u00e9sents, en salle, dans le respect des consignes sanitaires en vigueur.<\/p>\n<hr \/>\n<h4 style=\"text-align: justify;\"><strong>Tableau comparatif des trois derni\u00e8res ann\u00e9es du nombre d\u2019ateliers et d\u2019inscriptions<\/strong><\/h4>\n<p style=\"text-align: justify;\">Les ateliers de l\u2019hiver 2020 ont \u00e9t\u00e9 interrompus par la COVID-19 et quatre d\u2019entre eux n\u2019ont pu \u00eatre compl\u00e9t\u00e9s puisque les r\u00e9unions en pr\u00e9sentiel n\u2019\u00e9taient plus permises. Deux ateliers de l\u2019automne 2020 ont aussi d\u00fb \u00eatre annul\u00e9s, car ce type de r\u00e9unions n\u2019\u00e9taient plus permises.<\/p>\n<p style=\"text-align: justify;\">Il y a plus d\u2019ateliers offerts dans la derni\u00e8re ann\u00e9e que dans les deux pr\u00e9c\u00e9dentes. Il y a une augmentation cons\u00e9quente des inscriptions.<\/p>\n<table style=\"border-collapse: collapse; width: 100%; height: 126px;\">\n<tbody>\n<tr style=\"height: 18px;\">\n<td style=\"width: 16.6667%; height: 18px; text-align: center;\"><strong>Ann\u00e9e<\/strong><\/td>\n<td style=\"width: 13.0802%; height: 18px; text-align: center;\"><strong>Sessions<\/strong><\/td>\n<td style=\"width: 25.9494%; height: 18px; text-align: center;\"><strong>Ateliers<\/strong><\/td>\n<td style=\"width: 16.0338%; height: 18px; text-align: center;\"><strong>Nombre de r\u00e9unions<\/strong><\/td>\n<td style=\"width: 15.1899%; height: 18px; text-align: center;\"><strong>Inscrip-<br \/>\ntions<\/strong><\/td>\n<td style=\"width: 13.0802%; height: 18px; text-align: center;\"><strong>Total par ann\u00e9e<\/strong><\/td>\n<\/tr>\n<tr style=\"height: 18px;\">\n<td style=\"width: 16.6667%; height: 36px; text-align: center; vertical-align: middle;\" rowspan=\"2\">2019-2020<\/td>\n<td style=\"width: 13.0802%; height: 18px; text-align: center;\">Automne\u00a02019<\/td>\n<td style=\"width: 25.9494%; height: 18px; text-align: center;\">10<\/td>\n<td style=\"width: 16.0338%; height: 18px; text-align: center;\">46<\/td>\n<td style=\"width: 15.1899%; height: 18px; text-align: center;\">158<\/td>\n<td style=\"width: 13.0802%; height: 36px; text-align: center; vertical-align: middle;\" rowspan=\"2\">14<br \/>\n<em>(18)<\/em><\/td>\n<\/tr>\n<tr style=\"height: 18px;\">\n<td style=\"width: 13.0802%; height: 18px; text-align: center;\">Hiver\u00a02020<\/td>\n<td style=\"width: 25.9494%; height: 18px; text-align: center;\">4 compl\u00e9t\u00e9s<br \/>\n<em>4 incomplets<\/em><\/td>\n<td style=\"width: 16.0338%; height: 18px; text-align: center;\">27<\/td>\n<td style=\"width: 15.1899%; height: 18px; text-align: center;\">147<\/td>\n<\/tr>\n<tr style=\"height: 18px;\">\n<td style=\"width: 16.6667%; height: 36px; text-align: center; vertical-align: middle;\" rowspan=\"2\">2020-2021<\/td>\n<td style=\"width: 13.0802%; height: 18px; text-align: center;\">Automne\u00a02020<\/td>\n<td style=\"width: 25.9494%; height: 18px; text-align: center;\">6 compl\u00e9t\u00e9s<br \/>\n<em>2 annul\u00e9s<\/em><\/td>\n<td style=\"width: 16.0338%; height: 18px; text-align: center;\">29<\/td>\n<td style=\"width: 15.1899%; height: 18px; text-align: center;\">123<\/td>\n<td style=\"width: 13.0802%; height: 36px; text-align: center; vertical-align: middle;\" rowspan=\"2\">14<br \/>\n(<em>16)<\/em><\/td>\n<\/tr>\n<tr style=\"height: 18px;\">\n<td style=\"width: 13.0802%; height: 18px; text-align: center;\">Hiver\u00a02021<\/td>\n<td style=\"width: 25.9494%; height: 18px; text-align: center;\">8<\/td>\n<td style=\"width: 16.0338%; height: 18px; text-align: center;\">31<\/td>\n<td style=\"width: 15.1899%; height: 18px; text-align: center;\">234<\/td>\n<\/tr>\n<tr style=\"height: 18px;\">\n<td style=\"width: 16.6667%; height: 36px; text-align: center; vertical-align: middle;\" rowspan=\"2\">2021-2022<\/td>\n<td style=\"width: 13.0802%; height: 18px; text-align: center;\">Automne\u00a02021<\/td>\n<td style=\"width: 25.9494%; height: 18px; text-align: center;\">15<\/td>\n<td style=\"width: 16.0338%; height: 18px; text-align: center;\">63<\/td>\n<td style=\"width: 15.1899%; height: 18px; text-align: center;\">210<\/td>\n<td style=\"width: 13.0802%; height: 36px; text-align: center; vertical-align: middle;\" rowspan=\"2\">28<\/td>\n<\/tr>\n<tr style=\"height: 18px;\">\n<td style=\"width: 13.0802%; height: 18px; text-align: center;\">Hiver\u00a02022<\/td>\n<td style=\"width: 25.9494%; height: 18px; text-align: center;\">13<\/td>\n<td style=\"width: 16.0338%; height: 18px; text-align: center;\">56<\/td>\n<td style=\"width: 15.1899%; height: 18px; text-align: center;\">188<\/td>\n<\/tr>\n<\/tbody>\n<\/table>\n<p style=\"text-align: justify;\">Le graphique suivant r\u00e9sume pour les cinq derni\u00e8res ann\u00e9es le <strong>nombre d\u2019inscriptions<\/strong> auquel s\u2019ajoute le <strong>total des pr\u00e9sences<\/strong>.<\/p>\n<figure id=\"attachment_39996\" aria-describedby=\"caption-attachment-39996\" style=\"width: 3073px\" class=\"wp-caption aligncenter\"><a href=\"https:\/\/cimbcc.org\/test2\/wp-content\/uploads\/chip_2022_05_ateliers_1.png\" target=\"_blank\" rel=\"noopener\"><img loading=\"lazy\" decoding=\"async\" class=\"size-full wp-image-39996\" src=\"https:\/\/cimbcc.org\/test2\/wp-content\/uploads\/chip_2022_05_ateliers_1.png\" alt=\"\" width=\"3073\" height=\"1479\" srcset=\"https:\/\/cimbcc.org\/test2\/wp-content\/uploads\/chip_2022_05_ateliers_1.png 3073w, https:\/\/cimbcc.org\/test2\/wp-content\/uploads\/chip_2022_05_ateliers_1-300x144.png 300w, https:\/\/cimbcc.org\/test2\/wp-content\/uploads\/chip_2022_05_ateliers_1-1024x493.png 1024w, https:\/\/cimbcc.org\/test2\/wp-content\/uploads\/chip_2022_05_ateliers_1-768x370.png 768w, https:\/\/cimbcc.org\/test2\/wp-content\/uploads\/chip_2022_05_ateliers_1-1536x739.png 1536w, https:\/\/cimbcc.org\/test2\/wp-content\/uploads\/chip_2022_05_ateliers_1-2048x986.png 2048w\" sizes=\"auto, (max-width: 3073px) 100vw, 3073px\" \/><\/a><figcaption id=\"caption-attachment-39996\" class=\"wp-caption-text\">Cliquez sur le graphique pour l&rsquo;agrandir<\/figcaption><\/figure>\n<hr \/>\n<h4><b>Animatrices et animateurs des ateliers<\/b><\/h4>\n<p style=\"text-align: justify;\">C\u2019est le travail des animatrices et animateurs qui consacrent temps et \u00e9nergie pour d\u00e9velopper des contenus et les partager en ateliers avec les participants.<\/p>\n<p style=\"text-align: justify;\">Nous remercions chaleureusement les personnes suivantes pour leur implication.<\/p>\n<table>\n<tbody>\n<tr>\n<td style=\"text-align: center;\" width=\"284\">Louise Bonin<\/td>\n<td style=\"text-align: center;\" width=\"274\">Denis Charron<\/td>\n<\/tr>\n<tr>\n<td style=\"text-align: center;\" width=\"284\">Nicole Comtois<\/td>\n<td style=\"text-align: center;\" width=\"274\">Pierre Delisle<\/td>\n<\/tr>\n<tr>\n<td style=\"text-align: center;\" width=\"284\">C\u00e9line Dufresne<\/td>\n<td style=\"text-align: center;\" width=\"274\">Bruno Fournier<\/td>\n<\/tr>\n<tr>\n<td style=\"text-align: center;\" width=\"284\">Richard Parent<\/td>\n<td style=\"text-align: center;\" width=\"274\">Michel Paul<\/td>\n<\/tr>\n<tr>\n<td style=\"text-align: center;\" width=\"284\">Yves P\u00e9pin<\/td>\n<td style=\"text-align: center;\" width=\"274\">Jean Presne<\/td>\n<\/tr>\n<\/tbody>\n<\/table>\n<hr \/>\n<h4 style=\"text-align: justify;\"><strong>Programmation des ateliers pour la session de l&rsquo;automne 2022<\/strong><\/h4>\n<p style=\"text-align: justify;\">La programmation de l\u2019automne est en pr\u00e9paration. L\u2019information sera transmise aux membres par courriel au mois d\u2019ao\u00fbt.<\/p>\n<p style=\"text-align: justify;\">Le site Web du Club est une source d\u2019information qui peut vous rendre de grands services, il est \u00e0 votre disposition en tout temps.<\/p>\n<p style=\"text-align: justify;\">Bonne saison estivale,<\/p>\n<p>Berthe Demers et Danielle Barab\u00e9<\/p>\n<hr \/>\n<h4>Note<\/h4>\n<p style=\"text-align: justify;\">Merci \u00e0 Richard Gervais, \u00e9diteur du CHIP, pour le temps qu\u2019il consacre et le talent dont il fait preuve dans la transmission de ce message.<\/p>\n<p style=\"text-align: justify;\">Merci \u00e0 C\u00e9line Dufresne, animatrice de plusieurs ateliers pour la conception du graphique.<\/p>\n","protected":false},"excerpt":{"rendered":"<p>La deuxi\u00e8me et derni\u00e8re session de l\u2019ann\u00e9e prenait fin avec le mois d\u2019avril. Cet article pr\u00e9sente une r\u00e9trospective des deux p\u00e9riodes d\u2019activit\u00e9s et quelques statistiques comparatives avec les derni\u00e8res ann\u00e9es. Les inscriptions aux ateliers ont lieu en septembre et en janvier. La plupart des ateliers ont accept\u00e9 le nombre maximal de participants pour pr\u00e9server l\u2019efficacit\u00e9 &hellip; <a href=\"https:\/\/cimbcc.org\/test2\/bilan-des-ateliers-de-la-session-automne-2021-hiver-2022\/\" class=\"more-link\">Continuer la lecture de <span class=\"screen-reader-text\">Bilan des ateliers des sessions de l&rsquo;automne\u00a02021 et de l&rsquo;hiver\u00a02022<\/span>  <span class=\"meta-nav\">&rarr;<\/span><\/a><\/p>\n","protected":false},"author":43,"featured_media":0,"comment_status":"open","ping_status":"closed","sticky":false,"template":"","format":"standard","meta":{"footnotes":""},"categories":[402],"tags":[1476,269,79],"class_list":["post-39988","post","type-post","status-publish","format-standard","hentry","category-activites-du-club","tag-2021-2022","tag-ateliers","tag-bilan"],"_links":{"self":[{"href":"https:\/\/cimbcc.org\/test2\/wp-json\/wp\/v2\/posts\/39988","targetHints":{"allow":["GET"]}}],"collection":[{"href":"https:\/\/cimbcc.org\/test2\/wp-json\/wp\/v2\/posts"}],"about":[{"href":"https:\/\/cimbcc.org\/test2\/wp-json\/wp\/v2\/types\/post"}],"author":[{"embeddable":true,"href":"https:\/\/cimbcc.org\/test2\/wp-json\/wp\/v2\/users\/43"}],"replies":[{"embeddable":true,"href":"https:\/\/cimbcc.org\/test2\/wp-json\/wp\/v2\/comments?post=39988"}],"version-history":[{"count":14,"href":"https:\/\/cimbcc.org\/test2\/wp-json\/wp\/v2\/posts\/39988\/revisions"}],"predecessor-version":[{"id":40004,"href":"https:\/\/cimbcc.org\/test2\/wp-json\/wp\/v2\/posts\/39988\/revisions\/40004"}],"wp:attachment":[{"href":"https:\/\/cimbcc.org\/test2\/wp-json\/wp\/v2\/media?parent=39988"}],"wp:term":[{"taxonomy":"category","embeddable":true,"href":"https:\/\/cimbcc.org\/test2\/wp-json\/wp\/v2\/categories?post=39988"},{"taxonomy":"post_tag","embeddable":true,"href":"https:\/\/cimbcc.org\/test2\/wp-json\/wp\/v2\/tags?post=39988"}],"curies":[{"name":"wp","href":"https:\/\/api.w.org\/{rel}","templated":true}]}}