{"id":40111,"date":"2022-06-17T21:04:36","date_gmt":"2022-06-18T01:04:36","guid":{"rendered":"https:\/\/cimbcc.org\/test2\/?p=40111"},"modified":"2023-10-16T22:11:08","modified_gmt":"2023-10-17T02:11:08","slug":"concours-des-arts-visuels-2022-de-saint-bruno","status":"publish","type":"post","link":"https:\/\/cimbcc.org\/test2\/concours-des-arts-visuels-2022-de-saint-bruno\/","title":{"rendered":"Concours des arts visuels 2022 de Saint-Bruno"},"content":{"rendered":"<figure id=\"attachment_35278\" aria-describedby=\"caption-attachment-35278\" style=\"width: 125px\" class=\"wp-caption aligncenter\"><img loading=\"lazy\" decoding=\"async\" class=\"size-full wp-image-35278\" src=\"https:\/\/cimbcc.org\/test2\/wp-content\/uploads\/photo_cote_rejean.jpg\" alt=\"\" width=\"125\" height=\"125\" \/><figcaption id=\"caption-attachment-35278\" class=\"wp-caption-text\"><span style=\"color: #ffffff;\">mmmn<\/span>R\u00e9jean C\u00f4t\u00e9<\/figcaption><\/figure>\n<p style=\"text-align: justify;\">Le dimanche 29 mai dernier avait lieu au <a href=\"https:\/\/stbruno.ca\/culture\/attraits\/le-vieux-presbytere\/\" target=\"_blank\" rel=\"noopener\">Vieux presbyt\u00e8re de Saint-Bruno<\/a> le vernissage d\u2019une trentaine d\u2019artistes peintres de la r\u00e9gion, o\u00f9 chaque artiste peintre pouvait produire une pi\u00e8ce de leur choix pour participer au concours.<\/p>\n<p style=\"text-align: justify;\">Mme Denise Rumpelmayr, membre du CIMBCC depuis plusieurs ann\u00e9es, m\u2019avait fait parvenir une invitation pour participer au vernissage, ce qui me donna l\u2019occasion de mieux conna\u00eetre son \u0153uvre et aussi, ceux des autres artistes peintres. En plus, elle fut une des <a href=\"https:\/\/stbruno.ca\/nouvelles\/johanna-griffith-et-denise-rumpelmayr-laureates-du-concours-en-arts-visuels-2022\/\" target=\"_blank\" rel=\"noopener\">deux laur\u00e9ates du concours des arts visuels 2022<\/a>.<\/p>\n<p style=\"text-align: justify;\"><!--more--><\/p>\n<p style=\"text-align: justify;\"><a href=\"https:\/\/johannagriffith.com\/home.html\" target=\"_blank\" rel=\"noopener\">Johanna Griffith<\/a> et <a href=\"https:\/\/raav.org\/member\/denise-rumpelmayr\/\" target=\"_blank\" rel=\"noopener\">Denise Rumpelmayr<\/a>, qui est \u00e0 droite de M.\u00a0Ludovic Gris\u00e9 Farand, maire de Saint-Bruno, sont les deux laur\u00e9ates du concours en arts visuels 2022.<\/p>\n<figure id=\"attachment_40113\" aria-describedby=\"caption-attachment-40113\" style=\"width: 383px\" class=\"wp-caption aligncenter\"><img loading=\"lazy\" decoding=\"async\" class=\"size-full wp-image-40113\" src=\"https:\/\/cimbcc.org\/test2\/wp-content\/uploads\/chip_2022_06_president_1.jpg\" alt=\"\" width=\"383\" height=\"255\" srcset=\"https:\/\/cimbcc.org\/test2\/wp-content\/uploads\/chip_2022_06_president_1.jpg 383w, https:\/\/cimbcc.org\/test2\/wp-content\/uploads\/chip_2022_06_president_1-300x200.jpg 300w, https:\/\/cimbcc.org\/test2\/wp-content\/uploads\/chip_2022_06_president_1-120x80.jpg 120w\" sizes=\"auto, (max-width: 383px) 100vw, 383px\" \/><figcaption id=\"caption-attachment-40113\" class=\"wp-caption-text\">De gauche \u00e0 droite : M. Vincent Fortier, conseiller responsable vie communautaire, patrimoine et culture, M. Aidan Warnock, Mme Johanna Griffith, Mme Denise Rumpelmayr et M. Ludovic Gris\u00e9 Farand, maire de Saint-Bruno-de-Montarville, lors de la remise des prix du concours en arts visuels 2022.<\/figcaption><\/figure>\n<hr \/>\n<figure id=\"attachment_40121\" aria-describedby=\"caption-attachment-40121\" style=\"width: 619px\" class=\"wp-caption aligncenter\"><a href=\"https:\/\/cimbcc.org\/test2\/wp-content\/uploads\/chip_2022_06_president_2dxo.jpg\" target=\"_blank\" rel=\"noopener\"><img loading=\"lazy\" decoding=\"async\" class=\"size-full wp-image-40121\" src=\"https:\/\/cimbcc.org\/test2\/wp-content\/uploads\/chip_2022_06_president_2dxo.jpg\" alt=\"\" width=\"619\" height=\"1015\" srcset=\"https:\/\/cimbcc.org\/test2\/wp-content\/uploads\/chip_2022_06_president_2dxo.jpg 619w, https:\/\/cimbcc.org\/test2\/wp-content\/uploads\/chip_2022_06_president_2dxo-183x300.jpg 183w\" sizes=\"auto, (max-width: 619px) 100vw, 619px\" \/><\/a><figcaption id=\"caption-attachment-40121\" class=\"wp-caption-text\">Cliquez sur l&rsquo;image pour l&rsquo;agrandir<br \/>Energie\u2026lumi\u00e8re\u20262, 2021, Denise Rumpelmayr<\/figcaption><\/figure>\n<h4><strong>Commentaire du jury<\/strong><\/h4>\n<p style=\"text-align: justify;\">\u00ab Dans <em>\u00c9nergie\u2026lumi\u00e8re\u20262<\/em>, la peinture de Mme Denise Rumpelmayr nous frappe par la richesse des \u00e9motions o\u00f9 transige l\u2019\u00e9nergie du mouvement de l\u2019artiste. Un bel \u00e9quilibre existe entre la fougue de son geste et le calme de la palette de couleur utilis\u00e9e. \u00bb<\/p>\n<h4><strong>D\u00e9marche artistique<\/strong><\/h4>\n<p style=\"text-align: justify;\">Denise Rumpelmayr est n\u00e9e Chicoutimi, QC. Elle vit et travaille \u00e0 Saint-Bruno-de-Montarville. Son \u0153uvre est repr\u00e9sent\u00e9e dans plusieurs collections. Son travail a \u00e9t\u00e9 pr\u00e9sent\u00e9 dans de nombreuses expositions individuelles et collectives au Canada, aux \u00c9tats-Unis (New York) et en Europe.<\/p>\n<h4>Formation artistique<\/h4>\n<ul>\n<li style=\"text-align: justify;\">Acad\u00e9mie internationale des Beaux-Arts, Salzburg, Autriche, avec Bridget Riley\u00a0;<\/li>\n<li style=\"text-align: justify;\">Universit\u00e9 de Montr\u00e9al avec Pierre Granche, Jocelyn Jean, Serge Tousignant et Jacek Jarnuszkiewicz\u00a0;<\/li>\n<li style=\"text-align: justify;\">\u00c9cole des Beaux-Arts Saidye Bronfman, Montr\u00e9al.<\/li>\n<\/ul>\n<p>R\u00e9jean C\u00f4t\u00e9, pr\u00e9sident du CIMBCC<\/p>\n","protected":false},"excerpt":{"rendered":"<p>Le dimanche 29 mai dernier avait lieu au Vieux presbyt\u00e8re de Saint-Bruno le vernissage d\u2019une trentaine d\u2019artistes peintres de la r\u00e9gion, o\u00f9 chaque artiste peintre pouvait produire une pi\u00e8ce de leur choix pour participer au concours. Mme Denise Rumpelmayr, membre du CIMBCC depuis plusieurs ann\u00e9es, m\u2019avait fait parvenir une invitation pour participer au vernissage, ce &hellip; <a href=\"https:\/\/cimbcc.org\/test2\/concours-des-arts-visuels-2022-de-saint-bruno\/\" class=\"more-link\">Continuer la lecture de <span class=\"screen-reader-text\">Concours des arts visuels 2022 de Saint-Bruno<\/span>  <span class=\"meta-nav\">&rarr;<\/span><\/a><\/p>\n","protected":false},"author":43,"featured_media":0,"comment_status":"open","ping_status":"closed","sticky":false,"template":"","format":"standard","meta":{"footnotes":""},"categories":[1],"tags":[1635,1416,1661,1660,186],"class_list":["post-40111","post","type-post","status-publish","format-standard","hentry","category-sans-categories","tag-1635","tag-art","tag-arts-visuels","tag-concours-en-arts-visuels","tag-saint-bruno-de-montarville"],"_links":{"self":[{"href":"https:\/\/cimbcc.org\/test2\/wp-json\/wp\/v2\/posts\/40111","targetHints":{"allow":["GET"]}}],"collection":[{"href":"https:\/\/cimbcc.org\/test2\/wp-json\/wp\/v2\/posts"}],"about":[{"href":"https:\/\/cimbcc.org\/test2\/wp-json\/wp\/v2\/types\/post"}],"author":[{"embeddable":true,"href":"https:\/\/cimbcc.org\/test2\/wp-json\/wp\/v2\/users\/43"}],"replies":[{"embeddable":true,"href":"https:\/\/cimbcc.org\/test2\/wp-json\/wp\/v2\/comments?post=40111"}],"version-history":[{"count":8,"href":"https:\/\/cimbcc.org\/test2\/wp-json\/wp\/v2\/posts\/40111\/revisions"}],"predecessor-version":[{"id":40115,"href":"https:\/\/cimbcc.org\/test2\/wp-json\/wp\/v2\/posts\/40111\/revisions\/40115"}],"wp:attachment":[{"href":"https:\/\/cimbcc.org\/test2\/wp-json\/wp\/v2\/media?parent=40111"}],"wp:term":[{"taxonomy":"category","embeddable":true,"href":"https:\/\/cimbcc.org\/test2\/wp-json\/wp\/v2\/categories?post=40111"},{"taxonomy":"post_tag","embeddable":true,"href":"https:\/\/cimbcc.org\/test2\/wp-json\/wp\/v2\/tags?post=40111"}],"curies":[{"name":"wp","href":"https:\/\/api.w.org\/{rel}","templated":true}]}}