{"id":40478,"date":"2022-07-26T22:14:04","date_gmt":"2022-07-27T02:14:04","guid":{"rendered":"https:\/\/cimbcc.org\/test2\/?p=40478"},"modified":"2023-10-16T22:11:08","modified_gmt":"2023-10-17T02:11:08","slug":"une-nouvelle-facon-de-recharger-les-voitures-electriques-et-la-sono-sion-une-voiture-electrique-avec-des-panneaux-solaires","status":"publish","type":"post","link":"https:\/\/cimbcc.org\/test2\/une-nouvelle-facon-de-recharger-les-voitures-electriques-et-la-sono-sion-une-voiture-electrique-avec-des-panneaux-solaires\/","title":{"rendered":"Une nouvelle fa\u00e7on de recharger les voitures \u00e9lectriques et la Sono Sion, une auto \u00e9lectrique avec des panneaux solaires"},"content":{"rendered":"<figure id=\"attachment_24081\" aria-describedby=\"caption-attachment-24081\" style=\"width: 125px\" class=\"wp-caption aligncenter\"><img loading=\"lazy\" decoding=\"async\" class=\"size-full wp-image-24081\" src=\"https:\/\/cimbcc.org\/test2\/wp-content\/uploads\/photo_charron_denis.jpg\" alt=\"\" width=\"125\" height=\"125\" \/><figcaption id=\"caption-attachment-24081\" class=\"wp-caption-text\"><span style=\"color: #ffffff;\">mmm<\/span>Denis Charron<\/figcaption><\/figure>\n<p style=\"text-align: justify;\">Il a d\u00e9j\u00e0 \u00e9t\u00e9 question des voitures \u00e9lectriques dans nos pr\u00e9sentations ant\u00e9rieures ainsi que dans des articles pr\u00e9c\u00e9demment publi\u00e9s. Deux sujets en lien avec les autos \u00e9lectriques seront abord\u00e9s aujourd&rsquo;hui\u00a0 :<\/p>\n<ul>\n<li>une nouvelle fa\u00e7on de recharger les voitures \u00e9lectriques;<\/li>\n<li>Sono Sion &#8211; une auto \u00e9lectrique avec des panneaux solaires.<\/li>\n<\/ul>\n<p><!--more--><\/p>\n<hr \/>\n<h4 style=\"text-align: justify;\"><strong>Une nouvelle fa\u00e7on de recharger les voitures \u00e9lectriques<\/strong><\/h4>\n<p style=\"text-align: justify;\">Un changement de paradigme est une modification majeure dans la th\u00e9orie et les pratiques touchant le fonctionnement d&rsquo;un objet ou la fa\u00e7on dont une t\u00e2che est accomplie. Il est souvent mentionn\u00e9 qu&rsquo;il faut penser \u00ab en dehors de la bo\u00eete \u00bb, \u00e0 l&rsquo;ext\u00e9rieur des fa\u00e7ons usuelles d&rsquo;aborder un probl\u00e8me et de le r\u00e9soudre.<\/p>\n<p style=\"text-align: justify;\">C&rsquo;est exactement ce qu&rsquo;a fait une entreprise am\u00e9ricaine au sujet la recharge des voitures \u00e9lectriques dans les stationnements publics. <a href=\"https:\/\/www.futura-sciences.com\/tech\/actualites\/voiture-electrique-ce-robot-reserve-place-stationnement-puis-recharge-votre-voiture-electrique-99877\/?utm_source=nl_alerte&amp;nl_optin=optin_alerte&amp;utm_content=20220725&amp;utm_campaign=general&amp;utm_medium=email&amp;xtor=EPR-57-ALERTE-20220725&amp;uid=%09b5a4b7bffaa7143b40f072851b561895\" target=\"_blank\" rel=\"noopener\">Cet article<\/a> du site Web de <em>Futura-Sciences<\/em> vous expliquera cette nouvelle approche.<\/p>\n<hr \/>\n<h4 style=\"text-align: justify;\"><strong>Sono Sion, une auto \u00e9lectrique avec des panneaux solaires<\/strong><\/h4>\n<p style=\"text-align: justify;\">Les voitures sont souvent laiss\u00e9es au soleil. Une compagnie va bient\u00f4t lancer une voiture \u00e9lectrique \u00e9quip\u00e9e de panneaux solaires plac\u00e9s sur le toit, le capot et les porti\u00e8res, ce qui augmenterait en moyenne l&rsquo;autonomie hebdomadaire de la <a href=\"https:\/\/www.lapresse.ca\/auto\/2022-07-26\/voiture-solaire\/la-production-de-l-ambitieuse-sion-prevue-pour-2023.php\" target=\"_blank\" rel=\"noopener\">Sono Sion<\/a> de 112 km.<\/p>\n<p style=\"text-align: justify;\">Ce v\u00e9hicule est pr\u00e9sent\u00e9 dans <a href=\"https:\/\/insideevs.fr\/news\/600410\/sono-sion-voiture-solaire-autonomie\/\" target=\"_blank\" rel=\"noopener\">cet article<\/a> du site Web de <em>insideevs.fr<\/em>.<\/p>\n<p style=\"text-align: justify;\">Denis Charron<\/p>\n<hr \/>\n<h4>Note de l&rsquo;\u00e9diteur<\/h4>\n<p>Le 12 novembre 2019, M. Sylvain Garneau nous avait fait part de sa <a href=\"https:\/\/cimbcc.org\/test2\/ma-transition-vers-lelectromobilite\" target=\"_blank\" rel=\"noopener\">transition vers l&rsquo;\u00e9lectromobilit\u00e9<\/a>. Ce texte servait de pr\u00e9ambule \u00e0 sa pr\u00e9sentation du 20 novembre 2019, reprise le 17 janvier 2020. Il est possible de retrouver ses notes de pr\u00e9sentation dans les <a href=\"https:\/\/cimbcc.org\/test2\/wp-content\/uploads\/calendrier_archive.pdf\" target=\"_blank\" rel=\"noopener\">Archives<\/a> \u00e0 droite sur la <a href=\"https:\/\/cimbcc.org\/test2\/\" target=\"_blank\" rel=\"noopener\">page d&rsquo;accueil<\/a> du site Web du CIMBCC.<\/p>\n","protected":false},"excerpt":{"rendered":"<p>Il a d\u00e9j\u00e0 \u00e9t\u00e9 question des voitures \u00e9lectriques dans nos pr\u00e9sentations ant\u00e9rieures ainsi que dans des articles pr\u00e9c\u00e9demment publi\u00e9s. Deux sujets en lien avec les autos \u00e9lectriques seront abord\u00e9s aujourd&rsquo;hui\u00a0 : une nouvelle fa\u00e7on de recharger les voitures \u00e9lectriques; Sono Sion &#8211; une auto \u00e9lectrique avec des panneaux solaires.<\/p>\n","protected":false},"author":43,"featured_media":0,"comment_status":"open","ping_status":"closed","sticky":false,"template":"","format":"standard","meta":{"footnotes":""},"categories":[403],"tags":[629,1112,1665,1034,1666,1078],"class_list":["post-40478","post","type-post","status-publish","format-standard","hentry","category-applications","tag-automobile","tag-electromobilite","tag-energie-solaire","tag-recharge","tag-sono-sion","tag-voiture-electrique"],"_links":{"self":[{"href":"https:\/\/cimbcc.org\/test2\/wp-json\/wp\/v2\/posts\/40478","targetHints":{"allow":["GET"]}}],"collection":[{"href":"https:\/\/cimbcc.org\/test2\/wp-json\/wp\/v2\/posts"}],"about":[{"href":"https:\/\/cimbcc.org\/test2\/wp-json\/wp\/v2\/types\/post"}],"author":[{"embeddable":true,"href":"https:\/\/cimbcc.org\/test2\/wp-json\/wp\/v2\/users\/43"}],"replies":[{"embeddable":true,"href":"https:\/\/cimbcc.org\/test2\/wp-json\/wp\/v2\/comments?post=40478"}],"version-history":[{"count":8,"href":"https:\/\/cimbcc.org\/test2\/wp-json\/wp\/v2\/posts\/40478\/revisions"}],"predecessor-version":[{"id":40487,"href":"https:\/\/cimbcc.org\/test2\/wp-json\/wp\/v2\/posts\/40478\/revisions\/40487"}],"wp:attachment":[{"href":"https:\/\/cimbcc.org\/test2\/wp-json\/wp\/v2\/media?parent=40478"}],"wp:term":[{"taxonomy":"category","embeddable":true,"href":"https:\/\/cimbcc.org\/test2\/wp-json\/wp\/v2\/categories?post=40478"},{"taxonomy":"post_tag","embeddable":true,"href":"https:\/\/cimbcc.org\/test2\/wp-json\/wp\/v2\/tags?post=40478"}],"curies":[{"name":"wp","href":"https:\/\/api.w.org\/{rel}","templated":true}]}}