{"id":40635,"date":"2022-08-16T20:00:24","date_gmt":"2022-08-17T00:00:24","guid":{"rendered":"https:\/\/cimbcc.org\/test2\/?p=40635"},"modified":"2023-10-16T22:11:08","modified_gmt":"2023-10-17T02:11:08","slug":"mot-du-president-aout-2022","status":"publish","type":"post","link":"https:\/\/cimbcc.org\/test2\/mot-du-president-aout-2022\/","title":{"rendered":"Mot du pr\u00e9sident &#8211; ao\u00fbt 2022"},"content":{"rendered":"<figure id=\"attachment_35278\" aria-describedby=\"caption-attachment-35278\" style=\"width: 125px\" class=\"wp-caption aligncenter\"><img loading=\"lazy\" decoding=\"async\" class=\"size-full wp-image-35278\" src=\"https:\/\/cimbcc.org\/test2\/wp-content\/uploads\/photo_cote_rejean.jpg\" alt=\"\" width=\"125\" height=\"125\" \/><figcaption id=\"caption-attachment-35278\" class=\"wp-caption-text\"><span style=\"color: #ffffff;\">mmmi<\/span>R\u00e9jean C\u00f4t\u00e9<\/figcaption><\/figure>\n<p style=\"text-align: justify;\">Les activit\u00e9s du CIMBCC d\u00e9buteront sous peu. Nous sommes toujours aussi motiv\u00e9s \u00e0 offrir une session d\u2019automne int\u00e9ressante aux membres du Club.<\/p>\n<p style=\"text-align: justify;\">Aujourd\u2019hui, je veux particuli\u00e8rement attirer votre attention sur les activit\u00e9s d\u2019information et de partage de connaissances que le Club informatique vous propose cet automne\u00a0: la <em>Journ\u00e9e d\u2019information<\/em> annuelle, les s\u00e9ances du mercredi et du vendredi, et les ateliers.<\/p>\n<p style=\"text-align: justify;\"><!--more--><\/p>\n<hr \/>\n<h4 style=\"text-align: justify;\"><strong>La <em>Journ\u00e9e d\u2019information<\/em> \u2013 mardi 6 septembre 2022<\/strong><\/h4>\n<p style=\"text-align: justify;\">La <em>Journ\u00e9e d\u2019information <\/em>annuelle se tiendra au <strong>Centre communautaire<\/strong> de Saint-Bruno<strong>, le mardi\u00a06\u00a0septembre<\/strong> <strong>de 14\u00a0h \u00e0 16\u00a0h\u00a030<\/strong>. La coordonnatrice de cette journ\u00e9e, M<sup>me<\/sup>\u00a0Nicole Comtois, et une \u00e9quipe de b\u00e9n\u00e9voles accueilleront les membres et les visiteurs. Comme chaque ann\u00e9e, il y aura une courte pr\u00e9sentation sur les services offerts par le Club. Cette pr\u00e9sentation d\u2019environ une heure et quart sera anim\u00e9e par Michel\u00a0Gagn\u00e9 et d\u00e9butera \u00e0 14\u00a0h\u00a030. Elle sera r\u00e9p\u00e9t\u00e9e en ligne le soir m\u00eame \u00e0 compter de 19\u00a0h\u00a030. Les membres recevront dans le courriel hebdomadaire un lien pour se connecter \u00e0 Zoom afin d\u2019assister \u00e0 cette vid\u00e9oconf\u00e9rence.<\/p>\n<p style=\"text-align: justify;\">Je propose aux membres qui viendront \u00e0 la <em>Journ\u00e9e d\u2019information <\/em>d\u2019y amener parents et amis afin qu\u2019ils d\u00e9couvrent l\u2019impressionnante offre de services du Club et qu\u2019ils en deviennent membres.<\/p>\n<hr \/>\n<h4 style=\"text-align: justify;\"><strong>Les s\u00e9ances du mercredi et du vendredi<\/strong><\/h4>\n<p style=\"text-align: justify;\">Sous la coordination de Guy\u00a0B\u00e9langer et de C\u00e9line\u00a0Dufresne, le Club vous proposera cette ann\u00e9e plus de 50\u00a0s\u00e9ances sur divers sujets reli\u00e9s \u00e0 l\u2019informatique.<\/p>\n<ul style=\"text-align: justify;\">\n<li>Cet automne, les membres pourront assister aux s\u00e9ances de la <a href=\"https:\/\/cimbcc.org\/test2\/wp-content\/uploads\/calendrier_serie_facile.pdf\" target=\"_blank\" rel=\"noopener\"><strong>s\u00e9rie <em>Facile<\/em><\/strong><\/a> le vendredi apr\u00e8s-midi, <strong>au<\/strong> <strong>Chalet Marie-Victorin<\/strong> <strong>et<\/strong> <strong>en ligne<\/strong>, car elles se d\u00e9rouleront simultan\u00e9ment en salle et par vid\u00e9oconf\u00e9rence d\u00e8s 13\u00a0h\u00a015.<\/li>\n<li>Cet automne, les s\u00e9ances de la <a href=\"https:\/\/cimbcc.org\/test2\/wp-content\/uploads\/calendrier_serie_decouverte.pdf\" target=\"_blank\" rel=\"noopener\"><strong>s\u00e9rie <em>D\u00e9couverte <\/em><\/strong><\/a>et celles de la <a href=\"https:\/\/cimbcc.org\/test2\/wp-content\/uploads\/calendrier_serie_ios_android.pdf\" target=\"_blank\" rel=\"noopener\"><strong>s\u00e9rie<\/strong> <strong><em>iOS &amp; Android<\/em><\/strong><\/a> se d\u00e9rouleront le mercredi soir <strong>en ligne<\/strong> exclusivement d\u00e8s 19\u00a0h\u00a030.<\/li>\n<li>L\u2019hiver prochain, la <strong>s\u00e9rie <em>Facile<\/em><\/strong> sera pr\u00e9sent\u00e9e le mercredi soir par vid\u00e9oconf\u00e9rence. La <strong>s\u00e9rie <em>D\u00e9couverte <\/em><\/strong>et la <strong>s\u00e9rie<em> iOS &amp; Android<\/em><\/strong> seront pr\u00e9sent\u00e9es le vendredi apr\u00e8s-midi au Chalet Marie Victorin et en ligne (\u00e0 confirmer).<\/li>\n<\/ul>\n<p style=\"text-align: justify;\">Lorsqu\u2019une s\u00e9ance sera propos\u00e9e en vid\u00e9oconf\u00e9rence, le lien pour se connecter \u00e0 Zoom sera inclus dans le message hebdomadaire qui sera envoy\u00e9 aux membres la fin de semaine pr\u00e9c\u00e9dente. Chaque s\u00e9ance dure environ 2\u00a0h\u00a020\u00a0min.<\/p>\n<h5 style=\"text-align: justify;\"><em>Certains sujets populaires, comme les suivants, seront de retour cette ann\u00e9e\u00a0:<\/em><\/h5>\n<ul style=\"text-align: justify;\">\n<li>Utilisation efficace de <a href=\"https:\/\/fr.wikipedia.org\/wiki\/Zoom_Video_Communications\" target=\"_blank\" rel=\"noopener\">Zoom<\/a><\/li>\n<li><a href=\"https:\/\/fr.wikipedia.org\/wiki\/Virus_informatique\" target=\"_blank\" rel=\"noopener\">Virus<\/a> et <a href=\"https:\/\/fr.wikipedia.org\/wiki\/Logiciel_antivirus\" target=\"_blank\" rel=\"noopener\">antivirus<\/a><\/li>\n<li><a href=\"https:\/\/fr.wikipedia.org\/wiki\/Hame%C3%A7onnage\" target=\"_blank\" rel=\"noopener\">Hame\u00e7onnage<\/a> et protection des <a href=\"https:\/\/fr.wikipedia.org\/wiki\/Mot_de_passe\" target=\"_blank\" rel=\"noopener\">mots de passe<\/a><\/li>\n<li>Gestion des <a href=\"https:\/\/fr.wikipedia.org\/wiki\/Fichier_informatique\" target=\"_blank\" rel=\"noopener\">fichiers<\/a> et des <a href=\"https:\/\/fr.wikipedia.org\/wiki\/R%C3%A9pertoire_(informatique)\" target=\"_blank\" rel=\"noopener\">dossiers<\/a> (2 pr\u00e9sentations)<\/li>\n<li><a href=\"https:\/\/fr.wikipedia.org\/wiki\/S%C3%A9curit%C3%A9_de_l%27information\" target=\"_blank\" rel=\"noopener\">S\u00e9curit\u00e9<\/a> dans les <a href=\"https:\/\/fr.wikipedia.org\/wiki\/Op%C3%A9ration_financi%C3%A8re\" target=\"_blank\" rel=\"noopener\">transactions \u00e9lectroniques<\/a><\/li>\n<li><a href=\"https:\/\/fr.wikipedia.org\/wiki\/Google_Chrome\" target=\"_blank\" rel=\"noopener\">Chrome<\/a> (trois pr\u00e9sentations)<\/li>\n<li>Notions de base pour l\u2019utilisation d\u2019<a href=\"https:\/\/fr.wikipedia.org\/wiki\/Outlook.com\" target=\"_blank\" rel=\"noopener\">Outlook.com<\/a> et de <a href=\"https:\/\/fr.wikipedia.org\/wiki\/Gmail\" target=\"_blank\" rel=\"noopener\">Gmail.com<\/a><\/li>\n<\/ul>\n<h5 style=\"text-align: justify;\"><em>Quelques nouveaut\u00e9s sont aussi pr\u00e9vues dont voici quelques exemples\u00a0:<\/em><\/h5>\n<ul style=\"text-align: justify;\">\n<li>L\u2019<a href=\"https:\/\/fr.wikipedia.org\/wiki\/Histoire_d%27Internet\" target=\"_blank\" rel=\"noopener\">histoire d\u2019Internet<\/a> et son d\u00e9veloppement<\/li>\n<li>Fonctionnement d\u2019<a href=\"https:\/\/fr.wikipedia.org\/wiki\/Internet\" target=\"_blank\" rel=\"noopener\">Internet<\/a><\/li>\n<li><a href=\"https:\/\/fr.wikipedia.org\/wiki\/Microsoft_PowerPoint\" target=\"_blank\" rel=\"noopener\">PowerPoint<\/a> d\u2019<a href=\"https:\/\/fr.wikipedia.org\/wiki\/Microsoft_Office\" target=\"_blank\" rel=\"noopener\">Office<\/a><\/li>\n<li><a href=\"https:\/\/fr.wikipedia.org\/wiki\/%C5%92uvre_libre\" target=\"_blank\" rel=\"noopener\">\u0152uvres libres<\/a> (le concept et des exemples)<\/li>\n<li>Lecture : passez au <a href=\"https:\/\/fr.wikipedia.org\/wiki\/Lecture_sur_%C3%A9cran\" target=\"_blank\" rel=\"noopener\">format num\u00e9rique<\/a><\/li>\n<li><a href=\"https:\/\/fr.wikipedia.org\/wiki\/Doodle.com\" target=\"_blank\" rel=\"noopener\">Doodle<\/a> et <a href=\"https:\/\/fr.wikipedia.org\/wiki\/Liste_des_produits_et_services_de_Framasoft#Framadate\" target=\"_blank\" rel=\"noopener\">Framadate<\/a><\/li>\n<li><a href=\"https:\/\/fr.wikipedia.org\/wiki\/TeamViewer\" target=\"_blank\" rel=\"noopener\">TeamViewer<\/a><\/li>\n<li><a href=\"https:\/\/fr.wikipedia.org\/wiki\/R%C3%A9seau_priv%C3%A9_virtuel\" target=\"_blank\" rel=\"noopener\">RPV<\/a> (VPN = connexion s\u00e9curis\u00e9e et chiffr\u00e9e entre deux r\u00e9seaux)<\/li>\n<li><a href=\"https:\/\/fr-ca.facebook.com\/help\/1713241952104830\" target=\"_blank\" rel=\"noopener\">Marketplace<\/a> et <a href=\"https:\/\/www.kijiji.ca\/h-grand-montreal\/80002\" target=\"_blank\" rel=\"noopener\">Kijiji<\/a><\/li>\n<li><a href=\"https:\/\/fr.wikipedia.org\/wiki\/Pinterest\" target=\"_blank\" rel=\"noopener\">Pinterest<\/a><\/li>\n<li><a href=\"https:\/\/fr.wikipedia.org\/wiki\/Clavier_d%27ordinateur\" target=\"_blank\" rel=\"noopener\">Claviers<\/a> fran\u00e7ais<\/li>\n<li>Prise et <a href=\"https:\/\/fr.wikipedia.org\/wiki\/Traitement_d%27images\" target=\"_blank\" rel=\"noopener\">traitement<\/a> de <a href=\"https:\/\/fr.wikipedia.org\/wiki\/Photographie_num%C3%A9rique\" target=\"_blank\" rel=\"noopener\">photos<\/a> avec un <a href=\"https:\/\/fr.wikipedia.org\/wiki\/Smartphone\" target=\"_blank\" rel=\"noopener\">t\u00e9l\u00e9phone intelligent<\/a><\/li>\n<\/ul>\n<p style=\"text-align: justify;\">Vous pouvez d\u00e9j\u00e0 consulter les calendriers des s\u00e9ances pr\u00e9vues cette ann\u00e9e en cliquant sur les boutons \u00e0 la droite de la page d\u2019accueil du site Web.<\/p>\n<hr \/>\n<h4 style=\"text-align: justify;\"><strong>Les ateliers<\/strong><\/h4>\n<p style=\"text-align: justify;\">Les onze <strong>ateliers<\/strong> offerts durant <strong>l\u2019automne\u00a02022<\/strong> <a href=\"https:\/\/cimbcc.org\/test2\/partage-de-connaissances\/les-ateliers\" target=\"_blank\" rel=\"noopener\">sont d\u00e9j\u00e0 d\u00e9crits sur le site Web du Club<\/a>. Vous pouvez d\u00e8s maintenant en consulter le contenu et les coordonn\u00e9es en cliquant <a href=\"https:\/\/cimbcc.org\/test2\/partage-de-connaissances\/les-ateliers\">ici<\/a>.<\/p>\n<p style=\"text-align: justify;\">L\u2019inscription aux ateliers de l\u2019automne\u00a02022 pourra se faire <strong>entre le jeudi\u00a08\u00a0septembre \u00e0 midi et le samedi\u00a010\u00a0septembre \u00e0 minuit<\/strong>. Deux semaines plus t\u00f4t, les membres recevront un courriel pour leur rappeler ces dates, ce qui leur laissera amplement le temps de choisir un ou deux ateliers. La mani\u00e8re de s\u2019inscrire demeure inchang\u00e9e\u00a0: elle se fera en ligne en remplissant le formulaire qui se trouve au bas de la page de chacun des ateliers propos\u00e9s pour l\u2019automne\u00a02022.<\/p>\n<p style=\"text-align: justify;\">Enfin, j\u2019aimerais terminer ce texte en remerciant les 73\u00a0merveilleux b\u00e9n\u00e9voles actuellement actifs au Club. Sans eux, le Club ne pourrait exister!<\/p>\n<p style=\"text-align: justify;\">R\u00e9jean\u00a0C\u00f4t\u00e9, pr\u00e9sident<\/p>\n","protected":false},"excerpt":{"rendered":"<p>Les activit\u00e9s du CIMBCC d\u00e9buteront sous peu. Nous sommes toujours aussi motiv\u00e9s \u00e0 offrir une session d\u2019automne int\u00e9ressante aux membres du Club. Aujourd\u2019hui, je veux particuli\u00e8rement attirer votre attention sur les activit\u00e9s d\u2019information et de partage de connaissances que le Club informatique vous propose cet automne\u00a0: la Journ\u00e9e d\u2019information annuelle, les s\u00e9ances du mercredi et &hellip; <a href=\"https:\/\/cimbcc.org\/test2\/mot-du-president-aout-2022\/\" class=\"more-link\">Continuer la lecture de <span class=\"screen-reader-text\">Mot du pr\u00e9sident &#8211; ao\u00fbt 2022<\/span>  <span class=\"meta-nav\">&rarr;<\/span><\/a><\/p>\n","protected":false},"author":43,"featured_media":0,"comment_status":"open","ping_status":"closed","sticky":false,"template":"","format":"standard","meta":{"footnotes":""},"categories":[11],"tags":[269,1487,371,370,1513,143,271,1675,1510,1190],"class_list":["post-40635","post","type-post","status-publish","format-standard","hentry","category-mots-du-president","tag-ateliers","tag-salle-marie-victorin","tag-decouverte","tag-facile","tag-ios-et-android","tag-journee-dinformation-et-dinscription","tag-presentations","tag-presentations-hybrides","tag-presentiel","tag-zoom"],"_links":{"self":[{"href":"https:\/\/cimbcc.org\/test2\/wp-json\/wp\/v2\/posts\/40635","targetHints":{"allow":["GET"]}}],"collection":[{"href":"https:\/\/cimbcc.org\/test2\/wp-json\/wp\/v2\/posts"}],"about":[{"href":"https:\/\/cimbcc.org\/test2\/wp-json\/wp\/v2\/types\/post"}],"author":[{"embeddable":true,"href":"https:\/\/cimbcc.org\/test2\/wp-json\/wp\/v2\/users\/43"}],"replies":[{"embeddable":true,"href":"https:\/\/cimbcc.org\/test2\/wp-json\/wp\/v2\/comments?post=40635"}],"version-history":[{"count":9,"href":"https:\/\/cimbcc.org\/test2\/wp-json\/wp\/v2\/posts\/40635\/revisions"}],"predecessor-version":[{"id":40648,"href":"https:\/\/cimbcc.org\/test2\/wp-json\/wp\/v2\/posts\/40635\/revisions\/40648"}],"wp:attachment":[{"href":"https:\/\/cimbcc.org\/test2\/wp-json\/wp\/v2\/media?parent=40635"}],"wp:term":[{"taxonomy":"category","embeddable":true,"href":"https:\/\/cimbcc.org\/test2\/wp-json\/wp\/v2\/categories?post=40635"},{"taxonomy":"post_tag","embeddable":true,"href":"https:\/\/cimbcc.org\/test2\/wp-json\/wp\/v2\/tags?post=40635"}],"curies":[{"name":"wp","href":"https:\/\/api.w.org\/{rel}","templated":true}]}}