{"id":40643,"date":"2022-08-30T19:00:57","date_gmt":"2022-08-30T23:00:57","guid":{"rendered":"https:\/\/cimbcc.org\/test2\/?p=40643"},"modified":"2023-10-16T22:11:08","modified_gmt":"2023-10-17T02:11:08","slug":"presentations-de-la-session-dautomne-de-la-saison-2022-2023","status":"publish","type":"post","link":"https:\/\/cimbcc.org\/test2\/presentations-de-la-session-dautomne-de-la-saison-2022-2023\/","title":{"rendered":"Pr\u00e9sentations de la session d\u2019automne de la saison 2022-2023"},"content":{"rendered":"<figure id=\"attachment_24078\" aria-describedby=\"caption-attachment-24078\" style=\"width: 125px\" class=\"wp-caption aligncenter\"><img loading=\"lazy\" decoding=\"async\" class=\"size-full wp-image-24078\" src=\"https:\/\/cimbcc.org\/test2\/wp-content\/uploads\/photo_belanger_guy.jpg\" alt=\"\" width=\"125\" height=\"125\" \/><figcaption id=\"caption-attachment-24078\" class=\"wp-caption-text\"><span style=\"color: #ffffff;\">mmmni<\/span>Guy B\u00e9langer<\/figcaption><\/figure>\n<p style=\"text-align: justify;\">Septembre approche \u00e0 grands pas et diverses activit\u00e9s qui \u00e9taient en pause au cours de l\u2019\u00e9t\u00e9 reprennent. C\u2019est le cas des pr\u00e9sentations du <strong>mercredi soir<\/strong> et du <strong>vendredi apr\u00e8s-midi<\/strong> offertes aux membres du CIMBCC. Comme par les ann\u00e9es pass\u00e9es, on retrouve trois cat\u00e9gories de pr\u00e9sentations :<\/p>\n<ul>\n<li style=\"text-align: justify;\">S\u00e9rie Facile,<\/li>\n<li style=\"text-align: justify;\">S\u00e9rie D\u00e9couverte,<\/li>\n<li style=\"text-align: justify;\">S\u00e9rie iOS &amp; Android.<\/li>\n<\/ul>\n<p style=\"text-align: justify;\">Nous vous pr\u00e9sentons dans cet article les grandes lignes des communications qui seront \u00e0 l\u2019affiche. Pour des informations additionnelles, nous vous invitons \u00e0 consulter le site Web du Club au <em><u>cimbcc.org<\/u><\/em> sous la rubrique <strong>Calendriers et notes de pr\u00e9sentations<\/strong>.<\/p>\n<p style=\"text-align: justify;\">Voici maintenant un aper\u00e7u des sujets qui seront abord\u00e9s \u00e0 l&rsquo;automne 2022.<\/p>\n<p style=\"text-align: justify;\"><!--more--><\/p>\n<hr \/>\n<h4>Pr\u00e9sentations sp\u00e9ciales<\/h4>\n<p style=\"text-align: justify;\">En plus de toutes les pr\u00e9sentations pr\u00e9vues dans le cadre des trois s\u00e9ries d\u00e9j\u00e0 mentionn\u00e9es, nous portons \u00e0 votre attention quatre s\u00e9ances un peu particuli\u00e8res.<\/p>\n<ul>\n<li style=\"text-align: justify;\">Il y aura une journ\u00e9e d&rsquo;information et d\u2019inscription <strong>mardi <span style=\"color: #ff0000;\">6\u00a0septembre<\/span><\/strong> pour ceux et celles qui veulent adh\u00e9rer au Club ou qui renouvellent leur adh\u00e9sion. <strong>Michel Gagn\u00e9<\/strong> offrira deux s\u00e9ances d\u2019information sur les diff\u00e9rents services offerts aux membres. La premi\u00e8re pr\u00e9sentation sera offerte en <span style=\"text-decoration: underline;\">mode pr\u00e9sentiel<\/span> au <a href=\"https:\/\/cimbcc.org\/test2\/centre-communautaire\" target=\"_blank\" rel=\"noopener\">Centre communautaire de Saint-Bruno<\/a> <strong>de 14 h \u00e0 16\u00a0h 30.<\/strong> La seconde sera une reprise en <span style=\"text-decoration: underline;\">mode Zoom<\/span> <strong>\u00e0 compter de 19\u00a0h\u00a030<\/strong>.<\/li>\n<li style=\"text-align: justify;\">Encore cette ann\u00e9e, <strong>Pierre Delisle<\/strong> passera en revue les diff\u00e9rentes facettes d\u2019une utilisation optimale de <a href=\"https:\/\/fr.wikipedia.org\/wiki\/Zoom_Video_Communications\" target=\"_blank\" rel=\"noopener\">Zoom<\/a>. Il nous fera part des nouveaut\u00e9s de ce logiciel qui fut notre planche de salut tout au long de la pand\u00e9mie pour la tenue des s\u00e9ances des diff\u00e9rentes s\u00e9ries. Cette prestation est pr\u00e9vue <strong>mercredi <span style=\"color: #ff0000;\">7\u00a0septembre<\/span> \u00e0 19 h 30<\/strong> et elle s\u2019adresse aux participants de toutes les s\u00e9ries offertes par le Club.<\/li>\n<li style=\"text-align: justify;\"><strong>C\u00e9line Dufresne<\/strong>, <strong>Michel Gagn\u00e9<\/strong>, <strong>R\u00e9jean C\u00f4t\u00e9<\/strong> et <strong>Michel Paul<\/strong> lanceront la saison en nous pr\u00e9sentant les services offerts par le Club, les diff\u00e9rents changements ainsi que d\u2019autres sujets ax\u00e9s sur une connaissance approfondie des diff\u00e9rentes activit\u00e9s et informations disponibles. Une pr\u00e9sentation des personnes b\u00e9n\u00e9voles en avant-plan sera faite, mais celles et ceux qui \u0153uvrent dans l\u2019ombre derri\u00e8re chaque activit\u00e9 seront aussi mentionn\u00e9s. Cette pr\u00e9sentation est offerte aux personnes suivant l\u2019une ou l\u2019autre des trois s\u00e9ries et elle se fera <strong>mercredi <span style=\"color: #ff0000;\">14\u00a0septembre<\/span> \u00e0 compter de 19 h 30<\/strong>.<\/li>\n<li style=\"text-align: justify;\">L\u2019assembl\u00e9e g\u00e9n\u00e9rale annuelle des membres aura lieu <strong>mercredi <span style=\"color: #ff0000;\">19 octobre<\/span> \u00e0 19 h 30<\/strong> et elle sera anim\u00e9e par le pr\u00e9sident du Club, <strong>R\u00e9jean C\u00f4t\u00e9<\/strong>. Cette rencontre est ouverte \u00e0 tous les membres en r\u00e8gle.<\/li>\n<\/ul>\n<hr \/>\n<h4>S\u00e9rie Facile<\/h4>\n<p style=\"text-align: justify;\">Comme par le pass\u00e9, la <a href=\"https:\/\/cimbcc.org\/test2\/wp-content\/uploads\/calendrier_serie_facile.pdf\" target=\"_blank\" rel=\"noopener\">s\u00e9rie Facile<\/a> sera offerte cet automne, les <strong>vendredis apr\u00e8s-midi \u00e0 compter de 13 h 15 sous forme hybride,<\/strong> soit simultan\u00e9ment <span style=\"text-decoration: underline;\">en vid\u00e9oconf\u00e9rence (Zoom) et en pr\u00e9sentiel<\/span> au <a href=\"https:\/\/cimbcc.org\/test2\/chalet-marie-victorin-saint-bruno\" target=\"_blank\" rel=\"noopener\">Chalet Marie-Victorin<\/a> de Saint-Bruno. La premi\u00e8re pr\u00e9sentation de cette s\u00e9rie aura lieu le <span style=\"color: #ff0000;\"><strong>16 septembre<\/strong><\/span>.<\/p>\n<p style=\"text-align: justify;\">Les sujets trait\u00e9s reprennent les m\u00eames th\u00e8mes que l\u2019an dernier avec quelques modifications mineures. Voici donc les auteurs de la s\u00e9rie Facile pour l\u2019automne 2022 ainsi qu\u2019un aper\u00e7u des sujets trait\u00e9s.<\/p>\n<ul>\n<li style=\"text-align: justify;\"><strong>Michel Gagn\u00e9<\/strong> pr\u00e9sentera des informations sur les <a href=\"https:\/\/fr.wikipedia.org\/wiki\/Virus_informatique\" target=\"_blank\" rel=\"noopener\">virus<\/a> et <a href=\"https:\/\/fr.wikipedia.org\/wiki\/Logiciel_antivirus\" target=\"_blank\" rel=\"noopener\">antivirus<\/a>, l\u2019<a href=\"https:\/\/fr.wikipedia.org\/wiki\/Hame%C3%A7onnage\" target=\"_blank\" rel=\"noopener\">hame\u00e7onnage<\/a>, les <a href=\"https:\/\/fr.wikipedia.org\/wiki\/Mot_de_passe\" target=\"_blank\" rel=\"noopener\">mots de passe<\/a>, les caract\u00e9ristiques de <a href=\"https:\/\/fr.wikipedia.org\/wiki\/Windows_10\" target=\"_blank\" rel=\"noopener\">Windows 10<\/a> et <a href=\"https:\/\/fr.wikipedia.org\/wiki\/Windows_11\" target=\"_blank\" rel=\"noopener\">Windows 11<\/a> et, enfin, les \u00e9l\u00e9ments importants traitant de la <a href=\"https:\/\/fr.wikipedia.org\/wiki\/S%C3%A9curit%C3%A9_de_l%27information\" target=\"_blank\" rel=\"noopener\">s\u00e9curit\u00e9<\/a> dans nos <a href=\"https:\/\/fr.wikipedia.org\/wiki\/Op%C3%A9ration_financi%C3%A8re\" target=\"_blank\" rel=\"noopener\">transactions \u00e9lectroniques<\/a>.<\/li>\n<li style=\"text-align: justify;\"><strong>Francine Couture<\/strong> nous guidera dans la gestion de nos documents (<a href=\"https:\/\/fr.wikipedia.org\/wiki\/Fichier_informatique\" target=\"_blank\" rel=\"noopener\">fichiers<\/a>) et nous fera part des proc\u00e9dures pour les regrouper dans des <a href=\"https:\/\/fr.wikipedia.org\/wiki\/R%C3%A9pertoire_(informatique)\" target=\"_blank\" rel=\"noopener\">dossiers<\/a>. De plus, elle nous indiquera comme <a href=\"https:\/\/fr.wikipedia.org\/wiki\/Traitement_d%27images\" target=\"_blank\" rel=\"noopener\">modifier et am\u00e9liorer<\/a> nos <a href=\"https:\/\/fr.wikipedia.org\/wiki\/Photographie_num%C3%A9rique\" target=\"_blank\" rel=\"noopener\">photos<\/a> conserv\u00e9es sur nos ordinateurs.<\/li>\n<li style=\"text-align: justify;\"><strong>Sylvain Garneau<\/strong> nous fera d\u00e9couvrir de nombreuses facettes du navigateur Web, <a href=\"https:\/\/fr.wikipedia.org\/wiki\/Google_Chrome\" target=\"_blank\" rel=\"noopener\">Chrome<\/a>, de la compagnie Google.<\/li>\n<li style=\"text-align: justify;\">La nature des <a href=\"https:\/\/fr.wikipedia.org\/wiki\/Courrier_%C3%A9lectronique\" target=\"_blank\" rel=\"noopener\">courriels<\/a> en g\u00e9n\u00e9ral sera examin\u00e9e par <strong>Pierre Delisle<\/strong>. Exceptionnellement un jeudi en soir\u00e9e, les deux principales applications de courrier \u00e9lectronique, <a href=\"https:\/\/fr.wikipedia.org\/wiki\/Gmail\" target=\"_blank\" rel=\"noopener\">Gmail<\/a> et <a href=\"https:\/\/fr.wikipedia.org\/wiki\/Outlook.com\" target=\"_blank\" rel=\"noopener\">Outlook<\/a>, seront expos\u00e9es respectivement par <strong>R\u00e9jean Bouchard<\/strong> et <strong>Pierre Delisle<\/strong>.<\/li>\n<li style=\"text-align: justify;\"><strong>Pierre Delisle<\/strong> nous donnera un aper\u00e7u des caract\u00e9ristiques des appareils mobiles, soit les <a href=\"https:\/\/fr.wikipedia.org\/wiki\/Tablette_tactile\" target=\"_blank\" rel=\"noopener\">tablettes<\/a> et les <a href=\"https:\/\/fr.wikipedia.org\/wiki\/Smartphone\" target=\"_blank\" rel=\"noopener\">t\u00e9l\u00e9phones intelligents<\/a>.<\/li>\n<li style=\"text-align: justify;\"><strong>Guy B\u00e9langer<\/strong> passera en revue diverses facettes associ\u00e9es aux <a href=\"https:\/\/fr.wikipedia.org\/wiki\/Google_(moteur_de_recherche)\" target=\"_blank\" rel=\"noopener\">outils de recherche de Google<\/a>.<\/li>\n<\/ul>\n<hr \/>\n<h4>S\u00e9rie D\u00e9couverte<\/h4>\n<p style=\"text-align: justify;\">La <a href=\"https:\/\/cimbcc.org\/test2\/wp-content\/uploads\/calendrier_serie_decouverte.pdf\" target=\"_blank\" rel=\"noopener\">s\u00e9rie D\u00e9couverte<\/a> d\u00e9butera <strong>mercredi <span style=\"color: #ff0000;\">21 septembre<\/span> \u00e0 compter de 19 h 30<\/strong> et, comme pour les deux derni\u00e8res ann\u00e9es, <span style=\"text-decoration: underline;\">ces s\u00e9ances auront lieu en mode Zoom<\/span>.<\/p>\n<p style=\"text-align: justify;\">Voici donc les auteurs et les titres de la s\u00e9rie D\u00e9couverte pour l\u2019automne 2022.<\/p>\n<ul style=\"text-align: justify;\">\n<li><strong>Charles Terreault<\/strong> nous dressera l\u2019<a href=\"https:\/\/fr.wikipedia.org\/wiki\/Histoire_d%27Internet\" target=\"_blank\" rel=\"noopener\">histoire d\u2019Internet<\/a>, du d\u00e9but jusqu\u2019\u00e0 nos jours.<\/li>\n<li><strong>Michel Gagn\u00e9<\/strong> se penchera pour sa part sur le fonctionnement d\u2019<a href=\"https:\/\/fr.wikipedia.org\/wiki\/Internet\" target=\"_blank\" rel=\"noopener\">Internet<\/a>.<\/li>\n<li>De son c\u00f4t\u00e9, <strong>C\u00e9line Dufresne<\/strong> animera deux s\u00e9ances. La premi\u00e8re nous fera vivre en temps r\u00e9el la cr\u00e9ation d\u2019un <a href=\"https:\/\/fr.wikipedia.org\/wiki\/Microsoft_PowerPoint\" target=\"_blank\" rel=\"noopener\">diaporama PowerPoint<\/a> avec la participation active des membres pr\u00e9sents. Plus tard en saison, elle nous fera d\u00e9couvrir le r\u00e9seau social <a href=\"https:\/\/fr.wikipedia.org\/wiki\/Pinterest\" target=\"_blank\" rel=\"noopener\">Pinterest<\/a> qui permet des \u00e9changes et des d\u00e9couvertes dans divers domaines (cuisine, bricolage \u2026).<\/li>\n<li><strong>Pierre Delisle<\/strong> \u00e9laborera diverses facettes des <a href=\"https:\/\/fr.wikipedia.org\/wiki\/Droit_d%27auteur\" target=\"_blank\" rel=\"noopener\">droits d\u2019auteur<\/a>, des <a href=\"https:\/\/fr.wikipedia.org\/wiki\/Logiciel_libre\" target=\"_blank\" rel=\"noopener\">logiciels libres<\/a> et autres <a href=\"https:\/\/fr.wikipedia.org\/wiki\/%C5%92uvre_libre\" target=\"_blank\" rel=\"noopener\">concepts analogues<\/a>.<\/li>\n<li><strong>Denis Charron<\/strong> fera le point sur le passage recommand\u00e9 de la lecture sur support papier \u00e0 la <a href=\"https:\/\/fr.wikipedia.org\/wiki\/Lecture_sur_%C3%A9cran\" target=\"_blank\" rel=\"noopener\">lecture sur support informatique<\/a> (liseuses, tablettes, t\u00e9l\u00e9phones). On verra comment avoir acc\u00e8s \u00e0 de nombreuses publications.<\/li>\n<li>Pour faciliter l\u2019organisation de rencontres avec divers intervenants, <strong>R\u00e9jean C\u00f4t\u00e9<\/strong> nous pr\u00e9sentera deux outils, soit les logiciels <a href=\"https:\/\/fr.wikipedia.org\/wiki\/Doodle.com\" target=\"_blank\" rel=\"noopener\">Doodle<\/a> et <a href=\"https:\/\/fr.wikipedia.org\/wiki\/Liste_des_produits_et_services_de_Framasoft#Framadate\" target=\"_blank\" rel=\"noopener\">Framadate<\/a>.<\/li>\n<li><strong>R\u00e9jean Bouchard<\/strong> nous fera conna\u00eetre le logiciel <a href=\"https:\/\/fr.wikipedia.org\/wiki\/TeamViewer\" target=\"_blank\" rel=\"noopener\">TeamViewer<\/a> et d\u2019autres semblables qui nous permettent de partager \u00e0 distance l\u2019utilisation d\u2019un ordinateur. Ce sont des outils essentiels pour r\u00e9soudre des probl\u00e8mes informatiques pouvant survenir.<\/li>\n<li><strong>Youssef Tijani<\/strong> passera en revue les diff\u00e9rentes options qui s\u2019offrent \u00e0 nous pour se connecter \u00e0 <a href=\"https:\/\/fr.wikipedia.org\/wiki\/Internet\" target=\"_blank\" rel=\"noopener\">Internet<\/a>.<\/li>\n<li>Du club informatique de Brossard, <strong>Denis B\u00e9langer<\/strong> pr\u00e9sentera l&rsquo;utilisation et la synchronisation des <a href=\"https:\/\/fr.wikipedia.org\/wiki\/Calendrier_(logiciel)\" target=\"_blank\" rel=\"noopener\">calendriers<\/a> Apple et Outlook (et possiblement Google). \u00a0De son c\u00f4t\u00e9, <strong>Jean-Pierre Bonneau<\/strong> traitera des <a href=\"https:\/\/fr.wikipedia.org\/wiki\/Adresse_IP\" target=\"_blank\" rel=\"noopener\">adresses IP<\/a> et des <a href=\"https:\/\/fr.wikipedia.org\/wiki\/R%C3%A9seau_priv%C3%A9_virtuel\" target=\"_blank\" rel=\"noopener\">R\u00e9seaux Virtuels Priv\u00e9s<\/a> (VPN en anglais). \u00a0Finalement, <strong>Denis Bergeron<\/strong> traitera de la gestion des <a href=\"https:\/\/fr.wikipedia.org\/wiki\/Param%C3%A8tre_de_s%C3%A9curit%C3%A9\" target=\"_blank\" rel=\"noopener\">param\u00e8tres de s\u00e9curit\u00e9<\/a> et de confidentialit\u00e9 de son <a href=\"https:\/\/fr.wikipedia.org\/wiki\/Compte_Google\" target=\"_blank\" rel=\"noopener\">compte Google<\/a>.<\/li>\n<\/ul>\n<hr \/>\n<h4 style=\"text-align: justify;\">S\u00e9rie iOS &amp; Android<\/h4>\n<p style=\"text-align: justify;\">Comme nouveaut\u00e9 cette ann\u00e9e, la s\u00e9rie <a href=\"https:\/\/cimbcc.org\/test2\/wp-content\/uploads\/calendrier_serie_ios_android.pdf\" target=\"_blank\" rel=\"noopener\">iOS &amp; Android<\/a> sera pr\u00e9sente \u00e0 l\u2019automne avec deux s\u00e9ances in\u00e9dites qui seront reprises au printemps 2023. \u00a0De plus, au printemps, nous reprendrons quelques sujets qui ont d\u00e9j\u00e0 \u00e9t\u00e9 trait\u00e9s au cours des ann\u00e9es pass\u00e9es.\u00a0 Le contenu des s\u00e9ances est en cours d\u2019\u00e9laboration.<\/p>\n<hr \/>\n<h4>Remerciements<\/h4>\n<p style=\"text-align: justify;\">Nous d\u00e9sirons remercier de tout c\u0153ur toutes les personnes b\u00e9n\u00e9voles qui rendent possibles, agr\u00e9ables et instructives, ces nombreuses s\u00e9ances d\u2019\u00e9change d\u2019information du merveilleux monde virtuel.<\/p>\n<h4 style=\"text-align: justify;\">Invitation cordiale<\/h4>\n<p style=\"text-align: justify;\">Nous vous attendons nombreuses et nombreux pour une nouvelle saison qui s\u2019annonce des plus stimulantes et instructives.\u00a0 Bienvenue \u00e0 toutes et tous ! Au plaisir de vous revoir en virtuel ou en personne\u00a0!<\/p>\n<p style=\"text-align: justify;\">Guy B\u00e9langer<br \/>\nCo-responsable des pr\u00e9sentations du mercredi et du vendredi<\/p>\n","protected":false},"excerpt":{"rendered":"<p>Septembre approche \u00e0 grands pas et diverses activit\u00e9s qui \u00e9taient en pause au cours de l\u2019\u00e9t\u00e9 reprennent. C\u2019est le cas des pr\u00e9sentations du mercredi soir et du vendredi apr\u00e8s-midi offertes aux membres du CIMBCC. Comme par les ann\u00e9es pass\u00e9es, on retrouve trois cat\u00e9gories de pr\u00e9sentations : S\u00e9rie Facile, S\u00e9rie D\u00e9couverte, S\u00e9rie iOS &amp; Android. Nous &hellip; <a href=\"https:\/\/cimbcc.org\/test2\/presentations-de-la-session-dautomne-de-la-saison-2022-2023\/\" class=\"more-link\">Continuer la lecture de <span class=\"screen-reader-text\">Pr\u00e9sentations de la session d\u2019automne de la saison 2022-2023<\/span>  <span class=\"meta-nav\">&rarr;<\/span><\/a><\/p>\n","protected":false},"author":43,"featured_media":0,"comment_status":"open","ping_status":"closed","sticky":false,"template":"","format":"standard","meta":{"footnotes":""},"categories":[402],"tags":[371,370,1513,271,1675,1510,1190],"class_list":["post-40643","post","type-post","status-publish","format-standard","hentry","category-activites-du-club","tag-decouverte","tag-facile","tag-ios-et-android","tag-presentations","tag-presentations-hybrides","tag-presentiel","tag-zoom"],"_links":{"self":[{"href":"https:\/\/cimbcc.org\/test2\/wp-json\/wp\/v2\/posts\/40643","targetHints":{"allow":["GET"]}}],"collection":[{"href":"https:\/\/cimbcc.org\/test2\/wp-json\/wp\/v2\/posts"}],"about":[{"href":"https:\/\/cimbcc.org\/test2\/wp-json\/wp\/v2\/types\/post"}],"author":[{"embeddable":true,"href":"https:\/\/cimbcc.org\/test2\/wp-json\/wp\/v2\/users\/43"}],"replies":[{"embeddable":true,"href":"https:\/\/cimbcc.org\/test2\/wp-json\/wp\/v2\/comments?post=40643"}],"version-history":[{"count":37,"href":"https:\/\/cimbcc.org\/test2\/wp-json\/wp\/v2\/posts\/40643\/revisions"}],"predecessor-version":[{"id":41050,"href":"https:\/\/cimbcc.org\/test2\/wp-json\/wp\/v2\/posts\/40643\/revisions\/41050"}],"wp:attachment":[{"href":"https:\/\/cimbcc.org\/test2\/wp-json\/wp\/v2\/media?parent=40643"}],"wp:term":[{"taxonomy":"category","embeddable":true,"href":"https:\/\/cimbcc.org\/test2\/wp-json\/wp\/v2\/categories?post=40643"},{"taxonomy":"post_tag","embeddable":true,"href":"https:\/\/cimbcc.org\/test2\/wp-json\/wp\/v2\/tags?post=40643"}],"curies":[{"name":"wp","href":"https:\/\/api.w.org\/{rel}","templated":true}]}}