{"id":4069,"date":"2012-12-19T10:00:26","date_gmt":"2012-12-19T15:00:26","guid":{"rendered":"https:\/\/cimbcc.org\/test2\/?p=4069"},"modified":"2023-10-16T22:17:12","modified_gmt":"2023-10-17T02:17:12","slug":"echos-du-conseil-dadministration-decembre-2012","status":"publish","type":"post","link":"https:\/\/cimbcc.org\/test2\/echos-du-conseil-dadministration-decembre-2012\/","title":{"rendered":"\u00c9chos du conseil d&rsquo;administration &#8211; d\u00e9cembre 2012"},"content":{"rendered":"<h5 style=\"text-align: center;\"><\/h5>\n<figure id=\"attachment_5549\" aria-describedby=\"caption-attachment-5549\" style=\"width: 450px\" class=\"wp-caption aligncenter\"><img loading=\"lazy\" decoding=\"async\" class=\"size-full wp-image-5549\" src=\"https:\/\/cimbcc.org\/test2\/wp-content\/uploads\/Photo-Du-CA-2012-2013.jpg\" alt=\"\" width=\"450\" height=\"134\" srcset=\"https:\/\/cimbcc.org\/test2\/wp-content\/uploads\/Photo-Du-CA-2012-2013.jpg 450w, https:\/\/cimbcc.org\/test2\/wp-content\/uploads\/Photo-Du-CA-2012-2013-300x89.jpg 300w\" sizes=\"auto, (max-width: 450px) 100vw, 450px\" \/><figcaption id=\"caption-attachment-5549\" class=\"wp-caption-text\">De gauche \u00e0 droite\u00a0: Walter\u00a0Pearce, Francine\u00a0Fortier, R\u00e9jean\u00a0C\u00f4t\u00e9, Danielle\u00a0Bourque, Michel\u00a0Gagn\u00e9, Yvon\u00a0Gaudreau, Raymonde\u00a0Lemay, R\u00e9jean\u00a0Daigle, Sylvie\u00a0Mazur et Andr\u00e9\u00a0Charest. Denis\u00a0Dulude \u00e9tait absent au moment de la prise de la photo.<\/figcaption><\/figure>\n<p style=\"text-align: justify;\">\u00c0 la derni\u00e8re r\u00e9union du conseil d\u2019administration du club, il a \u00e9t\u00e9 question des personnes en ch\u00f4mage qui ont besoin d\u2019une formation en informatique ou en bureautique pour am\u00e9liorer leur employabilit\u00e9. Lorsque celles-ci s\u2019adressent au club, il a \u00e9t\u00e9 convenu de les diriger vers Michel\u00a0Gagn\u00e9 qui pourra les orienter vers des personnes-ressources ou des organismes qui peuvent leur offrir la formation requise. Bien s\u00fbr, ces personnes seront aussi invit\u00e9es \u00e0 profiter des activit\u00e9s offertes par le club.<\/p>\n<p style=\"text-align: justify;\"><!--more--><\/p>\n<p style=\"text-align: justify;\">Michel\u00a0Gagn\u00e9 a rappel\u00e9 l\u2019importance de tenir \u00e0 jour les renseignements sur les b\u00e9n\u00e9voles afin de pouvoir les rejoindre au besoin. Chaque membre du conseil d\u2019administration qui est parrain ou responsable d\u2019une activit\u00e9 doit voir \u00e0 ce que les membres de son \u00e9quipe soient bien identifi\u00e9s. Chaque b\u00e9n\u00e9vole est aussi invit\u00e9 \u00e0 communiquer avec son responsable pour mettre \u00e0 jour ses coordonn\u00e9es. Les responsables communiqueront tout changement \u00e0 Yolande\u00a0Beaudry qui a la responsabilit\u00e9 de tenir \u00e0 jour l\u2019information sur les b\u00e9n\u00e9voles du club.<\/p>\n<p style=\"text-align: justify;\">Le conseil d\u2019administration a ensuite d\u00e9cid\u00e9 de maintenir les orientations pr\u00e9sent\u00e9es par Raymonde\u00a0Lemay pour les communications internes et externes du club.<\/p>\n<ul>\n<li style=\"text-align: justify;\">Les communications internes sont essentiellement compos\u00e9es des messages envoy\u00e9s par courriel, chaque dimanche, \u00e0 l\u2019ensemble des membres. Ces messages annoncent les activit\u00e9s pr\u00e9vues dans la semaine suivante et sont, au besoin, accompagn\u00e9s d\u2019informations sur des \u00e9v\u00e9nements \u00e0 venir.<\/li>\n<\/ul>\n<ul>\n<li style=\"text-align: justify;\">Les communications externes prennent la forme de publicit\u00e9s gratuites ou pay\u00e9es dans les journaux locaux de Saint-Bruno et de Saint-Basile, ainsi que d\u2019informations publi\u00e9es dans le babillard communautaire de ces journaux et dans la brochure <em>Loisir<\/em><em> et culture<\/em> de la Ville de Saint-Bruno.<\/li>\n<\/ul>\n<p style=\"text-align: justify;\">Malheureusement, l\u2019information sur le club n\u2019a pas toujours \u00e9t\u00e9 publi\u00e9e dans le babillard communautaire par manque d\u2019espace r\u00e9serv\u00e9 \u00e0 ce babillard. Enfin, les membres du conseil ont regrett\u00e9 que la politique \u00e9ditoriale du journal de Sainte-Julie ne permette pas la publication d\u2019informations sur le club. Le club est pourtant ouvert \u00e0 la population de cette ville et des cours y sont offerts en collaboration avec la biblioth\u00e8que.<\/p>\n<p style=\"text-align: justify;\">Walter\u00a0Pearce a pr\u00e9sent\u00e9 le <em>R\u00e9pertoire de ressources pour les a\u00een\u00e9s<\/em> qu\u2019il a d\u00e9couvert par hasard. Le Club informatique Mont-Bruno y est pr\u00e9sent\u00e9 \u00e0 la page\u00a0198, mais l\u2019information publi\u00e9e est incompl\u00e8te. Raymonde\u00a0Lemay communiquera avec le Centre de soutien entre\u2019Aidants, \u00e9diteur du <em>R\u00e9pertoire<\/em>, pour lui demander d\u2019am\u00e9liorer le contenu de la fiche sur le club. Walter\u00a0Pearce a aussi mentionn\u00e9 qu\u2019il est possible de consulter la version \u00e9lectronique de ce <em>R\u00e9pertoire<\/em> sur le site de l\u2019organisme : <a href=\"http:\/\/www.aines-credelongueuil.org\/fr\/caal\/repertoire\/\">http:\/\/www.aines-credelongueuil.org\/fr\/caal\/repertoire\/<\/a>. On y trouve le club dans la cat\u00e9gorie \u00a0\u00ab Loisirs \u00bb.<\/p>\n<p style=\"text-align: justify;\">Le conseil d\u2019administration a confirm\u00e9 le maintien des diff\u00e9rentes activit\u00e9s sociales du club dont certaines sont destin\u00e9es \u00e0 l\u2019ensemble des membres\u00a0: le souper de No\u00ebl et la soir\u00e9e de cl\u00f4ture en mai. D&rsquo;autres sont destin\u00e9es \u00e0 remercier les b\u00e9n\u00e9voles de leur formidable contribution au club\u00a0: un brunch en janvier et un souper en fin d\u2019ann\u00e9e. Walter\u00a0Pearce et Gis\u00e8le\u00a0Massicote sont responsables de ces activit\u00e9s fort appr\u00e9ci\u00e9es.<\/p>\n<p style=\"text-align: justify;\">La r\u00e9union s\u2019est termin\u00e9e sur une note tr\u00e8s positive. Michel\u00a0Gagn\u00e9 a cit\u00e9 quelques commentaires enregistr\u00e9s \u00e0 la suite d\u2019articles publi\u00e9s sur le blogue. Des personnes ont ainsi t\u00e9moign\u00e9 des progr\u00e8s qu\u2019elles ont r\u00e9alis\u00e9s dans l\u2019utilisation de l\u2019informatique, et cela gr\u00e2ce \u00e0 la fr\u00e9quentation des activit\u00e9s du club. Ces t\u00e9moignages ont ravi les membres du conseil qui soulignent que ces remerciements sont destin\u00e9s \u00e0 tous les b\u00e9n\u00e9voles qui ont contribu\u00e9 \u00e0 cet heureux r\u00e9sultat.<\/p>\n<p>Sylvie Mazur<br \/>\nSecr\u00e9taire du CIMBC<\/p>\n","protected":false},"excerpt":{"rendered":"<p>\u00c0 la derni\u00e8re r\u00e9union du conseil d\u2019administration du club, il a \u00e9t\u00e9 question des personnes en ch\u00f4mage qui ont besoin d\u2019une formation en informatique ou en bureautique pour am\u00e9liorer leur employabilit\u00e9. Lorsque celles-ci s\u2019adressent au club, il a \u00e9t\u00e9 convenu de les diriger vers Michel\u00a0Gagn\u00e9 qui pourra les orienter vers des personnes-ressources ou des organismes &hellip; <a href=\"https:\/\/cimbcc.org\/test2\/echos-du-conseil-dadministration-decembre-2012\/\" class=\"more-link\">Continuer la lecture de <span class=\"screen-reader-text\">\u00c9chos du conseil d&rsquo;administration &#8211; d\u00e9cembre 2012<\/span>  <span class=\"meta-nav\">&rarr;<\/span><\/a><\/p>\n","protected":false},"author":43,"featured_media":0,"comment_status":"open","ping_status":"closed","sticky":false,"template":"","format":"standard","meta":{"footnotes":""},"categories":[386],"tags":[737,126,963,239,341,943],"class_list":["post-4069","post","type-post","status-publish","format-standard","hentry","category-echos-du-conseil-dadministration","tag-activites-sociales","tag-benevoles","tag-chomage","tag-commentaires","tag-communications","tag-messages-hebdomadaires"],"_links":{"self":[{"href":"https:\/\/cimbcc.org\/test2\/wp-json\/wp\/v2\/posts\/4069","targetHints":{"allow":["GET"]}}],"collection":[{"href":"https:\/\/cimbcc.org\/test2\/wp-json\/wp\/v2\/posts"}],"about":[{"href":"https:\/\/cimbcc.org\/test2\/wp-json\/wp\/v2\/types\/post"}],"author":[{"embeddable":true,"href":"https:\/\/cimbcc.org\/test2\/wp-json\/wp\/v2\/users\/43"}],"replies":[{"embeddable":true,"href":"https:\/\/cimbcc.org\/test2\/wp-json\/wp\/v2\/comments?post=4069"}],"version-history":[{"count":81,"href":"https:\/\/cimbcc.org\/test2\/wp-json\/wp\/v2\/posts\/4069\/revisions"}],"predecessor-version":[{"id":26084,"href":"https:\/\/cimbcc.org\/test2\/wp-json\/wp\/v2\/posts\/4069\/revisions\/26084"}],"wp:attachment":[{"href":"https:\/\/cimbcc.org\/test2\/wp-json\/wp\/v2\/media?parent=4069"}],"wp:term":[{"taxonomy":"category","embeddable":true,"href":"https:\/\/cimbcc.org\/test2\/wp-json\/wp\/v2\/categories?post=4069"},{"taxonomy":"post_tag","embeddable":true,"href":"https:\/\/cimbcc.org\/test2\/wp-json\/wp\/v2\/tags?post=4069"}],"curies":[{"name":"wp","href":"https:\/\/api.w.org\/{rel}","templated":true}]}}