{"id":40784,"date":"2022-08-18T22:00:10","date_gmt":"2022-08-19T02:00:10","guid":{"rendered":"https:\/\/cimbcc.org\/test2\/?p=40784"},"modified":"2023-10-16T22:11:08","modified_gmt":"2023-10-17T02:11:08","slug":"echos-du-conseil-dadministration-reunions-du-7-juin-et-du-2-aout-2022","status":"publish","type":"post","link":"https:\/\/cimbcc.org\/test2\/echos-du-conseil-dadministration-reunions-du-7-juin-et-du-2-aout-2022\/","title":{"rendered":"\u00c9chos du conseil d\u2019administration &#8211; r\u00e9unions du 7 juin et du 2 ao\u00fbt 2022"},"content":{"rendered":"<figure id=\"attachment_40789\" aria-describedby=\"caption-attachment-40789\" style=\"width: 474px\" class=\"wp-caption aligncenter\"><img loading=\"lazy\" decoding=\"async\" class=\"size-full wp-image-40789\" src=\"https:\/\/cimbcc.org\/test2\/wp-content\/uploads\/photo_conseil_dadministration_2021_2022.jpg\" alt=\"\" width=\"474\" height=\"342\" srcset=\"https:\/\/cimbcc.org\/test2\/wp-content\/uploads\/photo_conseil_dadministration_2021_2022.jpg 474w, https:\/\/cimbcc.org\/test2\/wp-content\/uploads\/photo_conseil_dadministration_2021_2022-300x216.jpg 300w\" sizes=\"auto, (max-width: 474px) 100vw, 474px\" \/><figcaption id=\"caption-attachment-40789\" class=\"wp-caption-text\">Dans l&rsquo;ordre habituel : Danielle Barab\u00e9, Nicole Comtois, Michel C\u00f4t\u00e9, R\u00e9jean C\u00f4t\u00e9, Berthe Demers, C\u00e9line Dufresne, Michel Gagn\u00e9, Richard Gervais, Sylvie Mazur, Michel Paul<\/figcaption><\/figure>\n<p style=\"text-align: justify;\">Les r\u00e9unions du 7\u00a0juin et du 2\u00a0ao\u00fbt marquent la fin de l\u2019ann\u00e9e pr\u00e9c\u00e9dente et le d\u00e9but de la nouvelle. Le conseil d\u2019administration y a fait le point sur les b\u00e9n\u00e9voles et sur les ateliers.<\/p>\n<p style=\"text-align: justify;\">Il a aussi consacr\u00e9 beaucoup de temps \u00e0 la pr\u00e9paration des activit\u00e9s de l\u2019automne prochain comme les cours dans les biblioth\u00e8ques, les activit\u00e9s de promotion du Club, la <em>Journ\u00e9e d\u2019information<\/em> annuelle et les s\u00e9ances du mercredi et du vendredi.<\/p>\n<p style=\"text-align: justify;\">Enfin, le conseil a pris connaissance de la mise \u00e0 jour du site Web effectu\u00e9e, en particulier, pour mieux rendre compte de la contribution de tous les b\u00e9n\u00e9voles du Club.<\/p>\n<p><!--more--><\/p>\n<hr \/>\n<h4 style=\"text-align: justify;\"><strong>B\u00e9n\u00e9voles\u00a0: nouvelles contributions<\/strong><\/h4>\n<p style=\"text-align: justify;\">Huguette Turgeon s\u2019est propos\u00e9e pour prendre la rel\u00e8ve de Berthe Demers en tant que coresponsable des <a href=\"https:\/\/cimbcc.org\/test2\/partage-de-connaissances\/les-ateliers\" target=\"_blank\" rel=\"noopener\">ateliers<\/a> avec Danielle Barab\u00e9. Huguette s\u2019est assur\u00e9 le soutien de Diane Jutras. Berthe Demers restera disponible pour accompagner Huguette dans ses premiers pas dans la gestion des ateliers.<\/p>\n<p style=\"text-align: justify;\">Pierre Lacroix s\u2019est joint \u00e0 l\u2019\u00e9quipe de l\u2019<a href=\"https:\/\/cimbcc.org\/test2\/entraide\/lassistance-par-courriel\" target=\"_blank\" rel=\"noopener\">assistance par courriel<\/a>. Il pourra venir en aide aux membres qui ont des difficult\u00e9s avec leur ordinateur Macintosh.<\/p>\n<p style=\"text-align: justify;\">Denis B\u00e9langer et Denis Dulude se joignent \u00e0 Raymonde Lemay pour former l\u2019\u00e9quipe des <a href=\"https:\/\/cimbcc.org\/test2\/autres-services\/communication-avec-les-membres-et-le-public\" target=\"_blank\" rel=\"noopener\">communications avec les membres et avec le public<\/a>.<\/p>\n<hr \/>\n<h4 style=\"text-align: justify;\"><strong>B\u00e9n\u00e9voles recherch\u00e9s\u00a0<\/strong><\/h4>\n<ul style=\"text-align: justify;\">\n<li>Une personne est recherch\u00e9e pour se joindre \u00e0 l\u2019\u00e9quipe de <a href=\"https:\/\/cimbcc.org\/test2\/autres-services\/adhesion-telephonique-et-accompagnement\" target=\"_blank\" rel=\"noopener\">l\u2019adh\u00e9sion t\u00e9l\u00e9phonique et accompagnement<\/a>. Cette personne pourra assurer l\u2019accueil t\u00e9l\u00e9phonique des personnes qui veulent adh\u00e9rer au Club ; un t\u00e9l\u00e9phone avec une ligne d\u00e9di\u00e9e est fourni par le Club.<\/li>\n<li>L\u2019\u00e9quipe de <a href=\"https:\/\/cimbcc.org\/test2\/entraide\/lassistance-par-courriel\" target=\"_blank\" rel=\"noopener\">l\u2019assistance par courriel<\/a> re\u00e7oit des demandes de plus en plus vari\u00e9es et complexes. L\u2019arriv\u00e9e de nouveaux collaborateurs est vivement souhait\u00e9e.<\/li>\n<li>La s\u00e9rie <em>D\u00e9couverte<\/em> des <a href=\"https:\/\/cimbcc.org\/test2\/nous-joindre\/nous-joindre-les-presentations-du-mercredi-et-du-vendredi\" target=\"_blank\" rel=\"noopener\">s\u00e9ances de pr\u00e9sentations<\/a> accueillera avec bonheur des propositions de nouveaux collaborateurs et collaboratrices.<\/li>\n<\/ul>\n<p style=\"text-align: justify;\">Pour offrir vos services, il est possible de communiquer avec la ou le responsable d\u2019une activit\u00e9 en cliquant sur le lien qui appara\u00eet dans le menu d\u00e9roulant de l\u2019onglet <a href=\"https:\/\/cimbcc.org\/test2\/nous-joindre\" target=\"_blank\" rel=\"noopener\">NOUS JOINDRE<\/a>.<\/p>\n<hr \/>\n<h4 style=\"text-align: justify;\"><strong>Les ateliers : bilan de l\u2019ann\u00e9e 2021-2022<\/strong><\/h4>\n<p style=\"text-align: justify;\">L\u2019ann\u00e9e derni\u00e8re fut remarquable par le nombre d\u2019<a href=\"https:\/\/cimbcc.org\/test2\/partage-de-connaissances\/les-ateliers\" target=\"_blank\" rel=\"noopener\">ateliers<\/a> propos\u00e9s avec un total de 28, par le nombre de r\u00e9unions et le nombre des inscriptions. Tous les ateliers se sont tenus en ligne \u00e0 l\u2019exception de trois ateliers qui se sont d\u00e9roul\u00e9s au <a href=\"https:\/\/cimbcc.org\/test2\/centre-communautaire\" target=\"_blank\" rel=\"noopener\">Centre communautaire de Saint-Bruno<\/a>. Cinq nouveaux ateliers ont \u00e9t\u00e9 propos\u00e9s aux membres. Sans surprise, les ateliers portant sur les appareils mobiles ont recueilli 52 % de toutes les inscriptions de l\u2019ann\u00e9e.<\/p>\n<p style=\"text-align: justify;\">Berthe Demers et Danielle Barab\u00e9 ont publi\u00e9 le 13 mai 2022 un article dans le CHIP o\u00f9 elles font un bilan plus d\u00e9taill\u00e9 de l\u2019ann\u00e9e 2021-2022. On peut y acc\u00e9der <a href=\"https:\/\/cimbcc.org\/test2\/bilan-des-ateliers-de-la-session-automne-2021-hiver-2022\" target=\"_blank\" rel=\"noopener\">en cliquant ici<\/a>.<\/p>\n<p style=\"text-align: justify;\">Les ateliers pr\u00e9vus pour l\u2019automne prochain peuvent d\u00e9j\u00e0 \u00eatre consult\u00e9s sur la page du site Web consacr\u00e9e aux <a href=\"https:\/\/cimbcc.org\/test2\/partage-de-connaissances\/les-ateliers\" target=\"_blank\" rel=\"noopener\">ateliers<\/a>.<\/p>\n<hr \/>\n<h4><strong>Cours dans les biblioth\u00e8ques<\/strong><\/h4>\n<p style=\"text-align: justify;\">Michel Gagn\u00e9, responsable des <a href=\"https:\/\/cimbcc.org\/test2\/partage-de-connaissances\/familiarisation-a-linternet\" target=\"_blank\" rel=\"noopener\">cours dans les biblioth\u00e8ques<\/a>, a rappel\u00e9 qu\u2019aucun cours d\u2019initiation n\u2019a \u00e9t\u00e9 donn\u00e9 depuis le printemps\u00a02020. Ils seront de nouveau offerts cet automne dans les biblioth\u00e8ques de <a href=\"https:\/\/cimbcc.org\/test2\/bibliotheque-de-saint-bruno\" target=\"_blank\" rel=\"noopener\">Saint-Bruno-de-Montarville<\/a>, de <a href=\"https:\/\/cimbcc.org\/test2\/bibliotheque-de-sainte-julie\" target=\"_blank\" rel=\"noopener\">Sainte-Julie<\/a> et de <a href=\"https:\/\/cimbcc.org\/test2\/bibliotheque-de-saint-basile\" target=\"_blank\" rel=\"noopener\">Saint-Basile-le-Grand<\/a>.<\/p>\n<p style=\"text-align: justify;\">Ces cours de deux jours sur l\u2019initiation \u00e0 la navigation sur Internet et au courrier \u00e9lectronique s\u2019adressent \u00e0 tous les d\u00e9butants. Ils sont compos\u00e9s d\u2019une partie th\u00e9orique et d\u2019une partie pratique. Il s\u2019agit d\u2019une formation sur ordinateur fonctionnant sous Windows. Ces cours n\u2019aborderont pas l\u2019utilisation des tablettes \u00e9lectroniques, des t\u00e9l\u00e9phones intelligents ou des ordinateurs Apple; des ateliers du Club permettent de d\u00e9velopper des comp\u00e9tences dans l\u2019utilisation de certains de ces \u00e9quipements.<\/p>\n<p style=\"text-align: justify;\">L\u2019\u00e9quipe des instructeurs est nombreuse, stable et exp\u00e9riment\u00e9e.<\/p>\n<hr \/>\n<h4><strong>Promotion du Club et <em>Journ\u00e9e d\u2019information<\/em><\/strong><\/h4>\n<p style=\"text-align: justify;\">Le Club a accept\u00e9 l\u2019offre de la Ville de Saint-Bruno de participer \u00e0 la <em>Foire des organismes<\/em> du 14\u00a0ao\u00fbt et au <a href=\"https:\/\/stbruno.ca\/loisirs-et-culture\/evenements\/marche-public-de-saint-bruno\/\" target=\"_blank\" rel=\"noopener\"><em>March\u00e9 public<\/em><\/a> du 3 septembre. Deux b\u00e9n\u00e9voles du Club y informeront les visiteurs sur le Club et sur son offre de services.<\/p>\n<p style=\"text-align: justify;\">La <strong><em>Journ\u00e9e d\u2019information<\/em><\/strong> annuelle se tiendra le <strong>mardi\u00a06\u00a0septembre<\/strong> au <a href=\"https:\/\/cimbcc.org\/test2\/centre-communautaire\" target=\"_blank\" rel=\"noopener\">Centre communautaire de Saint-Bruno<\/a> <strong>de 14\u00a0h \u00e0 16\u00a0h\u00a030<\/strong>. La coordonnatrice de la <a href=\"https:\/\/cimbcc.org\/test2\/autres-services\/journee-dinformation\" target=\"_blank\" rel=\"noopener\"><em>Journ\u00e9e d\u2019information<\/em><\/a>, Nicole Comtois, a confirm\u00e9 que la r\u00e9servation des salles a \u00e9t\u00e9 faite et que les services des b\u00e9n\u00e9voles n\u00e9cessaires ont \u00e9t\u00e9 retenus.<\/p>\n<p style=\"text-align: justify;\">Michel Gagn\u00e9 y animera une pr\u00e9sentation sur le Club d\u00e8s 14 h 30. Cette pr\u00e9sentation sera r\u00e9p\u00e9t\u00e9e le soir m\u00eame par vid\u00e9oconf\u00e9rence \u00e0 compter de 19 h 30. Le lien pour participer \u00e0 cette activit\u00e9 en ligne et se connecter \u00e0 Zoom sera fourni dans le message hebdomadaire qui sera envoy\u00e9 aux membres quelques jours avant l\u2019\u00e9v\u00e9nement.<\/p>\n<p style=\"text-align: justify;\">Tous sont incit\u00e9s \u00e0 inviter parents et amis \u00e0 assister \u00e0 la <em>Journ\u00e9e d\u2019information<\/em>, en salle ou en ligne, afin de profiter de l\u2019occasion pour mieux conna\u00eetre le Club et d\u2019en devenir membres.<\/p>\n<hr \/>\n<h4><strong>S\u00e9ances de pr\u00e9sentations du mercredi et du vendredi<\/strong><\/h4>\n<p style=\"text-align: justify;\">C\u00e9line Dufresne partage la responsabilit\u00e9 des <a href=\"https:\/\/cimbcc.org\/test2\/partage-de-connaissances\/les-presentations-du-mercredi-et-du-vendredi\" target=\"_blank\" rel=\"noopener\">s\u00e9ances du mercredi et du vendredi<\/a> avec Guy B\u00e9langer. Ensemble, ils ont planifi\u00e9 les s\u00e9ances de l\u2019ann\u00e9e\u00a02022-2023 gr\u00e2ce \u00e0 la collaboration des pr\u00e9sentatrices et pr\u00e9sentateurs.<\/p>\n<p style=\"text-align: justify;\">Les calendriers des trois s\u00e9ries de pr\u00e9sentations peuvent d\u00e9j\u00e0 \u00eatre consult\u00e9s sur le site du Club. <strong>Les s\u00e9ances du <span style=\"text-decoration: underline;\">mercredi soir<\/span> se d\u00e9rouleront en ligne<\/strong> gr\u00e2ce \u00e0 l\u2019application Zoom. <strong>Celles du <span style=\"text-decoration: underline;\">vendredi apr\u00e8s-midi<\/span> se tiendront au Chalet Marie-Victorin et seront diffus\u00e9es simultan\u00e9ment en ligne<\/strong> : elles seront donc pr\u00e9sent\u00e9es en mode hybride l\u2019automne prochain.<\/p>\n<p style=\"text-align: justify;\">Comme mentionn\u00e9 un peu plus haut, le lien pour se connecter \u00e0 Zoom sera fourni dans le message hebdomadaire envoy\u00e9 aux membres quelques jours avant les s\u00e9ances.<\/p>\n<p style=\"text-align: justify;\">La saison d\u00e9butera par deux s\u00e9ances hors-s\u00e9ries.<\/p>\n<ul style=\"text-align: justify;\">\n<li>Celle du <strong>mercredi\u00a07\u00a0septembre<\/strong> proposera une pr\u00e9sentation sur <a href=\"https:\/\/zoom.us\/\" target=\"_blank\" rel=\"noopener\">Zoom<\/a> afin de mieux utiliser cette application.<\/li>\n<li>Une innovation occupera la s\u00e9ance du <strong>mercredi\u00a014\u00a0septembre<\/strong>\u00a0: le lancement de l\u2019ann\u00e9e pour informer les membres des nouveaut\u00e9s pr\u00e9vues dans les activit\u00e9s du Club.<\/li>\n<\/ul>\n<p style=\"text-align: justify;\">La <a href=\"https:\/\/cimbcc.org\/test2\/wp-content\/uploads\/calendrier_serie_facile.pdf\" target=\"_blank\" rel=\"noopener\">s\u00e9rie <em>Facile<\/em><\/a> occupera les vendredis apr\u00e8s-midi de l\u2019automne, du <strong>16\u00a0septembre au 2\u00a0d\u00e9cembre<\/strong>. Le contenu de ces 13\u00a0s\u00e9ances sera repris en ligne les mercredis de l\u2019hiver prochain.<\/p>\n<p style=\"text-align: justify;\">La <a href=\"https:\/\/cimbcc.org\/test2\/wp-content\/uploads\/calendrier_serie_decouverte.pdf\" target=\"_blank\" rel=\"noopener\">s\u00e9rie <em>D\u00e9couverte<\/em><\/a> pr\u00e9voit 9\u00a0s\u00e9ances en ligne le mercredi soir, du <strong>21\u00a0septembre au 16\u00a0novembre<\/strong>. L\u2019assembl\u00e9e g\u00e9n\u00e9rale annuelle occupera la premi\u00e8re partie de la s\u00e9ance du <strong>19\u00a0octobre<\/strong>. L\u2019hiver prochain, la s\u00e9rie <em>D\u00e9couverte<\/em> sera reprise le vendredi apr\u00e8s-midi.<\/p>\n<p style=\"text-align: justify;\">La s\u00e9rie <a href=\"https:\/\/cimbcc.org\/test2\/wp-content\/uploads\/calendrier_serie_ios_android.pdf\" target=\"_blank\" rel=\"noopener\"><em>iOS &amp; Android<\/em><\/a> occupera <strong>deux mercredis cet automne<\/strong>. Ces s\u00e9ances seront reprises l\u2019hiver prochain et la s\u00e9rie sera compl\u00e9t\u00e9e par deux autres s\u00e9ances dont le contenu reste \u00e0 pr\u00e9ciser.<\/p>\n<p style=\"text-align: justify;\">Le conseil d\u2019administration d\u00e9cidera \u00e0 la fin de l\u2019automne des modalit\u00e9s \u00e0 retenir pour les s\u00e9ances du vendredi de l\u2019hiver prochain\u00a0: maintien ou non du mode hybride en fonction du nombre de membres pr\u00e9sents au Chalet Marie-Victorin au cours de l\u2019automne.<\/p>\n<hr \/>\n<h4><strong>Mise \u00e0 jour du site Web <\/strong><\/h4>\n<p style=\"text-align: justify;\">Le site Web <a href=\"https:\/\/cimbcc.org\/test2\/\" target=\"_blank\" rel=\"noopener\">cimbcc.org<\/a> a fait l\u2019objet d\u2019une mise \u00e0 jour pour mieux rendre compte des diverses activit\u00e9s du Club. Non seulement chaque activit\u00e9 est d\u00e9crite, mais les b\u00e9n\u00e9voles qui y contribuent sont mentionn\u00e9s.<\/p>\n<p style=\"text-align: justify;\">Le lien <a href=\"https:\/\/cimbcc.org\/test2\/a-propos-du-club\/nos-activites\" target=\"_blank\" rel=\"noopener\">NOS ACTIVIT\u00c9S<\/a> est nouveau sous l\u2019onglet <a href=\"https:\/\/cimbcc.org\/test2\/a-propos-du-club\" target=\"_blank\" rel=\"noopener\">\u00c0 PROPOS DU CLUB<\/a>. Il m\u00e8ne \u00e0 une page qui pr\u00e9sente l\u2019ensemble des activit\u00e9s du Club\u00a0: les activit\u00e9s de partage de connaissances et d\u2019entraide, les autres services destin\u00e9s aux membres ainsi que les activit\u00e9s administratives n\u00e9cessaires pour faire fonctionner le Club. Un lien permet d\u2019ouvrir la page de chacune de ces activit\u00e9s.<\/p>\n<p style=\"text-align: justify;\">Le menu d\u00e9roulant sous l\u2019onglet <a href=\"https:\/\/cimbcc.org\/test2\/autres-services\" target=\"_blank\" rel=\"noopener\">AUTRES SERVICES<\/a> permet d\u2019ouvrir la page des services destin\u00e9s aux membres qui ne rel\u00e8vent pas du partage de connaissances et de l\u2019entraide, mais qui sont tout aussi importants.<\/p>\n<p style=\"text-align: justify;\">Les <a href=\"https:\/\/cimbcc.org\/test2\/partage-de-connaissances\/les-tutoriels\" target=\"_blank\" rel=\"noopener\">TUTORIELS<\/a>, sous l\u2019onglet <a href=\"https:\/\/cimbcc.org\/test2\/partage-de-connaissances\" target=\"_blank\" rel=\"noopener\">PARTAGE DE CONNAISSANCES<\/a>, ont presque tous \u00e9t\u00e9 mis \u00e0 jour.<\/p>\n<p style=\"text-align: justify;\">La mention des restrictions dues \u00e0 la COVID-19 a \u00e9t\u00e9 r\u00e9duite au minimum.<\/p>\n<p style=\"text-align: justify;\">Sylvie Mazur, secr\u00e9taire du conseil d\u2019administration<\/p>\n","protected":false},"excerpt":{"rendered":"<p>Les r\u00e9unions du 7\u00a0juin et du 2\u00a0ao\u00fbt marquent la fin de l\u2019ann\u00e9e pr\u00e9c\u00e9dente et le d\u00e9but de la nouvelle. Le conseil d\u2019administration y a fait le point sur les b\u00e9n\u00e9voles et sur les ateliers. Il a aussi consacr\u00e9 beaucoup de temps \u00e0 la pr\u00e9paration des activit\u00e9s de l\u2019automne prochain comme les cours dans les biblioth\u00e8ques, &hellip; <a href=\"https:\/\/cimbcc.org\/test2\/echos-du-conseil-dadministration-reunions-du-7-juin-et-du-2-aout-2022\/\" class=\"more-link\">Continuer la lecture de <span class=\"screen-reader-text\">\u00c9chos du conseil d\u2019administration &#8211; r\u00e9unions du 7 juin et du 2 ao\u00fbt 2022<\/span>  <span class=\"meta-nav\">&rarr;<\/span><\/a><\/p>\n","protected":false},"author":43,"featured_media":0,"comment_status":"open","ping_status":"closed","sticky":false,"template":"","format":"standard","meta":{"footnotes":""},"categories":[386],"tags":[269,126,906,371,370,390,1513,143,271,125],"class_list":["post-40784","post","type-post","status-publish","format-standard","hentry","category-echos-du-conseil-dadministration","tag-ateliers","tag-benevoles","tag-cours-dans-les-bibliotheques","tag-decouverte","tag-facile","tag-ios","tag-ios-et-android","tag-journee-dinformation-et-dinscription","tag-presentations","tag-site-web"],"_links":{"self":[{"href":"https:\/\/cimbcc.org\/test2\/wp-json\/wp\/v2\/posts\/40784","targetHints":{"allow":["GET"]}}],"collection":[{"href":"https:\/\/cimbcc.org\/test2\/wp-json\/wp\/v2\/posts"}],"about":[{"href":"https:\/\/cimbcc.org\/test2\/wp-json\/wp\/v2\/types\/post"}],"author":[{"embeddable":true,"href":"https:\/\/cimbcc.org\/test2\/wp-json\/wp\/v2\/users\/43"}],"replies":[{"embeddable":true,"href":"https:\/\/cimbcc.org\/test2\/wp-json\/wp\/v2\/comments?post=40784"}],"version-history":[{"count":10,"href":"https:\/\/cimbcc.org\/test2\/wp-json\/wp\/v2\/posts\/40784\/revisions"}],"predecessor-version":[{"id":40801,"href":"https:\/\/cimbcc.org\/test2\/wp-json\/wp\/v2\/posts\/40784\/revisions\/40801"}],"wp:attachment":[{"href":"https:\/\/cimbcc.org\/test2\/wp-json\/wp\/v2\/media?parent=40784"}],"wp:term":[{"taxonomy":"category","embeddable":true,"href":"https:\/\/cimbcc.org\/test2\/wp-json\/wp\/v2\/categories?post=40784"},{"taxonomy":"post_tag","embeddable":true,"href":"https:\/\/cimbcc.org\/test2\/wp-json\/wp\/v2\/tags?post=40784"}],"curies":[{"name":"wp","href":"https:\/\/api.w.org\/{rel}","templated":true}]}}