{"id":41033,"date":"2022-08-26T21:00:54","date_gmt":"2022-08-27T01:00:54","guid":{"rendered":"https:\/\/cimbcc.org\/test2\/?p=41033"},"modified":"2023-10-16T22:11:08","modified_gmt":"2023-10-17T02:11:08","slug":"partir-du-bon-pied-a-lautomne-2022-avec-la-plus-recente-version-de-zoom","status":"publish","type":"post","link":"https:\/\/cimbcc.org\/test2\/partir-du-bon-pied-a-lautomne-2022-avec-la-plus-recente-version-de-zoom\/","title":{"rendered":"Partir du bon pied \u00e0 l&rsquo;automne 2022 avec la plus r\u00e9cente version de Zoom"},"content":{"rendered":"<figure id=\"attachment_43393\" aria-describedby=\"caption-attachment-43393\" style=\"width: 125px\" class=\"wp-caption aligncenter\"><a href=\"https:\/\/cimbcc.org\/test2\/wp-content\/uploads\/photo_delisle_pierre.jpg\"><img loading=\"lazy\" decoding=\"async\" class=\"wp-image-43393 size-full\" src=\"https:\/\/cimbcc.org\/test2\/wp-content\/uploads\/photo_delisle_pierre.jpg\" alt=\"\" width=\"125\" height=\"126\" \/><\/a><figcaption id=\"caption-attachment-43393\" class=\"wp-caption-text\">Pierre Delisle<\/figcaption><\/figure>\n<p style=\"text-align: justify;\">Non, mais il s\u2019en passe-tu des affaires dans un \u00e9t\u00e9 ? En tant que membres exemplaires, vous vous souciez de mettre \u00e0 jour votre logiciel <a href=\"https:\/\/zoom.us\/\" target=\"_blank\" rel=\"noopener\">Zoom<\/a>. Lors de votre derni\u00e8re utilisation dans le cadre des pr\u00e9sentations du club, vous aviez install\u00e9 la version 5.10.4. Excellent\u00a0!!! Et l\u00e0, vous vous pr\u00e9parez ad\u00e9quatement \u00e0 la prochaine saison et vous installez la version \u2026 euh ! \u2026 5.11.9.<\/p>\n<p><img loading=\"lazy\" decoding=\"async\" class=\"aligncenter size-full wp-image-41035\" src=\"https:\/\/cimbcc.org\/test2\/wp-content\/uploads\/chip_2022_08_zoom_1.jpg\" alt=\"\" width=\"298\" height=\"105\" \/><\/p>\n<p style=\"text-align: justify;\">En fait, depuis ma pr\u00e9sentation du <a href=\"https:\/\/cimbcc.org\/test2\/zoom-version-5-9-1-etes-vous-pret-ou-prete-pour-la-saison-hiver-2022\" target=\"_blank\" rel=\"noopener\">11 janvier 2022<\/a> au sujet des mises \u00e0 jour de Zoom, <a href=\"https:\/\/support.zoom.us\/hc\/fr\/categories\/4415113014797-Notes-de-publication\" target=\"_blank\" rel=\"noopener\">il y en a eu 85, dont 17 nouvelles versions<\/a>. Mais n\u2019ayez crainte, votre retour ne sera pas douloureux. En fait, je n\u2019ai remarqu\u00e9 que 7 changements mineurs qui pourraient am\u00e9liorer votre exp\u00e9rience en tant que participant et 16 am\u00e9liorations pour les animateurs.<\/p>\n<p style=\"text-align: justify;\">Voyons donc bri\u00e8vement ces changements qui feront partie int\u00e9grante de ma pr\u00e9sentation du <strong><span style=\"color: #ff0000;\">7 septembre 2022<\/span> \u00e0 19 h 30<\/strong>.<\/p>\n<p><!--more--><\/p>\n<h5><em>Mises \u00e0 jour automatiques\u00a0<\/em><\/h5>\n<p style=\"text-align: justify;\">Possibilit\u00e9 de configurer Zoom pour qu\u2019il se mette \u00e0 jour lui-m\u00eame lorsque les mises \u00e0 jour les plus importantes sont disponibles pour l\u2019installation. En fait, sans que vous passiez par la v\u00e9rification volontaire de votre version, Zoom vous proposera de mettre \u00e0 jour votre version.<\/p>\n<h5><em>Prise en charge de la vue Galerie 7&#215;7<\/em><\/h5>\n<p style=\"text-align: justify;\">Jusqu\u2019ici, le nombre maximal de jolies binettes que nous voyions sur Windows, dans le format Galerie, \u00e9tait de 25. Si votre ordinateur et votre carte graphique le permettent, vous pourriez voir 49 personnes en m\u00eame temps, par page.<\/p>\n<h5><em>Prise en charge des avatars<\/em><\/h5>\n<p style=\"text-align: justify;\">Vous aimeriez \u00eatre identifi\u00e9 par une image, et non par votre nom ou votre photo, vous pouvez maintenant choisir un avatar pour vous repr\u00e9senter au cours d\u2019une r\u00e9union.<\/p>\n<p><img loading=\"lazy\" decoding=\"async\" class=\"aligncenter size-full wp-image-41037\" src=\"https:\/\/cimbcc.org\/test2\/wp-content\/uploads\/chip_2022_08_zoom_2.jpg\" alt=\"\" width=\"259\" height=\"122\" \/><\/p>\n<h5><em>Prise en charge du mode sombre<\/em><\/h5>\n<p style=\"text-align: justify;\">Le blanc de votre \u00e9cran vous \u00e9blouit. S\u00e9lectionnez plut\u00f4t \u00ab <strong>fonc\u00e9e<\/strong> \u00bb dans les param\u00e8tres du th\u00e8me.<\/p>\n<p><img loading=\"lazy\" decoding=\"async\" class=\"aligncenter size-full wp-image-41038\" src=\"https:\/\/cimbcc.org\/test2\/wp-content\/uploads\/chip_2022_08_zoom_3.jpg\" alt=\"\" width=\"108\" height=\"56\" \/><\/p>\n<h5><em>Fin de la prise en charge d\u2019<a href=\"https:\/\/fr.wikipedia.org\/wiki\/IOS_8\" target=\"_blank\" rel=\"noopener\">iOS 8<\/a> et <a href=\"https:\/\/fr.wikipedia.org\/wiki\/IOS_9\" target=\"_blank\" rel=\"noopener\">iOS 9<\/a><\/em><\/h5>\n<p style=\"text-align: justify;\">Si vous avez un iPad <a href=\"https:\/\/fr.wikipedia.org\/wiki\/IPad_(1re_g%C3%A9n%C3%A9ration)\" target=\"_blank\" rel=\"noopener\">version 1<\/a>, <a href=\"https:\/\/fr.wikipedia.org\/wiki\/IPad_2\" target=\"_blank\" rel=\"noopener\">2<\/a> ou <a href=\"https:\/\/fr.wikipedia.org\/wiki\/IPad_(3e_g%C3%A9n%C3%A9ration)\" target=\"_blank\" rel=\"noopener\">3<\/a>, vous ne pourrez plus utiliser le client Zoom. Pour les iPhone, je crois que ce seront tous les mod\u00e8les pr\u00e9c\u00e9dents le <a href=\"https:\/\/fr.wikipedia.org\/wiki\/IPhone_5\" target=\"_blank\" rel=\"noopener\">iPhone 5<\/a>. Je sens que ce sera bient\u00f4t le tour de mon <a href=\"https:\/\/fr.wikipedia.org\/wiki\/IPad_(4e_g%C3%A9n%C3%A9ration)\" target=\"_blank\" rel=\"noopener\">iPad 4<\/a> de prendre l\u2019bord \u2026<\/p>\n<h5 style=\"text-align: justify;\"><em>Prise en charge de la reconnaissance gestuelle<\/em><\/h5>\n<p style=\"text-align: justify;\">Ah bien l\u00e0, plusieurs seront heureux ! Ceux qui levaient leur main devant leur \u00e9cran pour poser une question. Imaginez que Zoom <strong>r\u00e9agit maintenant aux gestes visuels de la main<\/strong>, tels qu\u2019une main lev\u00e9e et affiche automatiquement une r\u00e9action de r\u00e9union correspondante. Cette fonctionnalit\u00e9 prend actuellement en charge les r\u00e9actions <strong>Lever la main<\/strong> et <strong>Pouce lev\u00e9<\/strong>.<\/p>\n<p><img loading=\"lazy\" decoding=\"async\" class=\"aligncenter size-full wp-image-41039\" src=\"https:\/\/cimbcc.org\/test2\/wp-content\/uploads\/chip_2022_08_zoom_4.jpg\" alt=\"\" width=\"542\" height=\"159\" srcset=\"https:\/\/cimbcc.org\/test2\/wp-content\/uploads\/chip_2022_08_zoom_4.jpg 542w, https:\/\/cimbcc.org\/test2\/wp-content\/uploads\/chip_2022_08_zoom_4-300x88.jpg 300w\" sizes=\"auto, (max-width: 542px) 100vw, 542px\" \/><\/p>\n<h5><em>Sensibilisation accrue \u00e0 la r\u00e9action aux r\u00e9unions<\/em><\/h5>\n<p style=\"text-align: justify;\">Parlant des r\u00e9actions, il y aura des indications plus claires sur la r\u00e9action ou les commentaires non verbaux choisis. Ils demeureront visibles juste au-dessus du bouton <strong>R\u00e9actions<\/strong>.<\/p>\n<h5><img loading=\"lazy\" decoding=\"async\" class=\"aligncenter size-full wp-image-41040\" src=\"https:\/\/cimbcc.org\/test2\/wp-content\/uploads\/chip_2022_08_zoom_5.jpg\" alt=\"\" width=\"581\" height=\"204\" srcset=\"https:\/\/cimbcc.org\/test2\/wp-content\/uploads\/chip_2022_08_zoom_5.jpg 581w, https:\/\/cimbcc.org\/test2\/wp-content\/uploads\/chip_2022_08_zoom_5-300x105.jpg 300w\" sizes=\"auto, (max-width: 581px) 100vw, 581px\" \/><\/h5>\n<h5><em>Faites vos mises \u00e0 jour !<\/em><\/h5>\n<p style=\"text-align: justify;\">Et voil\u00e0 ! Pas si terrible ! N\u2019oubliez pas de mettre \u00e0 jour votre Zoom. Si vous voulez vous rafra\u00eechir la m\u00e9moire sur la fa\u00e7on de proc\u00e9der, <a href=\"https:\/\/support.zoom.us\/hc\/fr\/articles\/201362233-Mettre-%C3%A0-jour-vers-la-derni%C3%A8re-version-de-Zoom\" target=\"_blank\" rel=\"noopener\">cliquez ici<\/a> pour la mise \u00e0 jour sur un ordinateur ou <a href=\"https:\/\/support.zoom.us\/hc\/fr\/articles\/201362233-Mettre-%C3%A0-jour-vers-la-derni%C3%A8re-version-de-Zoom#:~:text=zoom.us%2Fdownload2-,Mettre%20%C3%A0%20jour%20l'application%20mobile%20Zoom%20pour%20iOS%20ou,une%20nouvelle%20mise%20%C3%A0%20jour.\" target=\"_blank\" rel=\"noopener\">cliquez ici<\/a> pour la mise \u00e0 jour sur une tablette iPad ou Android.<\/p>\n<h5><em>Invitation \u00e0 toutes et tous<\/em><\/h5>\n<p style=\"text-align: justify;\">Donc, on se revoit le <span style=\"color: #ff0000;\"><strong>7 septembre<\/strong><\/span>. La pr\u00e9sentation sera compl\u00e9t\u00e9e avec des explications sur les pr\u00e9sentations hybrides, c&rsquo;est-\u00e0-dire celles simultan\u00e9ment en pr\u00e9sentiel et en Zoom, de m\u00eame qu\u2019un rappel sur les principales actions \u00e0 faire sur Zoom et, naturellement, des r\u00e9ponses \u00e0 vos questions Zoom.<\/p>\n<p>Pierre Delisle<\/p>\n","protected":false},"excerpt":{"rendered":"<p>Non, mais il s\u2019en passe-tu des affaires dans un \u00e9t\u00e9 ? En tant que membres exemplaires, vous vous souciez de mettre \u00e0 jour votre logiciel Zoom. Lors de votre derni\u00e8re utilisation dans le cadre des pr\u00e9sentations du club, vous aviez install\u00e9 la version 5.10.4. Excellent\u00a0!!! Et l\u00e0, vous vous pr\u00e9parez ad\u00e9quatement \u00e0 la prochaine saison &hellip; <a href=\"https:\/\/cimbcc.org\/test2\/partir-du-bon-pied-a-lautomne-2022-avec-la-plus-recente-version-de-zoom\/\" class=\"more-link\">Continuer la lecture de <span class=\"screen-reader-text\">Partir du bon pied \u00e0 l&rsquo;automne 2022 avec la plus r\u00e9cente version de Zoom<\/span>  <span class=\"meta-nav\">&rarr;<\/span><\/a><\/p>\n","protected":false},"author":43,"featured_media":0,"comment_status":"open","ping_status":"closed","sticky":false,"template":"","format":"standard","meta":{"footnotes":""},"categories":[402],"tags":[600,271,1277,1190],"class_list":["post-41033","post","type-post","status-publish","format-standard","hentry","category-activites-du-club","tag-mise-a-jour","tag-presentations","tag-videoconference","tag-zoom"],"_links":{"self":[{"href":"https:\/\/cimbcc.org\/test2\/wp-json\/wp\/v2\/posts\/41033","targetHints":{"allow":["GET"]}}],"collection":[{"href":"https:\/\/cimbcc.org\/test2\/wp-json\/wp\/v2\/posts"}],"about":[{"href":"https:\/\/cimbcc.org\/test2\/wp-json\/wp\/v2\/types\/post"}],"author":[{"embeddable":true,"href":"https:\/\/cimbcc.org\/test2\/wp-json\/wp\/v2\/users\/43"}],"replies":[{"embeddable":true,"href":"https:\/\/cimbcc.org\/test2\/wp-json\/wp\/v2\/comments?post=41033"}],"version-history":[{"count":12,"href":"https:\/\/cimbcc.org\/test2\/wp-json\/wp\/v2\/posts\/41033\/revisions"}],"predecessor-version":[{"id":44106,"href":"https:\/\/cimbcc.org\/test2\/wp-json\/wp\/v2\/posts\/41033\/revisions\/44106"}],"wp:attachment":[{"href":"https:\/\/cimbcc.org\/test2\/wp-json\/wp\/v2\/media?parent=41033"}],"wp:term":[{"taxonomy":"category","embeddable":true,"href":"https:\/\/cimbcc.org\/test2\/wp-json\/wp\/v2\/categories?post=41033"},{"taxonomy":"post_tag","embeddable":true,"href":"https:\/\/cimbcc.org\/test2\/wp-json\/wp\/v2\/tags?post=41033"}],"curies":[{"name":"wp","href":"https:\/\/api.w.org\/{rel}","templated":true}]}}