{"id":41363,"date":"2022-09-04T19:00:29","date_gmt":"2022-09-04T23:00:29","guid":{"rendered":"https:\/\/cimbcc.org\/test2\/?p=41363"},"modified":"2023-10-16T22:11:08","modified_gmt":"2023-10-17T02:11:08","slug":"ainees-aines-et-outils-numeriques-un-bel-amalgame","status":"publish","type":"post","link":"https:\/\/cimbcc.org\/test2\/ainees-aines-et-outils-numeriques-un-bel-amalgame\/","title":{"rendered":"A\u00een\u00e9es, a\u00een\u00e9s et outils num\u00e9riques : un bel amalgame !"},"content":{"rendered":"<figure id=\"attachment_43393\" aria-describedby=\"caption-attachment-43393\" style=\"width: 125px\" class=\"wp-caption aligncenter\"><a href=\"https:\/\/cimbcc.org\/test2\/wp-content\/uploads\/photo_delisle_pierre.jpg\"><img loading=\"lazy\" decoding=\"async\" class=\"wp-image-43393 size-full\" src=\"https:\/\/cimbcc.org\/test2\/wp-content\/uploads\/photo_delisle_pierre.jpg\" alt=\"\" width=\"125\" height=\"126\" \/><\/a><figcaption id=\"caption-attachment-43393\" class=\"wp-caption-text\">Pierre Delisle<\/figcaption><\/figure>\n<h4>Volet 1 de 3 &#8211;<br \/>\nStatistiques d\u00e9mographiques et taux d&rsquo;utilisation<\/h4>\n<p style=\"text-align: justify;\">Qui a dit que les a\u00een\u00e9(e)s et les outils num\u00e9riques ne faisaient pas bon m\u00e9nage ? Les membres s\u00e9niors du club en sont les preuves vivantes. Mais, il est aussi vrai que certains demeurent r\u00e9ticents face aux nouvelles technologies.<\/p>\n<p style=\"text-align: justify;\">Le contexte exceptionnel v\u00e9cu depuis 2020 avec le confinement a pouss\u00e9 la grande majorit\u00e9 des a\u00een\u00e9(e)s \u00e0 utiliser la technologie pour s\u2019informer, pour s\u2019inscrire, mais surtout, pour diversifier leurs moyens de communication. D\u00c9FI RELEV\u00c9 : F\u00c9LICITATIONS !<\/p>\n<p style=\"text-align: justify;\">Voici le premier volet d\u2019une s\u00e9rie de trois articles au sujet des ain\u00e9(e)s en lien avec quelques ramifications num\u00e9riques. Nous nous attarderons tout d&rsquo;abord \u00e0 des projections d\u00e9mographiques, puis \u00e0 la r\u00e9alit\u00e9 statistique actuelle.<\/p>\n<p><!--more--><\/p>\n<h4>Projection vers l\u2019avenir<\/h4>\n<p style=\"text-align: justify;\">D\u2019ici 2061, la population qu\u00e9b\u00e9coise de 65 ans et plus conna\u00eetra une forte croissance pendant que les groupes plus jeunes enregistreront une croissance beaucoup plus mod\u00e9r\u00e9e. Et parmi ces a\u00een\u00e9(e)s, ce sont les groupes les plus \u00e2g\u00e9s qui auront la croissance la plus marqu\u00e9e, comme nous l\u2019explique dans <a href=\"https:\/\/youtu.be\/F7Zl0Pkm9qU\" target=\"_blank\" rel=\"noopener\">cet extrait vid\u00e9o<\/a> le docteur Philippe Voyer, Ph. D. en sciences infirmi\u00e8res, dans un contexte de soin de sant\u00e9 \u00e0 domicile.<\/p>\n<p style=\"text-align: justify;\">Dans le graphique suivant, le groupe des 85 ans et plus est en forte croissance jusqu&rsquo;en 2051, alors que les deux autres cohortes sont en augmentation beaucoup plus modeste.<\/p>\n<figure id=\"attachment_41367\" aria-describedby=\"caption-attachment-41367\" style=\"width: 1154px\" class=\"wp-caption aligncenter\"><a href=\"https:\/\/cimbcc.org\/test2\/wp-content\/uploads\/chip_2022_09_aines_1_1.jpg\" target=\"_blank\" rel=\"noopener\"><img loading=\"lazy\" decoding=\"async\" class=\"size-full wp-image-41367\" src=\"https:\/\/cimbcc.org\/test2\/wp-content\/uploads\/chip_2022_09_aines_1_1.jpg\" alt=\"\" width=\"1154\" height=\"514\" srcset=\"https:\/\/cimbcc.org\/test2\/wp-content\/uploads\/chip_2022_09_aines_1_1.jpg 1154w, https:\/\/cimbcc.org\/test2\/wp-content\/uploads\/chip_2022_09_aines_1_1-300x134.jpg 300w, https:\/\/cimbcc.org\/test2\/wp-content\/uploads\/chip_2022_09_aines_1_1-1024x456.jpg 1024w, https:\/\/cimbcc.org\/test2\/wp-content\/uploads\/chip_2022_09_aines_1_1-768x342.jpg 768w\" sizes=\"auto, (max-width: 1154px) 100vw, 1154px\" \/><\/a><figcaption id=\"caption-attachment-41367\" class=\"wp-caption-text\">Cliquez sur l&rsquo;image pour l&rsquo;agrandir<\/figcaption><\/figure>\n<p style=\"text-align: justify;\">Dans votre club informatique, environ 90 % des participants aux pr\u00e9sentations font partie des plus de 65 ans comme le montre le graphique ci-dessous.<\/p>\n<figure id=\"attachment_41368\" aria-describedby=\"caption-attachment-41368\" style=\"width: 1064px\" class=\"wp-caption alignnone\"><a href=\"https:\/\/cimbcc.org\/test2\/wp-content\/uploads\/chip_2022_09_aines_1_2.jpg\" target=\"_blank\" rel=\"noopener\"><img loading=\"lazy\" decoding=\"async\" class=\"size-full wp-image-41368\" src=\"https:\/\/cimbcc.org\/test2\/wp-content\/uploads\/chip_2022_09_aines_1_2.jpg\" alt=\"\" width=\"1064\" height=\"560\" srcset=\"https:\/\/cimbcc.org\/test2\/wp-content\/uploads\/chip_2022_09_aines_1_2.jpg 1064w, https:\/\/cimbcc.org\/test2\/wp-content\/uploads\/chip_2022_09_aines_1_2-300x158.jpg 300w, https:\/\/cimbcc.org\/test2\/wp-content\/uploads\/chip_2022_09_aines_1_2-1024x539.jpg 1024w, https:\/\/cimbcc.org\/test2\/wp-content\/uploads\/chip_2022_09_aines_1_2-768x404.jpg 768w\" sizes=\"auto, (max-width: 1064px) 100vw, 1064px\" \/><\/a><figcaption id=\"caption-attachment-41368\" class=\"wp-caption-text\">Cliquez sur l&rsquo;image pour l&rsquo;agrandir<\/figcaption><\/figure>\n<p style=\"text-align: justify;\">Il est donc de l&rsquo;int\u00e9r\u00eat de tous et du CIMBCC de conna\u00eetre VOS caract\u00e9ristiques afin de r\u00e9pondre le mieux possible \u00e0 VOS besoins.<\/p>\n<h4>Situation num\u00e9rique actuelle<\/h4>\n<p style=\"text-align: justify;\"><a href=\"https:\/\/transformation-numerique.ulaval.ca\/enquetes-et-mesures\/netendances\/2021-12-les-aines-connectes-au-quebec\" target=\"_blank\" rel=\"noopener\">L\u2019Acad\u00e9mie de la transformation num\u00e9rique<\/a> interroge depuis 2016 les a\u00een\u00e9s qu\u00e9b\u00e9cois sur leurs habitudes num\u00e9riques. En 2021, \u00e0 la question : \u00ab <em>Personnellement, disposez-vous de<\/em> \u2026\u00a0\u00bb<\/p>\n<ul style=\"text-align: justify;\">\n<li>80 % d\u00e9tiennent un ordinateur portable ou de table ;<\/li>\n<li>62 %, un t\u00e9l\u00e9phone intelligent ;<\/li>\n<li>58 %, une tablette \u00e9lectronique ;<\/li>\n<li>13 %, une montre intelligente ou un bracelet d\u2019exercice connect\u00e9.<\/li>\n<\/ul>\n<p style=\"text-align: justify;\">Le graphique suivant montre l&rsquo;adoption croissante des appareils \u00e9lectroniques par les a\u00een\u00e9(e)s entre 2016 et 2021.<\/p>\n<figure id=\"attachment_41369\" aria-describedby=\"caption-attachment-41369\" style=\"width: 1133px\" class=\"wp-caption alignnone\"><a href=\"https:\/\/cimbcc.org\/test2\/wp-content\/uploads\/chip_2022_09_aines_1_3.jpg\" target=\"_blank\" rel=\"noopener\"><img loading=\"lazy\" decoding=\"async\" class=\"size-full wp-image-41369\" src=\"https:\/\/cimbcc.org\/test2\/wp-content\/uploads\/chip_2022_09_aines_1_3.jpg\" alt=\"\" width=\"1133\" height=\"598\" srcset=\"https:\/\/cimbcc.org\/test2\/wp-content\/uploads\/chip_2022_09_aines_1_3.jpg 1133w, https:\/\/cimbcc.org\/test2\/wp-content\/uploads\/chip_2022_09_aines_1_3-300x158.jpg 300w, https:\/\/cimbcc.org\/test2\/wp-content\/uploads\/chip_2022_09_aines_1_3-1024x540.jpg 1024w, https:\/\/cimbcc.org\/test2\/wp-content\/uploads\/chip_2022_09_aines_1_3-768x405.jpg 768w\" sizes=\"auto, (max-width: 1133px) 100vw, 1133px\" \/><\/a><figcaption id=\"caption-attachment-41369\" class=\"wp-caption-text\">Cliquez sur l&rsquo;image pour l&rsquo;agrandir<\/figcaption><\/figure>\n<p style=\"text-align: justify;\">Au total, c\u2019est d\u00e9sormais 92 % des a\u00een\u00e9s qu\u00e9b\u00e9cois qui disposent de l\u2019un ou l\u2019autre de ces appareils \u00e9lectroniques, un r\u00e9sultat en augmentation de 8 points de pourcentage par rapport \u00e0 2020 alors que ce pourcentage \u00e9tait de 84 %.<\/p>\n<p style=\"text-align: justify;\">Au-del\u00e0 de l\u2019acquisition de ces appareils, il va de soi qu\u2019il faut faciliter leur utilisation. Telle est en grande partie la mission de votre club informatique. Au-del\u00e0 de votre fid\u00e9lit\u00e9, nous sommes enchant\u00e9s que vous parliez de nous dans votre entourage et que vous partagiez vos acquisitions ! Cela permet d\u2019augmenter le nombre de nos membres et ainsi vous offrir encore plus de services.<\/p>\n<h4 style=\"text-align: justify;\">Internet ?<\/h4>\n<p style=\"text-align: justify;\">Toujours selon cette Acad\u00e9mie, 85 % des a\u00een\u00e9s ont un branchement \u00e0 Internet, comme le montre ce graphique.<\/p>\n<figure id=\"attachment_41370\" aria-describedby=\"caption-attachment-41370\" style=\"width: 1169px\" class=\"wp-caption aligncenter\"><a href=\"https:\/\/cimbcc.org\/test2\/wp-content\/uploads\/chip_2022_09_aines_1_4.jpg\" target=\"_blank\" rel=\"noopener\"><img loading=\"lazy\" decoding=\"async\" class=\"size-full wp-image-41370\" src=\"https:\/\/cimbcc.org\/test2\/wp-content\/uploads\/chip_2022_09_aines_1_4.jpg\" alt=\"\" width=\"1169\" height=\"527\" srcset=\"https:\/\/cimbcc.org\/test2\/wp-content\/uploads\/chip_2022_09_aines_1_4.jpg 1169w, https:\/\/cimbcc.org\/test2\/wp-content\/uploads\/chip_2022_09_aines_1_4-300x135.jpg 300w, https:\/\/cimbcc.org\/test2\/wp-content\/uploads\/chip_2022_09_aines_1_4-1024x462.jpg 1024w, https:\/\/cimbcc.org\/test2\/wp-content\/uploads\/chip_2022_09_aines_1_4-768x346.jpg 768w\" sizes=\"auto, (max-width: 1169px) 100vw, 1169px\" \/><\/a><figcaption id=\"caption-attachment-41370\" class=\"wp-caption-text\">Cliquez sur l&rsquo;image pour l&rsquo;agrandir<\/figcaption><\/figure>\n<p style=\"text-align: justify;\">Autre fait notable : pr\u00e8s des deux tiers, 61 %, utilisent maintenant Internet pour prendre soin de leur sant\u00e9. L\u2019enqu\u00eate intitul\u00e9e <a href=\"https:\/\/transformation-numerique.ulaval.ca\/enquetes-et-mesures\/netendances\/2021-12-les-aines-connectes-au-quebec\" target=\"_blank\" rel=\"noopener\">Les a\u00een\u00e9s connect\u00e9s au Qu\u00e9bec<\/a> indique qu\u2019il s\u2019agit d\u2019une augmentation de 17 points de pourcentage par rapport \u00e0 2020 et de 30 points de pourcentage depuis 2019.<\/p>\n<h4>Et pour les achats en ligne ?<\/h4>\n<p style=\"text-align: justify;\">Davantage d\u2019a\u00een\u00e9s qu\u00e9b\u00e9cois ont achet\u00e9 en ligne en 2021. Sur la base de trois collectes mensuelles distinctes pour des achats r\u00e9alis\u00e9s pendant les mois de f\u00e9vrier, juin et juillet 2021, 37 % des a\u00een\u00e9s qu\u00e9b\u00e9cois ont r\u00e9alis\u00e9 au moins un achat en ligne durant l\u2019un ou l\u2019autre de ces mois. Ceci repr\u00e9sente une augmentation de 4 points de pourcentage par rapport \u00e0 2020.<\/p>\n<figure id=\"attachment_41371\" aria-describedby=\"caption-attachment-41371\" style=\"width: 894px\" class=\"wp-caption aligncenter\"><a href=\"https:\/\/cimbcc.org\/test2\/wp-content\/uploads\/chip_2022_09_aines_1_5.jpg\" target=\"_blank\" rel=\"noopener\"><img loading=\"lazy\" decoding=\"async\" class=\"size-full wp-image-41371\" src=\"https:\/\/cimbcc.org\/test2\/wp-content\/uploads\/chip_2022_09_aines_1_5.jpg\" alt=\"\" width=\"894\" height=\"652\" srcset=\"https:\/\/cimbcc.org\/test2\/wp-content\/uploads\/chip_2022_09_aines_1_5.jpg 894w, https:\/\/cimbcc.org\/test2\/wp-content\/uploads\/chip_2022_09_aines_1_5-300x219.jpg 300w, https:\/\/cimbcc.org\/test2\/wp-content\/uploads\/chip_2022_09_aines_1_5-768x560.jpg 768w\" sizes=\"auto, (max-width: 894px) 100vw, 894px\" \/><\/a><figcaption id=\"caption-attachment-41371\" class=\"wp-caption-text\">Cliquez sur l&rsquo;image pour l&rsquo;agrandir<\/figcaption><\/figure>\n<h4>La suite \u2026<\/h4>\n<p style=\"text-align: justify;\">Le confinement impos\u00e9 durant la premi\u00e8re vague de la pand\u00e9mie a litt\u00e9ralement emmur\u00e9 bon nombre d\u2019a\u00een\u00e9s. FaceTime, Facebook, Messenger, Zoom, Clic Sant\u00e9, VaxiCode : autant d&rsquo;univers en ligne qui semblaient difficiles d&rsquo;acc\u00e8s. Cependant, nous avons relev\u00e9 haut et fort ce d\u00e9fi. Nous approfondirons cet aspect dans le second volet de ce dossier.<\/p>\n<p style=\"text-align: justify;\">Ce contexte nous a de plus fourni l&rsquo;occasion de nous faire proposer des outils de sant\u00e9 connect\u00e9s qui pourront faciliter notre quotidien, rassurer notre famille, lorsqu&rsquo;elle ne peut pas \u00eatre pr\u00e9sente, et faire le suivi \u00e0 distance de notre sant\u00e9. C\u2019est ce que nous verrons dans le troisi\u00e8me volet de cette s\u00e9rie.<\/p>\n<p>\u00c0 tr\u00e8s bient\u00f4t !<\/p>\n<p>Pierre Delisle<\/p>\n","protected":false},"excerpt":{"rendered":"<p>Volet 1 de 3 &#8211; Statistiques d\u00e9mographiques et taux d&rsquo;utilisation Qui a dit que les a\u00een\u00e9(e)s et les outils num\u00e9riques ne faisaient pas bon m\u00e9nage ? Les membres s\u00e9niors du club en sont les preuves vivantes. Mais, il est aussi vrai que certains demeurent r\u00e9ticents face aux nouvelles technologies. Le contexte exceptionnel v\u00e9cu depuis 2020 &hellip; <a href=\"https:\/\/cimbcc.org\/test2\/ainees-aines-et-outils-numeriques-un-bel-amalgame\/\" class=\"more-link\">Continuer la lecture de <span class=\"screen-reader-text\">A\u00een\u00e9es, a\u00een\u00e9s et outils num\u00e9riques : un bel amalgame !<\/span>  <span class=\"meta-nav\">&rarr;<\/span><\/a><\/p>\n","protected":false},"author":43,"featured_media":0,"comment_status":"open","ping_status":"closed","sticky":false,"template":"","format":"standard","meta":{"footnotes":""},"categories":[402],"tags":[67,1678,1677,154,1679,388,389,113,105,104],"class_list":["post-41363","post","type-post","status-publish","format-standard","hentry","category-activites-du-club","tag-achat-en-ligne","tag-age","tag-demographie","tag-internet","tag-montre-intelligente","tag-ordinateur-de-bureau","tag-ordinateur-portable","tag-sante","tag-tablette","tag-telephone-intelligent"],"_links":{"self":[{"href":"https:\/\/cimbcc.org\/test2\/wp-json\/wp\/v2\/posts\/41363","targetHints":{"allow":["GET"]}}],"collection":[{"href":"https:\/\/cimbcc.org\/test2\/wp-json\/wp\/v2\/posts"}],"about":[{"href":"https:\/\/cimbcc.org\/test2\/wp-json\/wp\/v2\/types\/post"}],"author":[{"embeddable":true,"href":"https:\/\/cimbcc.org\/test2\/wp-json\/wp\/v2\/users\/43"}],"replies":[{"embeddable":true,"href":"https:\/\/cimbcc.org\/test2\/wp-json\/wp\/v2\/comments?post=41363"}],"version-history":[{"count":15,"href":"https:\/\/cimbcc.org\/test2\/wp-json\/wp\/v2\/posts\/41363\/revisions"}],"predecessor-version":[{"id":44105,"href":"https:\/\/cimbcc.org\/test2\/wp-json\/wp\/v2\/posts\/41363\/revisions\/44105"}],"wp:attachment":[{"href":"https:\/\/cimbcc.org\/test2\/wp-json\/wp\/v2\/media?parent=41363"}],"wp:term":[{"taxonomy":"category","embeddable":true,"href":"https:\/\/cimbcc.org\/test2\/wp-json\/wp\/v2\/categories?post=41363"},{"taxonomy":"post_tag","embeddable":true,"href":"https:\/\/cimbcc.org\/test2\/wp-json\/wp\/v2\/tags?post=41363"}],"curies":[{"name":"wp","href":"https:\/\/api.w.org\/{rel}","templated":true}]}}