{"id":41390,"date":"2022-09-06T22:00:10","date_gmt":"2022-09-07T02:00:10","guid":{"rendered":"https:\/\/cimbcc.org\/test2\/?p=41390"},"modified":"2023-10-16T22:11:08","modified_gmt":"2023-10-17T02:11:08","slug":"ainees-aines-et-outils-numeriques-un-bel-amalgame-2e-partie","status":"publish","type":"post","link":"https:\/\/cimbcc.org\/test2\/ainees-aines-et-outils-numeriques-un-bel-amalgame-2e-partie\/","title":{"rendered":"A\u00een\u00e9es, a\u00een\u00e9s et outils num\u00e9riques : un bel amalgame ! (2e partie)"},"content":{"rendered":"<figure id=\"attachment_43393\" aria-describedby=\"caption-attachment-43393\" style=\"width: 125px\" class=\"wp-caption aligncenter\"><a href=\"https:\/\/cimbcc.org\/test2\/wp-content\/uploads\/photo_delisle_pierre.jpg\"><img loading=\"lazy\" decoding=\"async\" class=\"wp-image-43393 size-full\" src=\"https:\/\/cimbcc.org\/test2\/wp-content\/uploads\/photo_delisle_pierre.jpg\" alt=\"\" width=\"125\" height=\"126\" \/><\/a><figcaption id=\"caption-attachment-43393\" class=\"wp-caption-text\">Pierre Delisle<\/figcaption><\/figure>\n<h4>Volet 2 de 3 \u2013 Briser l\u2019isolement<\/h4>\n<p style=\"text-align: justify;\">Le confinement impos\u00e9 durant la premi\u00e8re vague de la pand\u00e9mie a litt\u00e9ralement emmur\u00e9 bon nombre d\u2019a\u00een\u00e9(e)s. FaceTime, Facebook, Messenger, Zoom, Clic Sant\u00e9, VaxiCode : autant d&rsquo;univers en ligne qui semblaient inaccessibles, principalement aux non branch\u00e9s, souvent difficiles \u00e0 rejoindre et \u00e0 rallier.<\/p>\n<p style=\"text-align: justify;\">Dans l&rsquo;est de Montr\u00e9al, <a href=\"https:\/\/www.cdcdelapointe.org\/case-categories\/aines-branches\/\" target=\"_blank\" rel=\"noopener\">le projet A\u00een\u00e9s branch\u00e9s<\/a> tente de pallier cette fracture num\u00e9rique, source d&rsquo;isolement. Des projets semblables ont vu le jour un peu partout au Qu\u00e9bec. Plus pr\u00e8s de chez nous, il y a naturellement le <strong><em><u>Club Informatique du Mont-Bruno<\/u><\/em><\/strong>.<\/p>\n<p style=\"text-align: justify;\">Les r\u00e9seaux sociaux, appels vid\u00e9o et autres nouveaux moyens de communication se sont impos\u00e9s comme une bou\u00e9e de sauvetage pour l&rsquo;ensemble de la population afin de garder le lien social avec la famille et les amis. Pour les s\u00e9niors, l&rsquo;une des populations les plus fragiles face au virus, il \u00e9tait donc n\u00e9cessaire d&rsquo;apprendre \u00e0 utiliser ces outils pour se sentir proches de sa famille, mais surtout pour garder le moral.<\/p>\n<p><!--more--><\/p>\n<h4>Cons\u00e9quences n\u00e9fastes de l\u2019isolement<\/h4>\n<figure id=\"attachment_41392\" aria-describedby=\"caption-attachment-41392\" style=\"width: 251px\" class=\"wp-caption aligncenter\"><img loading=\"lazy\" decoding=\"async\" class=\"size-full wp-image-41392\" src=\"https:\/\/cimbcc.org\/test2\/wp-content\/uploads\/chip_2022_09_aines_2_1.jpg\" alt=\"\" width=\"251\" height=\"426\" srcset=\"https:\/\/cimbcc.org\/test2\/wp-content\/uploads\/chip_2022_09_aines_2_1.jpg 251w, https:\/\/cimbcc.org\/test2\/wp-content\/uploads\/chip_2022_09_aines_2_1-177x300.jpg 177w\" sizes=\"auto, (max-width: 251px) 100vw, 251px\" \/><figcaption id=\"caption-attachment-41392\" class=\"wp-caption-text\">Image tir\u00e9e de Clipart-library.com<\/figcaption><\/figure>\n<p style=\"text-align: justify;\">L&rsquo;isolement est un fl\u00e9au du troisi\u00e8me \u00e2ge qui toucherait un tiers de ces personnes. Cependant, le confinement et les restrictions li\u00e9es \u00e0 la crise sanitaire de la COVID-19 ont plong\u00e9 l&rsquo;\u00e9crasante majorit\u00e9 des personnes \u00e2g\u00e9es dans une situation de solitude plut\u00f4t inhabituelle.<\/p>\n<p style=\"text-align: justify;\">Coup\u00e9s physiquement de leurs proches durant plusieurs mois, bien de ceux-ci ont d\u00fb faire face \u00e0 une situation d&rsquo;isolement g\u00e9n\u00e9ratrice de stress. La sensation d&rsquo;\u00eatre \u00e9loign\u00e9 des autres, le manque de contact avec ses enfants et ses petits-enfants, coupl\u00e9 \u00e0 la pr\u00e9occupation ambiante et aux interdictions de sortir, pouvait affecter leur moral et leur bien-\u00eatre g\u00e9n\u00e9ral.<\/p>\n<p style=\"text-align: justify;\">Dans une \u00e9tude du Gouvernement du Canada sur <a href=\"https:\/\/www.canada.ca\/fr\/emploi-developpement-social\/ministere\/partenaires\/forum-aines\/trousse-isolation-sociale-vol1.html\" target=\"_blank\" rel=\"noopener\">l\u2019Isolement social des a\u00een\u00e9s<\/a>, lorsqu&rsquo;une personne se retrouve en isolement ou dans une exclusion sociale, cela peut entra\u00eener des effets tr\u00e8s n\u00e9fastes pour la sant\u00e9 et r\u00e9duire la qualit\u00e9 de vie. L\u2019isolement social peut \u00e9galement \u00eatre associ\u00e9 \u00e0 une sous-valorisation des a\u00een\u00e9s dans notre soci\u00e9t\u00e9 et \u00e0 la d\u00e9sertion de ceux-ci du secteur b\u00e9n\u00e9vole et du travail r\u00e9mun\u00e9r\u00e9.<\/p>\n<p style=\"text-align: justify;\"><a href=\"https:\/\/www.canada.ca\/fr\/conseil-national-aines\/programmes\/publications-rapports\/2014\/isolement-social-aines.html\" target=\"_blank\" rel=\"noopener\">Le Conseil national des a\u00een\u00e9s<\/a> soutient en outre que l\u2019isolement social des a\u00een\u00e9s peut \u00eatre \u00e0 l\u2019origine d\u2019un manque de coh\u00e9sion sociale dans les collectivit\u00e9s, de co\u00fbts sociaux \u00e9lev\u00e9s et de la perte de la vaste exp\u00e9rience transmise par les a\u00een\u00e9s \u00e0 nos familles, \u00e0 nos quartiers et \u00e0 nos collectivit\u00e9s.<\/p>\n<p style=\"text-align: justify;\">Selon <a href=\"https:\/\/ici.radio-canada.ca\/nouvelle\/1861038\/etude-covid-isolement-aine-pandemie-quebec\" target=\"_blank\" rel=\"noopener\">Radio-Canada<\/a>, l\u2019isolement en r\u00e9sidence pour a\u00een\u00e9s pendant la premi\u00e8re ann\u00e9e de la pand\u00e9mie aurait probablement fait autant de dommages \u00e0 moyen terme que la COVID-19 elle-m\u00eame, selon une vaste \u00e9tude am\u00e9ricaine qui a recens\u00e9 les d\u00e9c\u00e8s dans 15 000 centres d\u2019h\u00e9bergement.<\/p>\n<h4 style=\"text-align: justify;\">Solution efficace \u00e0 ce fl\u00e9au\u00a0: les outils num\u00e9riques<\/h4>\n<p style=\"text-align: justify;\">Les a\u00een\u00e9s ont donc fait un inventaire des \u00ab\u00a0<em>rem\u00e8des<\/em>\u00a0\u00bb accessibles pour faire face \u00e0 ce fl\u00e9au. Dans un esprit de conduite du changement, ils r\u00e9alisent \u00e0 tr\u00e8s forte majorit\u00e9 que les technologies aident \u00e0 briser l\u2019isolement.<\/p>\n<figure id=\"attachment_41393\" aria-describedby=\"caption-attachment-41393\" style=\"width: 1132px\" class=\"wp-caption alignnone\"><a href=\"https:\/\/cimbcc.org\/test2\/wp-content\/uploads\/chip_2022_09_aines_2_2.jpg\" target=\"_blank\" rel=\"noopener\"><img loading=\"lazy\" decoding=\"async\" class=\"size-full wp-image-41393\" src=\"https:\/\/cimbcc.org\/test2\/wp-content\/uploads\/chip_2022_09_aines_2_2.jpg\" alt=\"\" width=\"1132\" height=\"254\" srcset=\"https:\/\/cimbcc.org\/test2\/wp-content\/uploads\/chip_2022_09_aines_2_2.jpg 1132w, https:\/\/cimbcc.org\/test2\/wp-content\/uploads\/chip_2022_09_aines_2_2-300x67.jpg 300w, https:\/\/cimbcc.org\/test2\/wp-content\/uploads\/chip_2022_09_aines_2_2-1024x230.jpg 1024w, https:\/\/cimbcc.org\/test2\/wp-content\/uploads\/chip_2022_09_aines_2_2-768x172.jpg 768w\" sizes=\"auto, (max-width: 1132px) 100vw, 1132px\" \/><\/a><figcaption id=\"caption-attachment-41393\" class=\"wp-caption-text\">Cliquez sur l&rsquo;image pour l&rsquo;agrandir<\/figcaption><\/figure>\n<p style=\"text-align: justify;\">Comme nous l\u2019avons vu dans un <a href=\"https:\/\/cimbcc.org\/test2\/ainees-aines-et-outils-numeriques-un-bel-amalgame\" target=\"_blank\" rel=\"noopener\">pr\u00e9c\u00e9dent article<\/a>, 85 % de ceux-ci ont maintenant un branchement Internet. Pour rester connect\u00e9s, ils ont choisi de s&rsquo;adapter et d&rsquo;apprendre.<\/p>\n<p style=\"text-align: justify;\">G\u00e9n\u00e9ralement aid\u00e9s par les plus jeunes g\u00e9n\u00e9rations de la famille ou par un club informatique, ils ont appris \u00e0 utiliser ordinateurs, tablettes et t\u00e9l\u00e9phones intelligents pour pouvoir \u00e9tablir un appel ou une connexion vid\u00e9o avec les autres membres de la famille.<\/p>\n<p style=\"text-align: justify;\">Selon <a href=\"https:\/\/api.transformation-numerique.ulaval.ca\/storage\/528\/netendances-2021-les-aines-connectes-au-quebec.pdf\" target=\"_blank\" rel=\"noopener\">les donn\u00e9es 2021 de NETendances<\/a> sur les a\u00een\u00e9s connect\u00e9s au Qu\u00e9bec, 44 % des personnes \u00e2g\u00e9es utilisent d\u00e9sormais les r\u00e9seaux sociaux, contre tout juste 12 % en 2018, deux ans avant la pand\u00e9mie.<\/p>\n<figure id=\"attachment_41394\" aria-describedby=\"caption-attachment-41394\" style=\"width: 1134px\" class=\"wp-caption alignnone\"><a href=\"https:\/\/cimbcc.org\/test2\/wp-content\/uploads\/chip_2022_09_aines_2_3.jpg\" target=\"_blank\" rel=\"noopener\"><img loading=\"lazy\" decoding=\"async\" class=\"size-full wp-image-41394\" src=\"https:\/\/cimbcc.org\/test2\/wp-content\/uploads\/chip_2022_09_aines_2_3.jpg\" alt=\"\" width=\"1134\" height=\"467\" srcset=\"https:\/\/cimbcc.org\/test2\/wp-content\/uploads\/chip_2022_09_aines_2_3.jpg 1134w, https:\/\/cimbcc.org\/test2\/wp-content\/uploads\/chip_2022_09_aines_2_3-300x124.jpg 300w, https:\/\/cimbcc.org\/test2\/wp-content\/uploads\/chip_2022_09_aines_2_3-1024x422.jpg 1024w, https:\/\/cimbcc.org\/test2\/wp-content\/uploads\/chip_2022_09_aines_2_3-768x316.jpg 768w\" sizes=\"auto, (max-width: 1134px) 100vw, 1134px\" \/><\/a><figcaption id=\"caption-attachment-41394\" class=\"wp-caption-text\">Cliquez sur l&rsquo;image pour l&rsquo;agrandir<\/figcaption><\/figure>\n<p style=\"text-align: justify;\">C\u2019est encore le courriel qui demeure, pour 71 % des a\u00een\u00e9s qu\u00e9b\u00e9cois, le moyen de pr\u00e9dilection pour rester en contact avec ses proches et ses amis. Il s\u2019agit d\u2019une augmentation de 15 % en deux ans. Pour sa part, <a href=\"https:\/\/www.journaldemontreal.com\/2021\/01\/27\/les-technologies-a-la-maison-brisent-lisolement-1\" target=\"_blank\" rel=\"noopener\">cet article<\/a> du <em>Journal de Montr\u00e9al<\/em> mentionne :<\/p>\n<p style=\"text-align: justify; padding-left: 40px;\">\u00ab <em>Notre enqu\u00eate<\/em><em> r\u00e9v\u00e8le \u00e9galement une tendance \u00e0 la hausse des appels vid\u00e9o ou des visioconf\u00e9rences sur Internet &#8230; <\/em>\u00bb<\/p>\n<p style=\"text-align: justify;\">Maintenant, qui osera dire que la population a\u00een\u00e9e est un monde conservateur ?<\/p>\n<p style=\"text-align: justify;\">Pour progresser num\u00e9riquement, nous nous faisons offrir des outils de sant\u00e9 connect\u00e9s qui pourront faciliter notre quotidien, rassurer notre famille, lorsqu&rsquo;elle ne peut pas \u00eatre pr\u00e9sente, et faire le suivi \u00e0 distance de notre sant\u00e9. C\u2019est ce que nous verrons dans le troisi\u00e8me volet de ce dossier.<\/p>\n<p>Suite au prochain \u00e9pisode !<\/p>\n<p style=\"text-align: justify;\">Pierre Delisle<\/p>\n","protected":false},"excerpt":{"rendered":"<p>Volet 2 de 3 \u2013 Briser l\u2019isolement Le confinement impos\u00e9 durant la premi\u00e8re vague de la pand\u00e9mie a litt\u00e9ralement emmur\u00e9 bon nombre d\u2019a\u00een\u00e9(e)s. FaceTime, Facebook, Messenger, Zoom, Clic Sant\u00e9, VaxiCode : autant d&rsquo;univers en ligne qui semblaient inaccessibles, principalement aux non branch\u00e9s, souvent difficiles \u00e0 rejoindre et \u00e0 rallier. Dans l&rsquo;est de Montr\u00e9al, le projet &hellip; <a href=\"https:\/\/cimbcc.org\/test2\/ainees-aines-et-outils-numeriques-un-bel-amalgame-2e-partie\/\" class=\"more-link\">Continuer la lecture de <span class=\"screen-reader-text\">A\u00een\u00e9es, a\u00een\u00e9s et outils num\u00e9riques : un bel amalgame ! (2e partie)<\/span>  <span class=\"meta-nav\">&rarr;<\/span><\/a><\/p>\n","protected":false},"author":43,"featured_media":0,"comment_status":"open","ping_status":"closed","sticky":false,"template":"","format":"standard","meta":{"footnotes":""},"categories":[402],"tags":[1678,1680,1681,127,113,1514],"class_list":["post-41390","post","type-post","status-publish","format-standard","hentry","category-activites-du-club","tag-age","tag-clic-sante","tag-isolement","tag-personnes-agees","tag-sante","tag-vaxicode"],"_links":{"self":[{"href":"https:\/\/cimbcc.org\/test2\/wp-json\/wp\/v2\/posts\/41390","targetHints":{"allow":["GET"]}}],"collection":[{"href":"https:\/\/cimbcc.org\/test2\/wp-json\/wp\/v2\/posts"}],"about":[{"href":"https:\/\/cimbcc.org\/test2\/wp-json\/wp\/v2\/types\/post"}],"author":[{"embeddable":true,"href":"https:\/\/cimbcc.org\/test2\/wp-json\/wp\/v2\/users\/43"}],"replies":[{"embeddable":true,"href":"https:\/\/cimbcc.org\/test2\/wp-json\/wp\/v2\/comments?post=41390"}],"version-history":[{"count":9,"href":"https:\/\/cimbcc.org\/test2\/wp-json\/wp\/v2\/posts\/41390\/revisions"}],"predecessor-version":[{"id":44104,"href":"https:\/\/cimbcc.org\/test2\/wp-json\/wp\/v2\/posts\/41390\/revisions\/44104"}],"wp:attachment":[{"href":"https:\/\/cimbcc.org\/test2\/wp-json\/wp\/v2\/media?parent=41390"}],"wp:term":[{"taxonomy":"category","embeddable":true,"href":"https:\/\/cimbcc.org\/test2\/wp-json\/wp\/v2\/categories?post=41390"},{"taxonomy":"post_tag","embeddable":true,"href":"https:\/\/cimbcc.org\/test2\/wp-json\/wp\/v2\/tags?post=41390"}],"curies":[{"name":"wp","href":"https:\/\/api.w.org\/{rel}","templated":true}]}}