{"id":41631,"date":"2022-09-18T20:00:35","date_gmt":"2022-09-19T00:00:35","guid":{"rendered":"https:\/\/cimbcc.org\/test2\/?p=41631"},"modified":"2023-10-16T22:11:08","modified_gmt":"2023-10-17T02:11:08","slug":"lunion-europeenne-impose-la-prise-usb-c-lecoute-des-livres-audio-et-suggestion-pour-les-clients-de-ebox","status":"publish","type":"post","link":"https:\/\/cimbcc.org\/test2\/lunion-europeenne-impose-la-prise-usb-c-lecoute-des-livres-audio-et-suggestion-pour-les-clients-de-ebox\/","title":{"rendered":"L&rsquo;Union europ\u00e9enne impose la prise USB-C, l&rsquo;\u00e9coute des livres audio et suggestion pour les clients de Ebox"},"content":{"rendered":"<figure id=\"attachment_24081\" aria-describedby=\"caption-attachment-24081\" style=\"width: 125px\" class=\"wp-caption aligncenter\"><img loading=\"lazy\" decoding=\"async\" class=\"size-full wp-image-24081\" src=\"https:\/\/cimbcc.org\/test2\/wp-content\/uploads\/photo_charron_denis.jpg\" alt=\"\" width=\"125\" height=\"125\" \/><figcaption id=\"caption-attachment-24081\" class=\"wp-caption-text\"><span style=\"color: #ffffff;\">mmm<\/span>Denis Charron<\/figcaption><\/figure>\n<p>Cet article comprend des informations au sujet de :<\/p>\n<ul>\n<li>l&rsquo;Union europ\u00e9enne qui impose la prise USB-C ;<\/li>\n<li>l&rsquo;\u00e9coute des livres audio ;<\/li>\n<li>d&rsquo;une suggestion pour les clients actuels de Ebox.<\/li>\n<\/ul>\n<p><!--more--><\/p>\n<hr \/>\n<h4 style=\"text-align: justify;\">L&rsquo;Union europ\u00e9enne impose la prise USB-C<\/h4>\n<p style=\"text-align: justify;\">Si vous poss\u00e9dez plus d&rsquo;un appareil \u00e9lectronique rechargeable, vous avez aussi plusieurs chargeurs qui ne sont compatibles qu&rsquo;avec un seul de ces appareils : <a href=\"https:\/\/fr.wikipedia.org\/wiki\/Lightning_(connecteur)\" target=\"_blank\" rel=\"noopener\">Lightning<\/a>, <a href=\"https:\/\/fr.wikipedia.org\/wiki\/USB\" target=\"_blank\" rel=\"noopener\">USB-A<\/a>,\u00a0<a href=\"https:\/\/fr.wikipedia.org\/wiki\/USB_Type-C\" target=\"_blank\" rel=\"noopener\"><span class=\"link-wrapper\">USB-C<\/span><\/a>,\u00a0<a href=\"https:\/\/fr.wikipedia.org\/wiki\/Thunderbolt_(interface)\" target=\"_blank\" rel=\"noopener\"><span class=\"link-wrapper\">Thunderbolt<\/span><\/a>, <a href=\"https:\/\/fr.wikipedia.org\/wiki\/FireWire\" target=\"_blank\" rel=\"noopener\">FireWire<\/a>, <a href=\"https:\/\/fr.wikipedia.org\/wiki\/USB\" target=\"_blank\" rel=\"noopener\">Mini<\/a> ou <a href=\"https:\/\/fr.wikipedia.org\/wiki\/USB\" target=\"_blank\" rel=\"noopener\">Micro-USB<\/a>, etc.<\/p>\n<p style=\"text-align: justify;\">L&rsquo;<a href=\"https:\/\/fr.wikipedia.org\/wiki\/Union_europ%C3%A9enne\" target=\"_blank\" rel=\"noopener\">Union europ\u00e9enne<\/a> a d\u00e9cid\u00e9 le <a href=\"https:\/\/www.consilium.europa.eu\/fr\/press\/press-releases\/2022\/06\/07\/chargeur-universel-le-conseil-et-le-parlement-europeen-parviennent-a-un-accord-politique-provisoire\/\" target=\"_blank\" rel=\"noopener\">7 juin 2022<\/a> que la prise USB-C deviendra la norme pour tous les appareils \u00e9lectroniques vendus sur son territoire \u00e0 partir de novembre 2024. Il s&rsquo;agit d&rsquo;une bonne nouvelle pour l&rsquo;environnement comme l&rsquo;explique <a href=\"https:\/\/www.futura-sciences.com\/tech\/questions-reponses\/tech-chargeur-universel-change-decision-europe-17084\/?utm_source=nl_qr&amp;nl_optin=optin_we&amp;utm_content=20220910&amp;utm_campaign=week-end&amp;utm_medium=email&amp;xtor=EPR-58-QR-20220910&amp;uid=b5a4b7bffaa7143b40f072851b561895\" target=\"_blank\" rel=\"noopener\">cet article<\/a> du site Web de <em>Futura-Sciences<\/em>. L&rsquo;Am\u00e9rique du Nord devra probablement embo\u00eeter le pas.<\/p>\n<hr \/>\n<h4><strong>L&rsquo;\u00e9coute des livres audio<\/strong><\/h4>\n<p style=\"text-align: justify;\">Jusqu&rsquo;\u00e0 r\u00e9cemment, les livres audio \u00e9taient destin\u00e9s aux personnes malvoyantes ou aveugles. Ils sont maintenant disponibles au grand public pour achat ou emprunt dans les biblioth\u00e8ques publiques. Il est possible de les \u00e9couter en direct sur ordinateur, t\u00e9l\u00e9phone, tablette ou de les t\u00e9l\u00e9charger pour une \u00e9coute hors-ligne.<\/p>\n<p style=\"text-align: justify;\"><a href=\"https:\/\/www.audible.fr\/blog\/comment-ecouter-un-livre-audio\" target=\"_blank\" rel=\"noopener\">Cet article<\/a> explique comment \u00e9couter un livre audio.\u00a0<a href=\"https:\/\/guides.banq.qc.ca\/c.php?g=723021&amp;p=5173496\" target=\"_blank\" rel=\"noopener\">Cette page<\/a> du site Web de Biblioth\u00e8que et Archives nationales du Qu\u00e9bec (BAnQ) pr\u00e9sente un guide pour l&#8217;emprunt de livres num\u00e9riques.<\/p>\n<p style=\"text-align: justify;\">Il sera question de livres audio dans ma pr\u00e9sentation du <a href=\"https:\/\/cimbcc.org\/test2\/wp-content\/uploads\/calendrier_serie_decouverte.pdf\" target=\"_blank\" rel=\"noopener\">mercredi soir 19 octobre 2022<\/a> sur la lecture num\u00e9rique.<\/p>\n<hr \/>\n<h4><strong>Suggestion pour les clients actuels de Ebox<\/strong><\/h4>\n<p style=\"text-align: justify;\">Si vous \u00eates client chez Ebox, vous devriez aller sur <a href=\"https:\/\/www.ebox.ca\/\" target=\"_blank\" rel=\"noopener\">leur site Web<\/a> pour comparer leurs nouveaux tarifs avec celui que vous payez actuellement. <a href=\"https:\/\/www.lapresse.ca\/affaires\/entreprises\/2022-09-06\/depuis-son-acquisition-par-bell\/baisses-de-prix-spectaculaires-chez-ebox.php\" target=\"_blank\" rel=\"noopener\">Cet article<\/a> de <em>La Presse<\/em> fait \u00e9tat de baisses de prix spectaculaires chez ce fournisseur Internet.<\/p>\n<p style=\"text-align: justify;\">Personnellement, je vais \u00e9conomiser 5 $ par mois et passer d&rsquo;une limite de 400 GB par mois \u00e0 un t\u00e9l\u00e9chargement illimit\u00e9.<\/p>\n<p>Denis Charron<\/p>\n","protected":false},"excerpt":{"rendered":"<p>Cet article comprend des informations au sujet de : l&rsquo;Union europ\u00e9enne qui impose la prise USB-C ; l&rsquo;\u00e9coute des livres audio ; d&rsquo;une suggestion pour les clients actuels de Ebox.<\/p>\n","protected":false},"author":43,"featured_media":0,"comment_status":"open","ping_status":"closed","sticky":false,"template":"","format":"standard","meta":{"footnotes":""},"categories":[403],"tags":[515,1562,1695,136,1135,1694,1378],"class_list":["post-41631","post","type-post","status-publish","format-standard","hentry","category-applications","tag-banq","tag-chargeur","tag-ebox","tag-fournisseurs-internet","tag-livres-audio","tag-union-europeenne","tag-usb-c"],"_links":{"self":[{"href":"https:\/\/cimbcc.org\/test2\/wp-json\/wp\/v2\/posts\/41631","targetHints":{"allow":["GET"]}}],"collection":[{"href":"https:\/\/cimbcc.org\/test2\/wp-json\/wp\/v2\/posts"}],"about":[{"href":"https:\/\/cimbcc.org\/test2\/wp-json\/wp\/v2\/types\/post"}],"author":[{"embeddable":true,"href":"https:\/\/cimbcc.org\/test2\/wp-json\/wp\/v2\/users\/43"}],"replies":[{"embeddable":true,"href":"https:\/\/cimbcc.org\/test2\/wp-json\/wp\/v2\/comments?post=41631"}],"version-history":[{"count":6,"href":"https:\/\/cimbcc.org\/test2\/wp-json\/wp\/v2\/posts\/41631\/revisions"}],"predecessor-version":[{"id":41802,"href":"https:\/\/cimbcc.org\/test2\/wp-json\/wp\/v2\/posts\/41631\/revisions\/41802"}],"wp:attachment":[{"href":"https:\/\/cimbcc.org\/test2\/wp-json\/wp\/v2\/media?parent=41631"}],"wp:term":[{"taxonomy":"category","embeddable":true,"href":"https:\/\/cimbcc.org\/test2\/wp-json\/wp\/v2\/categories?post=41631"},{"taxonomy":"post_tag","embeddable":true,"href":"https:\/\/cimbcc.org\/test2\/wp-json\/wp\/v2\/tags?post=41631"}],"curies":[{"name":"wp","href":"https:\/\/api.w.org\/{rel}","templated":true}]}}