{"id":4173,"date":"2013-01-07T10:00:31","date_gmt":"2013-01-07T15:00:31","guid":{"rendered":"https:\/\/cimbcc.org\/test2\/?p=4173"},"modified":"2023-10-16T22:17:12","modified_gmt":"2023-10-17T02:17:12","slug":"mot-du-president-janvier-2013","status":"publish","type":"post","link":"https:\/\/cimbcc.org\/test2\/mot-du-president-janvier-2013\/","title":{"rendered":"Le mot du pr\u00e9sident &#8211; janvier 2013"},"content":{"rendered":"<figure id=\"attachment_23836\" aria-describedby=\"caption-attachment-23836\" style=\"width: 125px\" class=\"wp-caption aligncenter\"><img loading=\"lazy\" decoding=\"async\" class=\"size-full wp-image-23836\" src=\"https:\/\/cimbcc.org\/test2\/wp-content\/uploads\/photo_cote_rejean.jpg\" alt=\"\" width=\"125\" height=\"125\" \/><figcaption id=\"caption-attachment-23836\" class=\"wp-caption-text\"><span style=\"color: #ffffff;\">mmmm<\/span>R\u00e9jean C\u00f4t\u00e9<\/figcaption><\/figure>\n<h4 style=\"text-align: left;\">Pour am\u00e9liorer ses connaissances en informatique<\/h4>\n<p style=\"text-align: justify;\">Tout comme vous, je d\u00e9couvre r\u00e9guli\u00e8rement des nouveaut\u00e9s en informatique. Vous pensez peut-\u00eatre que j\u2019en connais beaucoup en informatique! Tout est relatif, et moi je sais que j\u2019en ai encore beaucoup \u00e0 apprendre et que je me dois de toujours en apprendre davantage. Je n\u2019ai pas le choix si je veux me maintenir \u00e0 jour et vous renseigner par la suite. Tout va si vite dans le domaine de l\u2019informatique.<\/p>\n<p style=\"text-align: justify;\">Pr\u00e9sentement, j\u2019apprends \u00e0 me servir du nouveau syst\u00e8me d\u2019exploitation Windows\u00a08. Il est vraiment diff\u00e9rent de Windows\u00a07. Je sais que j\u2019aurai bient\u00f4t beaucoup de questions des membres sur ce tout nouveau syst\u00e8me d\u2019exploitation.<\/p>\n<p style=\"text-align: justify;\"><!--more--><\/p>\n<p style=\"text-align: justify;\">Cette ann\u00e9e, je me suis inscrit \u00e0 trois\u00a0ateliers au club. Le premier, dont je veux vous parler, c\u2019est l\u2019atelier Facebook. \u00c7a fait un\u00a0an que je suis sur Facebook et j\u2019en ai appris trois fois\u00a0plus que j\u2019en savais en seulement trois\u00a0rencontres d\u2019atelier. On apprend beaucoup plus en groupe que seul.<\/p>\n<p style=\"text-align: justify;\">Le deuxi\u00e8me, c\u2019est l\u2019atelier des curieux en informatique. Je suis curieux de nature, surtout en informatique. Dans cet atelier, ce sont les membres de l\u2019atelier qui doivent partager leurs connaissances avec les autres en faisant des pr\u00e9sentations \u00e0 tour de r\u00f4le.<\/p>\n<p style=\"text-align: justify;\">Le troisi\u00e8me, c\u2019est l\u2019atelier de montage de sites Web. J\u2019avais toujours r\u00eav\u00e9 de pouvoir un jour monter moi-m\u00eame un site. Aujourd\u2019hui, c\u2019est beaucoup plus simple de monter un site Web qu\u2019auparavant. Gr\u00e2ce \u00e0 cet atelier, j\u2019ai enfin r\u00e9ussi \u00e0 me monter un site et j\u2019en suis tr\u00e8s fier.<\/p>\n<p style=\"text-align: justify;\">Les ateliers sont en principe bien diff\u00e9rents des pr\u00e9sentations. Contrairement aux pr\u00e9sentations, les ateliers d\u00e9veloppent leurs sujets sur plusieurs rencontres mensuelles. On y favorise la participation active.<\/p>\n<p style=\"text-align: justify;\">Dans leur forme actuelle, nos ateliers existent depuis quatre\u00a0ans. Au d\u00e9but, on n\u2019a pas pens\u00e9 aux tout d\u00e9butants. Depuis l\u2019an dernier, nous avons des ateliers de soutien pour nos membres qui ont des difficult\u00e9s \u00e0 faire les exercices d\u00e9crits dans les pr\u00e9sentations de la s\u00e9rie <b>Facile<\/b>.<\/p>\n<p style=\"text-align: justify;\">En plus des trois\u00a0ateliers auxquels je participe et des ateliers de soutien aux d\u00e9butants dont je viens de parler, il y a cette ann\u00e9e un atelier de traitement de texte pour d\u00e9butants et un atelier sur l\u2019initiation aux chiffriers. Nous avons eu cet automne un atelier de montage de diaporamas et un autre sur les transactions \u00e9lectroniques qui ne se poursuivront pas cet hiver. Par contre, nous esp\u00e9rons vous offrir un atelier sur la d\u00e9claration de revenus et un atelier sur le traitement de photos avec Picasa durant l\u2019hiver. Il y aura en plus un atelier pour nos membres qui s\u2019occupent de notre site Web et de notre bulletin, le <i>CHIP<\/i>.<\/p>\n<p style=\"text-align: justify;\">Comme vous pouvez le constater, il y a une bonne diversification des sujets dans nos ateliers. Si vous avez une id\u00e9e pour un nouvel atelier, informez-en le responsable des ateliers, Andr\u00e9\u00a0Charest. Vous pouvez toujours animer un atelier. Vous serez le bienvenu et on vous donnera tout le soutien n\u00e9cessaire. En principe, ce ne sont pas les sujets qui manquent. Il y a eu par le pass\u00e9 des animateurs qui ne connaissaient pas \u00e0 fond leur sujet au d\u00e9but, mais ils avaient le go\u00fbt d\u2019animer un atelier et c\u2019est de cette fa\u00e7on qu\u2019ils sont devenus presque des sp\u00e9cialistes de leurs sujets.<\/p>\n<p style=\"text-align: justify;\">Je vous souhaite une bonne ann\u00e9e 2013.<\/p>\n<p style=\"text-align: justify;\">R\u00e9jean C\u00f4t\u00e9, pr\u00e9sident<\/p>\n","protected":false},"excerpt":{"rendered":"<p>Pour am\u00e9liorer ses connaissances en informatique Tout comme vous, je d\u00e9couvre r\u00e9guli\u00e8rement des nouveaut\u00e9s en informatique. Vous pensez peut-\u00eatre que j\u2019en connais beaucoup en informatique! Tout est relatif, et moi je sais que j\u2019en ai encore beaucoup \u00e0 apprendre et que je me dois de toujours en apprendre davantage. Je n\u2019ai pas le choix si &hellip; <a href=\"https:\/\/cimbcc.org\/test2\/mot-du-president-janvier-2013\/\" class=\"more-link\">Continuer la lecture de <span class=\"screen-reader-text\">Le mot du pr\u00e9sident &#8211; janvier 2013<\/span>  <span class=\"meta-nav\">&rarr;<\/span><\/a><\/p>\n","protected":false},"author":43,"featured_media":0,"comment_status":"open","ping_status":"closed","sticky":false,"template":"","format":"standard","meta":{"footnotes":""},"categories":[11],"tags":[269,370,271],"class_list":["post-4173","post","type-post","status-publish","format-standard","hentry","category-mots-du-president","tag-ateliers","tag-facile","tag-presentations"],"_links":{"self":[{"href":"https:\/\/cimbcc.org\/test2\/wp-json\/wp\/v2\/posts\/4173","targetHints":{"allow":["GET"]}}],"collection":[{"href":"https:\/\/cimbcc.org\/test2\/wp-json\/wp\/v2\/posts"}],"about":[{"href":"https:\/\/cimbcc.org\/test2\/wp-json\/wp\/v2\/types\/post"}],"author":[{"embeddable":true,"href":"https:\/\/cimbcc.org\/test2\/wp-json\/wp\/v2\/users\/43"}],"replies":[{"embeddable":true,"href":"https:\/\/cimbcc.org\/test2\/wp-json\/wp\/v2\/comments?post=4173"}],"version-history":[{"count":35,"href":"https:\/\/cimbcc.org\/test2\/wp-json\/wp\/v2\/posts\/4173\/revisions"}],"predecessor-version":[{"id":25778,"href":"https:\/\/cimbcc.org\/test2\/wp-json\/wp\/v2\/posts\/4173\/revisions\/25778"}],"wp:attachment":[{"href":"https:\/\/cimbcc.org\/test2\/wp-json\/wp\/v2\/media?parent=4173"}],"wp:term":[{"taxonomy":"category","embeddable":true,"href":"https:\/\/cimbcc.org\/test2\/wp-json\/wp\/v2\/categories?post=4173"},{"taxonomy":"post_tag","embeddable":true,"href":"https:\/\/cimbcc.org\/test2\/wp-json\/wp\/v2\/tags?post=4173"}],"curies":[{"name":"wp","href":"https:\/\/api.w.org\/{rel}","templated":true}]}}