{"id":41743,"date":"2022-09-15T18:00:10","date_gmt":"2022-09-15T22:00:10","guid":{"rendered":"https:\/\/cimbcc.org\/test2\/?p=41743"},"modified":"2023-10-16T22:11:08","modified_gmt":"2023-10-17T02:11:08","slug":"echos-du-conseil-dadministration-30-aout-2022","status":"publish","type":"post","link":"https:\/\/cimbcc.org\/test2\/echos-du-conseil-dadministration-30-aout-2022\/","title":{"rendered":"\u00c9chos du conseil d\u2019administration \u2013 30 ao\u00fbt 2022"},"content":{"rendered":"<figure id=\"attachment_40789\" aria-describedby=\"caption-attachment-40789\" style=\"width: 474px\" class=\"wp-caption aligncenter\"><img loading=\"lazy\" decoding=\"async\" class=\"size-full wp-image-40789\" src=\"https:\/\/cimbcc.org\/test2\/wp-content\/uploads\/photo_conseil_dadministration_2021_2022.jpg\" alt=\"\" width=\"474\" height=\"342\" srcset=\"https:\/\/cimbcc.org\/test2\/wp-content\/uploads\/photo_conseil_dadministration_2021_2022.jpg 474w, https:\/\/cimbcc.org\/test2\/wp-content\/uploads\/photo_conseil_dadministration_2021_2022-300x216.jpg 300w\" sizes=\"auto, (max-width: 474px) 100vw, 474px\" \/><figcaption id=\"caption-attachment-40789\" class=\"wp-caption-text\">Dans l&rsquo;ordre habituel : Danielle Barab\u00e9, Nicole Comtois, Michel C\u00f4t\u00e9, R\u00e9jean C\u00f4t\u00e9, Berthe Demers, C\u00e9line Dufresne, Michel Gagn\u00e9, Richard Gervais, Sylvie Mazur, Michel Paul<\/figcaption><\/figure>\n<p style=\"text-align: justify;\">\u00c0 sa r\u00e9union du 30\u00a0ao\u00fbt, le conseil d\u2019administration s\u2019est principalement concentr\u00e9 sur certains sujets reli\u00e9s \u00e0 la rentr\u00e9e de l\u2019automne\u00a02022\u00a0: le d\u00e9roulement des s\u00e9ances du vendredi, la gestion des situations d\u2019urgence m\u00e9dicale, la promotion du Club.<\/p>\n<p style=\"text-align: justify;\">Apr\u00e8s avoir fait le point sur le nombre actuel des adh\u00e9rents au Club, le conseil a pr\u00e9par\u00e9 l\u2019assembl\u00e9e g\u00e9n\u00e9rale annuelle et confirm\u00e9 que six postes d\u2019administrateurs seront \u00e0 pourvoir en octobre.<\/p>\n<p style=\"text-align: justify;\">Enfin, le conseil d\u2019administration a donn\u00e9 le feu vert \u00e0 l\u2019organisation d\u2019un souper de No\u00ebl, le premier depuis d\u00e9cembre 2019.<\/p>\n<p style=\"text-align: justify;\"><!--more--><\/p>\n<hr \/>\n<h4 style=\"text-align: justify;\"><strong>S\u00e9ances du vendredi apr\u00e8s-midi<\/strong><\/h4>\n<p style=\"text-align: justify;\">Apr\u00e8s un dernier essai r\u00e9alis\u00e9 r\u00e9cemment, le conseil d\u2019administration confirme que les s\u00e9ances du vendredi se d\u00e9rouleront en mode hybride, \u00e0 la fois en salle au <a href=\"https:\/\/cimbcc.org\/test2\/chalet-marie-victorin-saint-bruno\" target=\"_blank\" rel=\"noopener\">Chalet Marie-Victorin<\/a> et en ligne gr\u00e2ce \u00e0 l\u2019application Zoom. Elles d\u00e9buteront le <strong>vendredi\u00a016\u00a0septembre<\/strong>. Les s\u00e9ances du mercredi soir se d\u00e9rouleront en ligne exclusivement.<\/p>\n<hr \/>\n<h4 style=\"text-align: justify;\"><strong>Situation d\u2019urgence m\u00e9dicale\u00a0: formation de b\u00e9n\u00e9voles d\u00e9sign\u00e9s<\/strong><\/h4>\n<p style=\"text-align: justify;\">Afin de pouvoir faire face efficacement \u00e0 une situation d\u2019urgence m\u00e9dicale qui pourrait se pr\u00e9senter lors des s\u00e9ances en salle, le conseil d\u2019administration assurera le financement d\u2019une formation de base de deux heures pour quatre b\u00e9n\u00e9voles. Cette formation sera donn\u00e9e par une animatrice mandat\u00e9e par la <em>Fondation des maladies du c\u0153ur<\/em>.<\/p>\n<p style=\"text-align: justify;\">Jeanne Maranda, responsable de l\u2019accueil au <a href=\"https:\/\/cimbcc.org\/test2\/chalet-marie-victorin-saint-bruno\" target=\"_blank\" rel=\"noopener\">Chalet Marie-Victorin<\/a>, et Serge Bernier, responsable de la gestion des ressources mat\u00e9rielles, ont recrut\u00e9 des membres de leurs \u00e9quipes qui acceptent de suivre la formation propos\u00e9e et d\u2019assurer un leadership en situation d\u2019urgence. Les deux responsables se coordonneront pour assurer la pr\u00e9sence d\u2019au moins un de ces b\u00e9n\u00e9voles \u00e0 chaque s\u00e9ance du vendredi apr\u00e8s-midi.<\/p>\n<hr \/>\n<h4><strong>Activit\u00e9s de promotion<\/strong> <strong>du Club<\/strong><\/h4>\n<p style=\"text-align: justify;\">Plusieurs actions de promotion du Club ont \u00e9t\u00e9 pr\u00e9vues par le conseil d\u2019administration dans le plan d\u2019action pour le lancement de la nouvelle saison. L\u2019objectif de ces actions est de recruter de nouveaux membres et d\u2019inciter les membres actuels \u00e0 renouveler leur adh\u00e9sion pour 2022-2023.<\/p>\n<p style=\"text-align: justify;\">Les messages du 20\u00a0ao\u00fbt, du 27\u00a0ao\u00fbt et du 3\u00a0septembre ont pour buts d\u2019informer les membres sur les activit\u00e9s \u00e0 venir au d\u00e9but de septembre et de susciter leur int\u00e9r\u00eat \u00e0 renouveler leur adh\u00e9sion au Club.<\/p>\n<p style=\"text-align: justify;\">Le 14\u00a0ao\u00fbt dernier, Nicole Comtois et Michel Paul ont repr\u00e9sent\u00e9 le Club \u00e0 la <em>Foire des organismes<\/em> lors d\u2019un \u00e9v\u00e9nement organis\u00e9 par la Ville de Saint-Bruno. Ils ont accueilli une quinzaine de visiteurs fort int\u00e9ress\u00e9s. Quelques-uns ont exprim\u00e9 leur intention de devenir membre du Club.<\/p>\n<p style=\"text-align: justify;\">Le 3\u00a0septembre, Nicole Comtois, Berthe Demers et Jean-Fran\u00e7ois Courtoy ont accept\u00e9 de faire la promotion du Club dans le cadre du <em>March\u00e9 public<\/em> de Saint-Bruno.<\/p>\n<p style=\"text-align: justify;\">Enfin, la <em>Journ\u00e9e d\u2019information<\/em> du 6\u00a0septembre a pour but d\u2019informer les visiteurs des diff\u00e9rentes activit\u00e9s propos\u00e9es par le Club et d\u2019accueillir ceux qui veulent devenir membres ou renouveler leur adh\u00e9sion.<\/p>\n<hr \/>\n<h4><strong>Membres<\/strong><\/h4>\n<p style=\"text-align: justify;\">Le 30\u00a0ao\u00fbt, le Club comptait 821\u00a0membres. De nouveaux membres ont \u00e9t\u00e9 recrut\u00e9s et plusieurs membres actuels ont d\u00e9j\u00e0 renouvel\u00e9 leur adh\u00e9sion pour 2022-2023. La liste des membres est mise \u00e0 jour r\u00e9guli\u00e8rement et ceux qui n\u2019auront pas renouvel\u00e9 leur adh\u00e9sion en seront retir\u00e9s en octobre.<\/p>\n<p style=\"text-align: justify;\">Les membres dont l\u2019adh\u00e9sion arrive \u00e0 \u00e9ch\u00e9ance ont re\u00e7u des courriels leur rappelant les diff\u00e9rents moyens mis \u00e0 leur disposition pour renouveler leur adh\u00e9sion et payer leur cotisation annuelle.<\/p>\n<hr \/>\n<h4><strong>Pr\u00e9paration de l\u2019assembl\u00e9e g\u00e9n\u00e9rale annuelle (AGA)<\/strong><\/h4>\n<p style=\"text-align: justify;\">L\u2019assembl\u00e9e g\u00e9n\u00e9rale annuelle a les pouvoirs suivants\u00a0:<\/p>\n<ul style=\"text-align: justify;\">\n<li>\u00c9lire les membres du conseil d\u2019administration.<\/li>\n<li>\u00catre inform\u00e9e des \u00e9tats financiers et des pr\u00e9visions budg\u00e9taires.<\/li>\n<li>Recevoir les rapports annuels du conseil d\u2019administration.<\/li>\n<li>D\u00e9lib\u00e9rer sur toutes les propositions et tous les rapports qui lui sont pr\u00e9sent\u00e9s.<\/li>\n<\/ul>\n<p style=\"text-align: justify;\">Le conseil d\u2019administration a confirm\u00e9 que l\u2019assembl\u00e9e g\u00e9n\u00e9rale annuelle de 2022 se tiendra dans la premi\u00e8re demi-heure de la s\u00e9ance du <strong>mercredi\u00a019\u00a0octobre<\/strong>. Un ordre du jour a \u00e9t\u00e9 adopt\u00e9. Il sera joint \u00e0 l\u2019avis de convocation qui sera transmis aux membres vers le 26\u00a0septembre. Le rapport annuel leur sera transmis avec le message hebdomadaire qui pr\u00e9c\u00e8dera l\u2019AGA.<\/p>\n<hr \/>\n<h4><strong>Appel de candidatures au conseil d\u2019administration<\/strong><\/h4>\n<p style=\"text-align: justify;\">Comme le pr\u00e9voient les <a href=\"https:\/\/cimbcc.org\/test2\/a-propos-du-club\/reglements-du-club\" target=\"_blank\" rel=\"noopener\">R\u00e8glements g\u00e9n\u00e9raux<\/a> du Club, le conseil d\u2019administration est compos\u00e9 d\u2019un maximum de 12\u00a0membres \u00e9lus pour un mandat de deux ans. Six membres sont \u00e9lus chaque ann\u00e9e afin d\u2019assurer la continuit\u00e9 dans la gestion du Club tout en favorisant l\u2019apport de nouveaux venus.<\/p>\n<p style=\"text-align: justify;\">L\u2019avis de convocation \u00e0 l\u2019AGA inclura donc un appel de candidatures pour pourvoir \u00e0 six postes d\u2019administrateurs dot\u00e9s d\u2019un mandat de deux ans.<\/p>\n<p style=\"text-align: justify;\">Tout membre r\u00e9gulier ayant \u0153uvr\u00e9 au Club comme b\u00e9n\u00e9vole est \u00e9ligible au conseil d\u2019administration.<\/p>\n<hr \/>\n<h4><strong>Souper de No\u00ebl<\/strong><\/h4>\n<p style=\"text-align: justify;\">Le conseil d\u2019administration a donn\u00e9 son accord \u00e0 la tenue du souper de No\u00ebl, le <strong>7\u00a0d\u00e9cembre<\/strong> prochain au restaurant <a href=\"https:\/\/lancetre.ca\/\" target=\"_blank\" rel=\"noopener\">L\u2019anc\u00eatre<\/a>. Ce choix est retenu parce qu\u2019il est tr\u00e8s difficile d\u2019organiser, pour un co\u00fbt raisonnable, un souper comme avant la pand\u00e9mie au Centre Marcel-Dulude. La contribution demand\u00e9e aux participants devra \u00eatre de 45 $ pour un membre et de 55 $ pour un non membre.<\/p>\n<p style=\"text-align: justify;\">Walter Pearce fera circuler plus d\u2019information \u00e0 ce sujet. Les membres sont en particulier pri\u00e9s d\u2019\u00eatre attentifs aux messages qui seront diffus\u00e9s avant les s\u00e9ances du mercredi et du vendredi.<\/p>\n<p style=\"text-align: justify;\">Sylvie Mazur<br \/>\nSecr\u00e9taire du conseil d\u2019administration<\/p>\n","protected":false},"excerpt":{"rendered":"<p>\u00c0 sa r\u00e9union du 30\u00a0ao\u00fbt, le conseil d\u2019administration s\u2019est principalement concentr\u00e9 sur certains sujets reli\u00e9s \u00e0 la rentr\u00e9e de l\u2019automne\u00a02022\u00a0: le d\u00e9roulement des s\u00e9ances du vendredi, la gestion des situations d\u2019urgence m\u00e9dicale, la promotion du Club. Apr\u00e8s avoir fait le point sur le nombre actuel des adh\u00e9rents au Club, le conseil a pr\u00e9par\u00e9 l\u2019assembl\u00e9e g\u00e9n\u00e9rale &hellip; <a href=\"https:\/\/cimbcc.org\/test2\/echos-du-conseil-dadministration-30-aout-2022\/\" class=\"more-link\">Continuer la lecture de <span class=\"screen-reader-text\">\u00c9chos du conseil d\u2019administration \u2013 30 ao\u00fbt 2022<\/span>  <span class=\"meta-nav\">&rarr;<\/span><\/a><\/p>\n","protected":false},"author":43,"featured_media":0,"comment_status":"open","ping_status":"closed","sticky":false,"template":"","format":"standard","meta":{"footnotes":""},"categories":[386],"tags":[755,1696,569,1487,594,1675,1651,544,1277,1190],"class_list":["post-41743","post","type-post","status-publish","format-standard","hentry","category-echos-du-conseil-dadministration","tag-aga","tag-appel-de-candidatures","tag-assemblee-generale-annuelle","tag-salle-marie-victorin","tag-membres","tag-presentations-hybrides","tag-souper-de-noel","tag-urgence","tag-videoconference","tag-zoom"],"_links":{"self":[{"href":"https:\/\/cimbcc.org\/test2\/wp-json\/wp\/v2\/posts\/41743","targetHints":{"allow":["GET"]}}],"collection":[{"href":"https:\/\/cimbcc.org\/test2\/wp-json\/wp\/v2\/posts"}],"about":[{"href":"https:\/\/cimbcc.org\/test2\/wp-json\/wp\/v2\/types\/post"}],"author":[{"embeddable":true,"href":"https:\/\/cimbcc.org\/test2\/wp-json\/wp\/v2\/users\/43"}],"replies":[{"embeddable":true,"href":"https:\/\/cimbcc.org\/test2\/wp-json\/wp\/v2\/comments?post=41743"}],"version-history":[{"count":4,"href":"https:\/\/cimbcc.org\/test2\/wp-json\/wp\/v2\/posts\/41743\/revisions"}],"predecessor-version":[{"id":41747,"href":"https:\/\/cimbcc.org\/test2\/wp-json\/wp\/v2\/posts\/41743\/revisions\/41747"}],"wp:attachment":[{"href":"https:\/\/cimbcc.org\/test2\/wp-json\/wp\/v2\/media?parent=41743"}],"wp:term":[{"taxonomy":"category","embeddable":true,"href":"https:\/\/cimbcc.org\/test2\/wp-json\/wp\/v2\/categories?post=41743"},{"taxonomy":"post_tag","embeddable":true,"href":"https:\/\/cimbcc.org\/test2\/wp-json\/wp\/v2\/tags?post=41743"}],"curies":[{"name":"wp","href":"https:\/\/api.w.org\/{rel}","templated":true}]}}