{"id":41835,"date":"2022-10-15T22:00:16","date_gmt":"2022-10-16T02:00:16","guid":{"rendered":"https:\/\/cimbcc.org\/test2\/?p=41835"},"modified":"2023-10-16T22:11:07","modified_gmt":"2023-10-17T02:11:07","slug":"ios-16-et-ipados-16-arrivent","status":"publish","type":"post","link":"https:\/\/cimbcc.org\/test2\/ios-16-et-ipados-16-arrivent\/","title":{"rendered":"iOS 16 et iPadOS 16 arrivent"},"content":{"rendered":"<figure id=\"attachment_24125\" aria-describedby=\"caption-attachment-24125\" style=\"width: 125px\" class=\"wp-caption aligncenter\"><img loading=\"lazy\" decoding=\"async\" class=\"size-full wp-image-24125\" src=\"https:\/\/cimbcc.org\/test2\/wp-content\/uploads\/photo_pepin_yves.jpg\" alt=\"\" width=\"125\" height=\"125\" \/><figcaption id=\"caption-attachment-24125\" class=\"wp-caption-text\"><span style=\"color: #ffffff;\">mmimm<\/span>Yves P\u00e9pin<\/figcaption><\/figure>\n<p style=\"text-align: justify;\">Le 12 septembre dernier, Apple lancait la version <a href=\"https:\/\/fr.wikipedia.org\/wiki\/IOS_16\" target=\"_blank\" rel=\"noopener\">iOS 16<\/a> pour les <a href=\"https:\/\/www.iphon.fr\/post\/liste-iphone-compatibles-ios-16\" target=\"_blank\" rel=\"noopener\">iPhone 8 et plus r\u00e9cents<\/a>.<\/p>\n<p style=\"text-align: justify;\">La version publique de <a href=\"https:\/\/fr.wikipedia.org\/wiki\/IPadOS_16\" target=\"_blank\" rel=\"noopener\">iPadOS 16<\/a> sera bient\u00f4t <a href=\"https:\/\/www.iphon.fr\/post\/quels-ipad-compatibles-ipados-16\" target=\"_blank\" rel=\"noopener\">disponible pour<\/a> :<\/p>\n<ul style=\"text-align: justify;\">\n<li>les iPad mini de 5<sup>e<\/sup> et 6<sup>e <\/sup>g\u00e9n\u00e9rations ;<\/li>\n<li>les iPad de 5<sup>e <\/sup>g\u00e9n\u00e9ration ou plus r\u00e9cents ;<\/li>\n<li>les iPad Air de 3<sup>e <\/sup>g\u00e9n\u00e9ration ou plus r\u00e9cents ;<\/li>\n<li>tous les iPad Pro.<\/li>\n<\/ul>\n<p><!--more--><\/p>\n<p style=\"text-align: justify;\">Si vous d\u00e9sirez avoir un aper\u00e7u des nouveaut\u00e9s des versions iOS 16 et iPadOS 16, je vous invite \u00e0 consulter le site Web <em>iPhon.fr<\/em> en <a href=\"https:\/\/www.iphon.fr\/post\/ios-16-quelles-nouveautes\" target=\"_blank\" rel=\"noopener\">cliquant ici<\/a>.<\/p>\n<p style=\"text-align: justify;\">Je vous rappelle, comme \u00e0 chaque ann\u00e9e, d&rsquo;attendre quelques semaines avant de proc\u00e9der \u00e0 l&rsquo;installation de ces nouveaux syst\u00e8mes d&rsquo;exploitation.<\/p>\n<p style=\"text-align: justify;\">Yves P\u00e9pin<\/p>\n","protected":false},"excerpt":{"rendered":"<p>Le 12 septembre dernier, Apple lancait la version iOS 16 pour les iPhone 8 et plus r\u00e9cents. La version publique de iPadOS 16 sera bient\u00f4t disponible pour : les iPad mini de 5e et 6e g\u00e9n\u00e9rations ; les iPad de 5e g\u00e9n\u00e9ration ou plus r\u00e9cents ; les iPad Air de 3e g\u00e9n\u00e9ration ou plus r\u00e9cents &hellip; <a href=\"https:\/\/cimbcc.org\/test2\/ios-16-et-ipados-16-arrivent\/\" class=\"more-link\">Continuer la lecture de <span class=\"screen-reader-text\">iOS 16 et iPadOS 16 arrivent<\/span>  <span class=\"meta-nav\">&rarr;<\/span><\/a><\/p>\n","protected":false},"author":43,"featured_media":0,"comment_status":"open","ping_status":"closed","sticky":false,"template":"","format":"standard","meta":{"footnotes":""},"categories":[403],"tags":[427,1574,55,1714,216],"class_list":["post-41835","post","type-post","status-publish","format-standard","hentry","category-applications","tag-apple","tag-ios-16","tag-ipad","tag-ipados-16","tag-iphone"],"_links":{"self":[{"href":"https:\/\/cimbcc.org\/test2\/wp-json\/wp\/v2\/posts\/41835","targetHints":{"allow":["GET"]}}],"collection":[{"href":"https:\/\/cimbcc.org\/test2\/wp-json\/wp\/v2\/posts"}],"about":[{"href":"https:\/\/cimbcc.org\/test2\/wp-json\/wp\/v2\/types\/post"}],"author":[{"embeddable":true,"href":"https:\/\/cimbcc.org\/test2\/wp-json\/wp\/v2\/users\/43"}],"replies":[{"embeddable":true,"href":"https:\/\/cimbcc.org\/test2\/wp-json\/wp\/v2\/comments?post=41835"}],"version-history":[{"count":10,"href":"https:\/\/cimbcc.org\/test2\/wp-json\/wp\/v2\/posts\/41835\/revisions"}],"predecessor-version":[{"id":42094,"href":"https:\/\/cimbcc.org\/test2\/wp-json\/wp\/v2\/posts\/41835\/revisions\/42094"}],"wp:attachment":[{"href":"https:\/\/cimbcc.org\/test2\/wp-json\/wp\/v2\/media?parent=41835"}],"wp:term":[{"taxonomy":"category","embeddable":true,"href":"https:\/\/cimbcc.org\/test2\/wp-json\/wp\/v2\/categories?post=41835"},{"taxonomy":"post_tag","embeddable":true,"href":"https:\/\/cimbcc.org\/test2\/wp-json\/wp\/v2\/tags?post=41835"}],"curies":[{"name":"wp","href":"https:\/\/api.w.org\/{rel}","templated":true}]}}