{"id":4191,"date":"2013-01-09T10:00:54","date_gmt":"2013-01-09T15:00:54","guid":{"rendered":"https:\/\/cimbcc.org\/test2\/?p=4191"},"modified":"2023-10-16T22:17:12","modified_gmt":"2023-10-17T02:17:12","slug":"editorial-janvier-2013","status":"publish","type":"post","link":"https:\/\/cimbcc.org\/test2\/editorial-janvier-2013\/","title":{"rendered":"\u00c9ditorial &#8211; janvier 2013"},"content":{"rendered":"<p style=\"text-align: center;\"><a href=\"https:\/\/cimbcc.org\/test2\/editorial-fevrier-2013\/photo-andre-charest-editorial-2\" rel=\"attachment wp-att-5376\"><img loading=\"lazy\" decoding=\"async\" class=\"aligncenter size-full wp-image-5376\" src=\"https:\/\/cimbcc.org\/test2\/wp-content\/uploads\/Photo-Andre-Charest-Editorial1.jpg\" alt=\"Photo-Andre-Charest-Editorial\" width=\"300\" height=\"82\" \/><\/a><\/p>\n<h4 style=\"text-align: left;\">R\u00e9duire sa vie?<\/h4>\n<p style=\"text-align: justify;\">On n\u2019y porte pas attention. La chose peut nous arriver autant qu\u2019aux autres. Si on s\u2019y int\u00e9resse, on constate autour de soi des gens qui r\u00e9duisent leur vie. La chose peut se produire sans raison apparente, mais elle survient souvent par suite d\u2019un \u00e9v\u00e9nement marquant comme un d\u00e9part \u00e0 la retraite, la perte d\u2019un \u00eatre cher (peu importe la fa\u00e7on), une maladie, un d\u00e9m\u00e9nagement, etc.<\/p>\n<p style=\"text-align: justify;\"><!--more--><\/p>\n<p style=\"text-align: justify;\">Il arrive qu\u2019on n\u2019ait pas le choix. La maladie par exemple peut nous obliger \u00e0 le faire. Mais est-ce toujours le cas? Poser la question, c\u2019est y r\u00e9pondre.<\/p>\n<p style=\"text-align: justify;\">Prenons un cas de d\u00e9part \u00e0 la retraite o\u00f9 le principal milieu social du retrait\u00e9 \u00e9tait son entourage au travail. Celui-ci peut d\u00e9cider de ne pas remplacer ce milieu social par un autre ou de ne pas compenser ce manque d\u2019une autre fa\u00e7on. Ce retrait\u00e9 vient de r\u00e9duire sa vie.<\/p>\n<p style=\"text-align: justify;\">Presque tout le monde conna\u00eet un couple aimant et stable qui s\u2019est form\u00e9 gr\u00e2ce \u00e0 un site de rencontres. Bien s\u00fbr, il faut \u00eatre tr\u00e8s prudent quand on cherche l\u2019\u00e2me s\u0153ur de cette fa\u00e7on. Je connais un couple qui s\u2019est form\u00e9 il y a cinq ou six\u00a0ans gr\u00e2ce \u00e0 un site de rencontres et qui aujourd\u2019hui va tr\u00e8s bien. Les deux\u00a0tourtereaux n\u2019auraient autrement jamais eu une chance de se rencontrer, chacun vivant dans un milieu diff\u00e9rent \u00e0 plusieurs kilom\u00e8tres l\u2019un de l\u2019autre. L\u2019homme \u00e9tait veuf et la femme divorc\u00e9e. Ni l\u2019un ni l\u2019autre ne voulait r\u00e9duire sa vie. Ils ont choisi de partir \u00e0 la recherche de l\u2019\u00e2me s\u0153ur en utilisant une vieille m\u00e9thode, rendue moderne gr\u00e2ce \u00e0 Internet.<\/p>\n<p style=\"text-align: justify;\">Ce n\u2019est pas la seule fa\u00e7on d\u2019\u00e9viter de r\u00e9duire sa vie. Un nouveau retrait\u00e9 pourrait d\u00e9cider de remplacer son milieu de travail perdu en se portant volontaire \u00e0 une soupe populaire. Il se rendrait utile \u00e0 la soci\u00e9t\u00e9 tout en d\u00e9couvrant un milieu social de remplacement. Il y tisserait des liens avec des gens qui ont \u00e0 c\u0153ur le bien des autres.<\/p>\n<p style=\"text-align: justify;\">Je connais un retrait\u00e9 qui donne de son temps en effectuant le transport de personnes d\u00e9munies entre leur domicile et l\u2019h\u00f4pital ou le m\u00e9decin pour se rendre \u00e0 des rendez-vous. D\u2019autres retrait\u00e9s suivent des cours \u00e0 l\u2019universit\u00e9 du troisi\u00e8me\u00a0\u00e2ge ou \u00e0 l\u2019universit\u00e9 tout court. Il y a quantit\u00e9 de gens qui entreprennent, une fois \u00e0 la retraite, des projets dont ils ont toujours r\u00eav\u00e9, mais n\u2019ont pu r\u00e9aliser avant faute de temps.<\/p>\n<p style=\"text-align: justify;\">Je reviens \u00e0 mes tourtereaux. Lui a sa r\u00e9sidence principale \u00e0 Laval et poss\u00e8de une maison de campagne \u00e0 L\u2019Assomption; elle a un condo \u00e0 l\u2019\u00cele-des-S\u0153urs. Ils passent de trois \u00e0 quatre\u00a0jours par semaine ensemble \u00e0 la maison de campagne et le reste du temps chacun chez soi, sauf pour des sorties. Et tout cela, gr\u00e2ce \u00e0 leurs initiatives respectives et \u00e0 Internet. Le cas est assez spectaculaire pour qui les connait. Mais il y a \u00e9norm\u00e9ment d\u2019autres exemples moins frappants, mais tout aussi heureux.<\/p>\n<p style=\"text-align: justify;\">Internet est une source importante de renseignements de toutes sortes pour nous aider \u00e0 ne pas r\u00e9duire nos vies. Il faut juste r\u00e9fl\u00e9chir \u00e0 sa vie et se demander si on n\u2019est pas en train de la r\u00e9duire ou si on ne l\u2019a pas d\u00e9j\u00e0 fait. Il n\u2019est pas n\u00e9cessaire d\u2019attendre le d\u00e9part \u00e0 la retraite pour faire cet exercice. R\u00e9duire sa vie peut arriver, m\u00eame si l\u2019on est encore au travail.<\/p>\n<p style=\"text-align: justify;\">En ce d\u00e9but d\u2019ann\u00e9e\u00a02013, comme \u00e0 tous les d\u00e9buts d\u2019ann\u00e9e, le temps est \u00e0 la prise de r\u00e9solutions. Prenons donc la r\u00e9solution de nous interroger sur notre vie et son sens. Demandons-nous si nous ne sommes pas en train de la r\u00e9duire ou ne l\u2019avons pas d\u00e9j\u00e0 fait. L\u2019exercice termin\u00e9, si effectivement, nous constatons que nous sommes en train ou avons d\u00e9j\u00e0 r\u00e9duit notre vie sans justification valable, cherchons comment \u00e9viter ce pi\u00e8ge ou en sortir. Dans les moyens \u00e0 notre disposition pour y arriver, n\u2019oublions pas Internet, cette source jamais \u00e9gal\u00e9e auparavant de renseignements de toutes sortes.<\/p>\n<p style=\"text-align: justify;\">Nous avons la grande chance de vivre dans un pays riche o\u00f9 le nombre de possibilit\u00e9s est immense. Nous serions bien b\u00eates de nous en priver. Profitons des opportunit\u00e9s qui s\u2019offrent \u00e0 nous pour ne pas r\u00e9duire nos vies.<\/p>\n<p style=\"text-align: justify;\">Bonne ann\u00e9e\u00a02013.<\/p>\n<p style=\"text-align: justify;\">Andr\u00e9 Charest<\/p>\n","protected":false},"excerpt":{"rendered":"<p>R\u00e9duire sa vie? On n\u2019y porte pas attention. La chose peut nous arriver autant qu\u2019aux autres. Si on s\u2019y int\u00e9resse, on constate autour de soi des gens qui r\u00e9duisent leur vie. La chose peut se produire sans raison apparente, mais elle survient souvent par suite d\u2019un \u00e9v\u00e9nement marquant comme un d\u00e9part \u00e0 la retraite, la &hellip; <a href=\"https:\/\/cimbcc.org\/test2\/editorial-janvier-2013\/\" class=\"more-link\">Continuer la lecture de <span class=\"screen-reader-text\">\u00c9ditorial &#8211; janvier 2013<\/span>  <span class=\"meta-nav\">&rarr;<\/span><\/a><\/p>\n","protected":false},"author":43,"featured_media":0,"comment_status":"open","ping_status":"closed","sticky":false,"template":"","format":"standard","meta":{"footnotes":""},"categories":[8],"tags":[126,154,273,272],"class_list":["post-4191","post","type-post","status-publish","format-standard","hentry","category-editoriaux","tag-benevoles","tag-internet","tag-reduire-sa-vie","tag-retraite"],"_links":{"self":[{"href":"https:\/\/cimbcc.org\/test2\/wp-json\/wp\/v2\/posts\/4191","targetHints":{"allow":["GET"]}}],"collection":[{"href":"https:\/\/cimbcc.org\/test2\/wp-json\/wp\/v2\/posts"}],"about":[{"href":"https:\/\/cimbcc.org\/test2\/wp-json\/wp\/v2\/types\/post"}],"author":[{"embeddable":true,"href":"https:\/\/cimbcc.org\/test2\/wp-json\/wp\/v2\/users\/43"}],"replies":[{"embeddable":true,"href":"https:\/\/cimbcc.org\/test2\/wp-json\/wp\/v2\/comments?post=4191"}],"version-history":[{"count":26,"href":"https:\/\/cimbcc.org\/test2\/wp-json\/wp\/v2\/posts\/4191\/revisions"}],"predecessor-version":[{"id":25774,"href":"https:\/\/cimbcc.org\/test2\/wp-json\/wp\/v2\/posts\/4191\/revisions\/25774"}],"wp:attachment":[{"href":"https:\/\/cimbcc.org\/test2\/wp-json\/wp\/v2\/media?parent=4191"}],"wp:term":[{"taxonomy":"category","embeddable":true,"href":"https:\/\/cimbcc.org\/test2\/wp-json\/wp\/v2\/categories?post=4191"},{"taxonomy":"post_tag","embeddable":true,"href":"https:\/\/cimbcc.org\/test2\/wp-json\/wp\/v2\/tags?post=4191"}],"curies":[{"name":"wp","href":"https:\/\/api.w.org\/{rel}","templated":true}]}}