{"id":42078,"date":"2022-10-20T14:00:00","date_gmt":"2022-10-20T18:00:00","guid":{"rendered":"https:\/\/cimbcc.org\/test2\/?p=42078"},"modified":"2023-10-16T22:11:07","modified_gmt":"2023-10-17T02:11:07","slug":"echos-du-conseil-dadministration-4-octobre-2022","status":"publish","type":"post","link":"https:\/\/cimbcc.org\/test2\/echos-du-conseil-dadministration-4-octobre-2022\/","title":{"rendered":"\u00c9chos du conseil d&rsquo;administration &#8211; 4 octobre 2022"},"content":{"rendered":"<figure id=\"attachment_40789\" aria-describedby=\"caption-attachment-40789\" style=\"width: 474px\" class=\"wp-caption aligncenter\"><img loading=\"lazy\" decoding=\"async\" class=\"size-full wp-image-40789\" src=\"https:\/\/cimbcc.org\/test2\/wp-content\/uploads\/photo_conseil_dadministration_2021_2022.jpg\" alt=\"\" width=\"474\" height=\"342\" srcset=\"https:\/\/cimbcc.org\/test2\/wp-content\/uploads\/photo_conseil_dadministration_2021_2022.jpg 474w, https:\/\/cimbcc.org\/test2\/wp-content\/uploads\/photo_conseil_dadministration_2021_2022-300x216.jpg 300w\" sizes=\"auto, (max-width: 474px) 100vw, 474px\" \/><figcaption id=\"caption-attachment-40789\" class=\"wp-caption-text\">Dans l&rsquo;ordre habituel : Danielle Barab\u00e9, Nicole Comtois, Michel C\u00f4t\u00e9, R\u00e9jean C\u00f4t\u00e9, Berthe Demers, C\u00e9line Dufresne, Michel Gagn\u00e9, Richard Gervais, Sylvie Mazur, Michel Paul<\/figcaption><\/figure>\n<p style=\"text-align: justify;\">Les activit\u00e9s de la nouvelle saison du Club ont \u00e9t\u00e9 lanc\u00e9es par plusieurs \u00e9v\u00e9nements. \u00c0 sa r\u00e9union du 4\u00a0octobre, le conseil d\u2019administration a fait le bilan de ce d\u00e9but d\u2019ann\u00e9e et a retenu des orientations pour l\u2019an prochain.<\/p>\n<p style=\"text-align: justify;\">Le conseil d\u2019administration a aussi salu\u00e9 la contribution nouvelle de deux b\u00e9n\u00e9voles. Enfin, il a fait le point sur les publications du CHIP et sur la r\u00e9ponse de ses abonn\u00e9s au cours de l\u2019ann\u00e9e derni\u00e8re.<\/p>\n<p><!--more--><\/p>\n<hr \/>\n<h4><strong>D\u00e9but des activit\u00e9s de l\u2019automne\u00a02022<\/strong><\/h4>\n<h5 style=\"text-align: justify;\"><em>Journ\u00e9e d\u2019information du 6\u00a0septembre<\/em><\/h5>\n<p style=\"text-align: justify;\">Au moins une soixantaine de personnes se sont pr\u00e9sent\u00e9es au Centre communautaire pour adh\u00e9rer au Club ou pour renouveler leur adh\u00e9sion, et pour assister \u00e0 la pr\u00e9sentation de Michel Gagn\u00e9. Cette pr\u00e9sentation a \u00e9t\u00e9 r\u00e9p\u00e9t\u00e9e en ligne dans la soir\u00e9e; 80\u00a0personnes y ont particip\u00e9.<\/p>\n<p style=\"text-align: justify;\">La coordonnatrice de la <em>Journ\u00e9e d\u2019information<\/em>, Nicole Comtois, a rapport\u00e9 que plusieurs visiteurs ont \u00e9mis des commentaires tr\u00e8s positifs sur l\u2019accueil re\u00e7u par les b\u00e9n\u00e9voles, sur l\u2019aide obtenue pour s\u2019orienter vers le bon endroit, sur la r\u00e9ponse \u00e0 leurs questions.<\/p>\n<p style=\"text-align: justify;\">Pour l\u2019an prochain, Nicole Comtois a recommand\u00e9 l\u2019adoption de l\u2019horaire pr\u00e9vu \u00e0 l\u2019origine, de 13\u00a0h\u00a030 \u00e0 16\u00a0h, pour l\u2019accueil des visiteurs au <a href=\"https:\/\/cimbcc.org\/test2\/centre-communautaire\" target=\"_blank\" rel=\"noopener\">Centre communautaire<\/a>. Les m\u00eames salles pourront \u00eatre r\u00e9serv\u00e9es, mais en y ajoutant une salle afin d\u2019installer dans des salles diff\u00e9rentes les b\u00e9n\u00e9voles qui renouvellent les adh\u00e9sions et les b\u00e9n\u00e9voles qui enregistrent les adh\u00e9sions initiales.<\/p>\n<h5 style=\"text-align: justify;\"><em><strong> Lancement de la saison\u00a0: s\u00e9ance du mercredi\u00a014\u00a0septembre<\/strong><\/em><\/h5>\n<p style=\"text-align: justify;\">Cette activit\u00e9 de lancement \u00e9tait une nouveaut\u00e9 \u00e0 laquelle 122 membres ont particip\u00e9 en ligne. Si certains \u00e9l\u00e9ments ont \u00e9t\u00e9 jug\u00e9s trop longs, le conseil consid\u00e8re quand m\u00eame que cet \u00e9v\u00e9nement est \u00e0 r\u00e9p\u00e9ter. Le groupe responsable de cette activit\u00e9 se r\u00e9unira l\u2019hiver prochain pour pr\u00e9parer le contenu de la s\u00e9ance de lancement de septembre 2023.<\/p>\n<h5 style=\"text-align: justify;\"><em>S\u00e9ances de pr\u00e9sentations du vendredi apr\u00e8s-midi<\/em><\/h5>\n<p style=\"text-align: justify;\">Le d\u00e9fi de cet automne est de tenir ces s\u00e9ances en mode hybride, c\u2019est-\u00e0-dire en salle au <a href=\"https:\/\/cimbcc.org\/test2\/chalet-marie-victorin-saint-bruno\" target=\"_blank\" rel=\"noopener\">Chalet Marie-Victorin<\/a> et simultan\u00e9ment en ligne en utilisant l\u2019application Zoom comme pour les autres vid\u00e9oconf\u00e9rences du Club. Les difficult\u00e9s du d\u00e9but s\u2019estompent progressivement.<\/p>\n<p style=\"text-align: justify;\">Les difficult\u00e9s rencontr\u00e9es sont particuli\u00e8rement li\u00e9es \u00e0 la connexion \u00e0 Internet. La bande passante fournie par la Ville est insuffisante. Les responsables de la Ville sont conscients des probl\u00e8mes que nous rencontrons et ils nous appuient dans la recherche de solutions.<\/p>\n<p style=\"text-align: justify;\">Apr\u00e8s un an d\u2019inactivit\u00e9, il faut souligner la fid\u00e9lit\u00e9 des b\u00e9n\u00e9voles de <a href=\"https:\/\/cimbcc.org\/test2\/autres-services\/accueil-en-salle\" target=\"_blank\" rel=\"noopener\">l\u2019accueil en salle<\/a> et de la <a href=\"https:\/\/cimbcc.org\/test2\/a-propos-du-club\/nos-activites\/gestion-des-ressources-materielles\" target=\"_blank\" rel=\"noopener\">gestion des ressources mat\u00e9rielles<\/a> qui ont r\u00e9pondu pr\u00e9sents \u00e0 l\u2019appel qui leur a \u00e9t\u00e9 lanc\u00e9.<\/p>\n<h5 style=\"text-align: justify;\"><em><strong> Plan d\u2019action pour le lancement de la nouvelle ann\u00e9e d\u2019activit\u00e9s\u00a0<\/strong><\/em><\/h5>\n<p style=\"text-align: justify;\">Le conseil d\u2019administration s\u2019est dot\u00e9 d\u2019une planification qui jusqu\u2019\u00e0 maintenant a \u00e9t\u00e9 respect\u00e9e. Ce plan d\u2019action sera repris l\u2019an prochain pour lancer la saison\u00a02023-2024.<\/p>\n<hr \/>\n<h4><strong>B\u00e9n\u00e9voles<\/strong><\/h4>\n<p style=\"text-align: justify;\">C\u00e9line Dion a accept\u00e9 de se joindre \u00e0 l\u2019\u00e9quipe des mod\u00e9rateurs des s\u00e9ances qui se d\u00e9roulent par vid\u00e9oconf\u00e9rence. Cette t\u00e2che s\u2019ajoute \u00e0 sa participation \u00e0 la gestion du registre des membres et \u00e0 la r\u00e9daction d\u2019articles pour le CHIP.<\/p>\n<p style=\"text-align: justify;\">Michel Th\u00e9roux prendra part aux activit\u00e9s de l\u2019\u00e9quipe de l\u2019adh\u00e9sion t\u00e9l\u00e9phonique et il participera avec Berthe Demers \u00e0 la relance t\u00e9l\u00e9phonique des membres qui n\u2019ont pas encore renouvel\u00e9 leur adh\u00e9sion.<\/p>\n<hr \/>\n<h4><strong>Le CHIP\u00a0: bilan et orientations<\/strong><\/h4>\n<p style=\"text-align: justify;\">Au d\u00e9but d\u2019octobre, le <a href=\"https:\/\/cimbcc.org\/test2\/partage-de-connaissances\/chip\" target=\"_blank\" rel=\"noopener\">CHIP<\/a> avait 1\u00a0835 abonn\u00e9s, alors qu\u2019ils \u00e9taient 1\u00a0783 \u00e0 la fin de l\u2019ann\u00e9e budg\u00e9taire du Club, le 30 juin.<\/p>\n<p style=\"text-align: justify;\">En 2021-2022, le CHIP a publi\u00e9 104 articles au rythme moyen de deux ou trois articles par semaine. L\u2019infolettre annon\u00e7ant la publication d\u2019un nouvel article a \u00e9t\u00e9 ouverte par une moyenne de 1\u00a0041 abonn\u00e9s, et ce sont en moyenne 359 d\u2019entre eux qui ont cliqu\u00e9 sur le lien pour poursuivre la lecture de l\u2019article.<\/p>\n<p style=\"text-align: justify;\">Selon Richard Gervais, responsable du CHIP, la proportion des membres qui ont continu\u00e9 leur lecture est stable d\u2019une ann\u00e9e \u00e0 l\u2019autre. Les articles les plus populaires ont \u00e9t\u00e9 ceux qui portaient sur des sujets li\u00e9s \u00e0 l\u2019argent et \u00e0 l\u2019hame\u00e7onnage. Ces articles ont aussi recueilli le plus grand nombre de commentaires.<\/p>\n<p style=\"text-align: justify;\">Le conseil d\u2019administration a remerci\u00e9 Richard Gervais et les auteurs des articles publi\u00e9s par le CHIP. Le nombre de ces derniers est assez stable, mais l\u2019apport de nouveaux auteurs serait bien appr\u00e9ci\u00e9. Le conseil invite toute personne qui le peut \u00e0 contribuer \u00e0 la diffusion d\u2019une information int\u00e9ressante sur l\u2019informatique et son utilisation.<\/p>\n<p style=\"text-align: justify;\">Sylvie Mazur, secr\u00e9taire du conseil d\u2019administration<\/p>\n","protected":false},"excerpt":{"rendered":"<p>Les activit\u00e9s de la nouvelle saison du Club ont \u00e9t\u00e9 lanc\u00e9es par plusieurs \u00e9v\u00e9nements. \u00c0 sa r\u00e9union du 4\u00a0octobre, le conseil d\u2019administration a fait le bilan de ce d\u00e9but d\u2019ann\u00e9e et a retenu des orientations pour l\u2019an prochain. Le conseil d\u2019administration a aussi salu\u00e9 la contribution nouvelle de deux b\u00e9n\u00e9voles. Enfin, il a fait le &hellip; <a href=\"https:\/\/cimbcc.org\/test2\/echos-du-conseil-dadministration-4-octobre-2022\/\" class=\"more-link\">Continuer la lecture de <span class=\"screen-reader-text\">\u00c9chos du conseil d&rsquo;administration &#8211; 4 octobre 2022<\/span>  <span class=\"meta-nav\">&rarr;<\/span><\/a><\/p>\n","protected":false},"author":43,"featured_media":0,"comment_status":"open","ping_status":"closed","sticky":false,"template":"","format":"standard","meta":{"footnotes":""},"categories":[386],"tags":[126,246,143,1713,271,1675,1186,1277,1190],"class_list":["post-42078","post","type-post","status-publish","format-standard","hentry","category-echos-du-conseil-dadministration","tag-benevoles","tag-chip","tag-journee-dinformation-et-dinscription","tag-lancement-de-la-saison","tag-presentations","tag-presentations-hybrides","tag-seances-du-mercredi-et-du-vendredi","tag-videoconference","tag-zoom"],"_links":{"self":[{"href":"https:\/\/cimbcc.org\/test2\/wp-json\/wp\/v2\/posts\/42078","targetHints":{"allow":["GET"]}}],"collection":[{"href":"https:\/\/cimbcc.org\/test2\/wp-json\/wp\/v2\/posts"}],"about":[{"href":"https:\/\/cimbcc.org\/test2\/wp-json\/wp\/v2\/types\/post"}],"author":[{"embeddable":true,"href":"https:\/\/cimbcc.org\/test2\/wp-json\/wp\/v2\/users\/43"}],"replies":[{"embeddable":true,"href":"https:\/\/cimbcc.org\/test2\/wp-json\/wp\/v2\/comments?post=42078"}],"version-history":[{"count":5,"href":"https:\/\/cimbcc.org\/test2\/wp-json\/wp\/v2\/posts\/42078\/revisions"}],"predecessor-version":[{"id":42083,"href":"https:\/\/cimbcc.org\/test2\/wp-json\/wp\/v2\/posts\/42078\/revisions\/42083"}],"wp:attachment":[{"href":"https:\/\/cimbcc.org\/test2\/wp-json\/wp\/v2\/media?parent=42078"}],"wp:term":[{"taxonomy":"category","embeddable":true,"href":"https:\/\/cimbcc.org\/test2\/wp-json\/wp\/v2\/categories?post=42078"},{"taxonomy":"post_tag","embeddable":true,"href":"https:\/\/cimbcc.org\/test2\/wp-json\/wp\/v2\/tags?post=42078"}],"curies":[{"name":"wp","href":"https:\/\/api.w.org\/{rel}","templated":true}]}}