{"id":42138,"date":"2022-10-26T22:55:40","date_gmt":"2022-10-27T02:55:40","guid":{"rendered":"https:\/\/cimbcc.org\/test2\/?p=42138"},"modified":"2023-10-16T22:11:07","modified_gmt":"2023-10-17T02:11:07","slug":"le-musee-virtuel-dhistoire-politique-du-quebec","status":"publish","type":"post","link":"https:\/\/cimbcc.org\/test2\/le-musee-virtuel-dhistoire-politique-du-quebec\/","title":{"rendered":"Le mus\u00e9e virtuel d\u2019histoire politique du Qu\u00e9bec"},"content":{"rendered":"<figure id=\"attachment_37238\" aria-describedby=\"caption-attachment-37238\" style=\"width: 125px\" class=\"wp-caption aligncenter\"><img loading=\"lazy\" decoding=\"async\" class=\"size-full wp-image-37238\" src=\"https:\/\/cimbcc.org\/test2\/wp-content\/uploads\/photo_dion_celine.jpg\" alt=\"\" width=\"125\" height=\"125\" \/><figcaption id=\"caption-attachment-37238\" class=\"wp-caption-text\"><span style=\"color: #ffffff;\">mmmn<\/span>C\u00e9line Dion<\/figcaption><\/figure>\n<p style=\"text-align: justify;\">Si l\u2019histoire de la politique du Qu\u00e9bec vous int\u00e9resse, je vous invite \u00e0 d\u00e9couvrir, si ce n\u2019est d\u00e9j\u00e0 fait, le <a href=\"https:\/\/www.politiquequebec.com\/\" target=\"_blank\" rel=\"noopener\">Mus\u00e9e virtuel d&rsquo;histoire politique du Qu\u00e9bec,<\/a>\u00a0cr\u00e9\u00e9 en octobre 2020 par Dave Turcotte, ancien d\u00e9put\u00e9 p\u00e9quiste de St-Jean-sur-Richelieu de 2008 \u00e0 2018, et passionn\u00e9 d\u2019histoire politique.<\/p>\n<p style=\"text-align: justify;\">Bien qu\u2019il y ait peu de pages \u00e0 visiter, l\u2019information disponible est tr\u00e8s int\u00e9ressante et enrichissante afin de mieux conna\u00eetre l\u2019histoire politique du Qu\u00e9bec. Entre autres, on y d\u00e9couvre une biographie de tous nos premiers ministres ainsi que l\u2019histoire de notre drapeau et de nos embl\u00e8mes. Plusieurs d\u00e9coupures de vieux journaux y sont aussi pr\u00e9sent\u00e9es.<\/p>\n<p><!--more--><\/p>\n<p style=\"text-align: justify;\">Sur la page d\u2019accueil, quatre sujets sont pr\u00e9sent\u00e9s sous le titre <a href=\"https:\/\/www.politiquequebec.com\/\" target=\"_blank\" rel=\"noopener\"><strong><em>Nos salles d\u2019expositions<\/em><\/strong><\/a> :<\/p>\n<ul style=\"text-align: justify;\">\n<li><a href=\"https:\/\/www.politiquequebec.com\/elections\" target=\"_blank\" rel=\"noopener\">\u00c9lections<\/a><\/li>\n<li><a href=\"https:\/\/www.politiquequebec.com\/premiersministres\" target=\"_blank\" rel=\"noopener\">Premiers ministres<\/a><\/li>\n<li>D\u00e9put\u00e9s (\u00e0 venir)<\/li>\n<li><a href=\"https:\/\/www.politiquequebec.com\/thematiques\" target=\"_blank\" rel=\"noopener\">Th\u00e9matiques<\/a>\n<ul style=\"text-align: justify;\">\n<li><a href=\"https:\/\/www.politiquequebec.com\/drapeau\" target=\"_blank\" rel=\"noopener\">Je me souviens<\/a><\/li>\n<li><a href=\"https:\/\/www.politiquequebec.com\/femmes\" target=\"_blank\" rel=\"noopener\">Femmes &amp; politique<\/a><\/li>\n<li><a href=\"https:\/\/www.politiquequebec.com\/tourisme\" target=\"_blank\" rel=\"noopener\">Sur les routes du Qu\u00e9bec<\/a><\/li>\n<li><a href=\"https:\/\/www.politiquequebec.com\/patriotes\" target=\"_blank\" rel=\"noopener\">Journ\u00e9e nationale des Patriotes<\/a><\/li>\n<\/ul>\n<\/li>\n<\/ul>\n<p style=\"text-align: justify;\">Chacune de ces salles d\u2019exposition virtuelle contient une volumineuse information appuy\u00e9e par des documents d&rsquo;\u00e9poque.<\/p>\n<p style=\"text-align: justify;\">Il est possible de collaborer \u00e0 ce site Web en <a href=\"https:\/\/www.politiquequebec.com\/contact\" target=\"_blank\" rel=\"noopener\">donnant des artefacts politiques<\/a>. Donc la prochaine fois que vous avez du temps libre, allez dans vos archives ! Il s&rsquo;y trouve peut-\u00eatre des choses pouvant enrichir ce mus\u00e9e virtuel de l\u2019histoire politique du Qu\u00e9bec.<\/p>\n<p style=\"text-align: justify;\">Il s&rsquo;agit d&rsquo;un bon site \u00e0 sugg\u00e9rer \u00e0 un(e) \u00e9tudiant(e)\u00a0dans le cadre d&rsquo;un projet de recherche scolaire.<\/p>\n<p>C\u00e9line Dion<\/p>\n","protected":false},"excerpt":{"rendered":"<p>Si l\u2019histoire de la politique du Qu\u00e9bec vous int\u00e9resse, je vous invite \u00e0 d\u00e9couvrir, si ce n\u2019est d\u00e9j\u00e0 fait, le Mus\u00e9e virtuel d&rsquo;histoire politique du Qu\u00e9bec,\u00a0cr\u00e9\u00e9 en octobre 2020 par Dave Turcotte, ancien d\u00e9put\u00e9 p\u00e9quiste de St-Jean-sur-Richelieu de 2008 \u00e0 2018, et passionn\u00e9 d\u2019histoire politique. Bien qu\u2019il y ait peu de pages \u00e0 visiter, l\u2019information &hellip; <a href=\"https:\/\/cimbcc.org\/test2\/le-musee-virtuel-dhistoire-politique-du-quebec\/\" class=\"more-link\">Continuer la lecture de <span class=\"screen-reader-text\">Le mus\u00e9e virtuel d\u2019histoire politique du Qu\u00e9bec<\/span>  <span class=\"meta-nav\">&rarr;<\/span><\/a><\/p>\n","protected":false},"author":43,"featured_media":0,"comment_status":"open","ping_status":"closed","sticky":false,"template":"","format":"standard","meta":{"footnotes":""},"categories":[12],"tags":[144,1717,1716],"class_list":["post-42138","post","type-post","status-publish","format-standard","hentry","category-sites-coup-de-coeur","tag-histoire","tag-musee-virtuel-dhistoire-politique-du-quebec","tag-politique"],"_links":{"self":[{"href":"https:\/\/cimbcc.org\/test2\/wp-json\/wp\/v2\/posts\/42138","targetHints":{"allow":["GET"]}}],"collection":[{"href":"https:\/\/cimbcc.org\/test2\/wp-json\/wp\/v2\/posts"}],"about":[{"href":"https:\/\/cimbcc.org\/test2\/wp-json\/wp\/v2\/types\/post"}],"author":[{"embeddable":true,"href":"https:\/\/cimbcc.org\/test2\/wp-json\/wp\/v2\/users\/43"}],"replies":[{"embeddable":true,"href":"https:\/\/cimbcc.org\/test2\/wp-json\/wp\/v2\/comments?post=42138"}],"version-history":[{"count":7,"href":"https:\/\/cimbcc.org\/test2\/wp-json\/wp\/v2\/posts\/42138\/revisions"}],"predecessor-version":[{"id":42148,"href":"https:\/\/cimbcc.org\/test2\/wp-json\/wp\/v2\/posts\/42138\/revisions\/42148"}],"wp:attachment":[{"href":"https:\/\/cimbcc.org\/test2\/wp-json\/wp\/v2\/media?parent=42138"}],"wp:term":[{"taxonomy":"category","embeddable":true,"href":"https:\/\/cimbcc.org\/test2\/wp-json\/wp\/v2\/categories?post=42138"},{"taxonomy":"post_tag","embeddable":true,"href":"https:\/\/cimbcc.org\/test2\/wp-json\/wp\/v2\/tags?post=42138"}],"curies":[{"name":"wp","href":"https:\/\/api.w.org\/{rel}","templated":true}]}}