{"id":42189,"date":"2022-11-03T21:00:30","date_gmt":"2022-11-04T01:00:30","guid":{"rendered":"https:\/\/cimbcc.org\/test2\/?p=42189"},"modified":"2023-10-16T22:11:07","modified_gmt":"2023-10-17T02:11:07","slug":"mot-du-president-novembre-2022","status":"publish","type":"post","link":"https:\/\/cimbcc.org\/test2\/mot-du-president-novembre-2022\/","title":{"rendered":"Mot du pr\u00e9sident &#8211; novembre 2022"},"content":{"rendered":"<figure id=\"attachment_35278\" aria-describedby=\"caption-attachment-35278\" style=\"width: 125px\" class=\"wp-caption aligncenter\"><img loading=\"lazy\" decoding=\"async\" class=\"size-full wp-image-35278\" src=\"https:\/\/cimbcc.org\/test2\/wp-content\/uploads\/photo_cote_rejean.jpg\" alt=\"\" width=\"125\" height=\"125\" \/><figcaption id=\"caption-attachment-35278\" class=\"wp-caption-text\"><span style=\"color: #ffffff;\">mmmm<\/span>R\u00e9jean C\u00f4t\u00e9<\/figcaption><\/figure>\n<p style=\"text-align: justify;\">Deux sujets seront abord\u00e9s dans ce mot du pr\u00e9sident du mois de novembre :<\/p>\n<ul>\n<li style=\"text-align: justify;\">l\u2019assembl\u00e9e g\u00e9n\u00e9rale annuelle du 19 octobre dernier ;<\/li>\n<li style=\"text-align: justify;\">les bienfaits du b\u00e9n\u00e9volat.<\/li>\n<\/ul>\n<p><!--more--><\/p>\n<hr \/>\n<h4 style=\"text-align: justify;\"><strong>L\u2019assembl\u00e9e g\u00e9n\u00e9rale annuelle<\/strong><\/h4>\n<p style=\"text-align: justify;\">L\u2019assembl\u00e9e g\u00e9n\u00e9rale annuelle s\u2019est d\u00e9roul\u00e9e par vid\u00e9oconf\u00e9rence le 19\u00a0octobre dernier. Elle a attir\u00e9 107\u00a0membres. Vos administrateurs les remercient de leur participation \u00e0 cet exercice d\u00e9mocratique.<\/p>\n<p style=\"text-align: justify;\">Cette assembl\u00e9e g\u00e9n\u00e9rale fut l\u2019occasion d\u2019\u00e9lire une partie des administrateurs du Club parce que le mandat de quatre d\u2019entre eux arrivait \u00e0 \u00e9ch\u00e9ance\u00a0: Michel\u00a0C\u00f4t\u00e9, R\u00e9jean\u00a0C\u00f4t\u00e9, Berthe\u00a0Demers et Michel\u00a0Gagn\u00e9.<\/p>\n<p style=\"text-align: justify;\">Michel\u00a0C\u00f4t\u00e9, R\u00e9jean\u00a0C\u00f4t\u00e9, et Michel\u00a0Gagn\u00e9 ont \u00e9t\u00e9 r\u00e9\u00e9lus\u00a0pour un mandat de deux ans. Ils se joindront \u00e0 Danielle\u00a0Barab\u00e9, Nicole Comtois, C\u00e9line Dufresne, Richard\u00a0Gervais, Sylvie\u00a0Mazur et Michel Paul dont le mandat au conseil d\u2019administration se poursuit jusqu\u2019en 2023.<\/p>\n<p style=\"text-align: justify;\">Le Club remercie chaleureusement deux personnes dont la contribution au conseil d\u2019administration a \u00e9t\u00e9 fort appr\u00e9ci\u00e9e : Danielle Provost qui a d\u00e9missionn\u00e9 au printemps dernier et Berthe Demers qui n\u2019a pas sollicit\u00e9 le renouvellement de son mandat comme administratrice.<\/p>\n<hr \/>\n<h4 style=\"text-align: justify;\"><strong>Le b\u00e9n\u00e9volat<\/strong><\/h4>\n<p style=\"text-align: justify;\">Le b\u00e9n\u00e9volat est bon pour la sant\u00e9 des personnes qui re\u00e7oivent du soutien, et il est aussi bon pour la sant\u00e9 des personnes qui offrent leur aide comme b\u00e9n\u00e9vole. Des preuves scientifiques soutiennent aussi l\u2019id\u00e9e que les actes de g\u00e9n\u00e9rosit\u00e9 peuvent \u00eatre b\u00e9n\u00e9fiques psychologiquement pour les gens qui font du b\u00e9n\u00e9volat.<\/p>\n<p style=\"text-align: justify;\">Pourquoi le premier r\u00e9flexe de certaines personnes est-il de faire du b\u00e9n\u00e9volat ? Une des raisons est qu\u2019en tant qu\u2019\u00eatres humains, nous avons \u00e9volu\u00e9 pour survivre en groupe en nous entraidant. De plus, en aidant les autres, nous nous sentons moins seuls.<\/p>\n<p style=\"text-align: justify;\">Saviez-vous que six ex-pr\u00e9sidents du Club sont encore b\u00e9n\u00e9voles au Club et que certains sont m\u00eame responsables d\u2019une des activit\u00e9s du Club ? Deux de ces pr\u00e9sidents ont \u00e9t\u00e9 \u00e9lus dans les ann\u00e9es 90 et quatre au d\u00e9but des ann\u00e9es 2000. Ces ex-pr\u00e9sidents du Club sont la preuve vivante qu\u2019il y a des gens qui aiment faire du b\u00e9n\u00e9volat !<\/p>\n<p style=\"text-align: justify;\">Si vous \u00eates curieux de savoir qui sont ces ex-pr\u00e9sidents du Club, allez lire l\u2019histoire du <strong>Club informatique Mont-Bruno<\/strong> sur le site Web du <a href=\"https:\/\/cimbcc.org\/test2\" target=\"_blank\" rel=\"noopener\">Club<\/a>. Pointez l\u2019onglet <a href=\"https:\/\/cimbcc.org\/test2\/a-propos-du-club\" target=\"_blank\" rel=\"noopener\"><img loading=\"lazy\" decoding=\"async\" class=\"size-full wp-image-42204 alignnone\" src=\"https:\/\/cimbcc.org\/test2\/wp-content\/uploads\/chip_2022_11_president_1.jpg\" alt=\"\" width=\"97\" height=\"15\" \/><\/a>\u00a0et cliquez sur <a href=\"https:\/\/cimbcc.org\/test2\/a-propos-du-club\/histoire-du-club\" target=\"_blank\" rel=\"noopener\"><img loading=\"lazy\" decoding=\"async\" class=\"size-full wp-image-42205 alignnone\" src=\"https:\/\/cimbcc.org\/test2\/wp-content\/uploads\/chip_2022_11_president_2.jpg\" alt=\"\" width=\"90\" height=\"15\" \/><\/a> ; et dans le paragraphe sur \u00ab <strong>Le d\u00e9but des r\u00e9unions hebdomadaires \u00bb<\/strong>, cliquez sur \u00ab <strong>Voir la liste chronologique des pr\u00e9sidents <\/strong>\u00bb.<\/p>\n<p style=\"text-align: justify;\">Et vous, vous n\u2019avez pas envie de devenir b\u00e9n\u00e9vole au Club ? Si oui, contactez-moi ou contactez un responsable d\u2019une des activit\u00e9s du Club pour explorer comment vous pouvez vous joindre \u00e0 l\u2019\u00e9quipe des admirables b\u00e9n\u00e9voles du Club.<\/p>\n<p style=\"text-align: justify;\">R\u00e9jean\u00a0C\u00f4t\u00e9, pr\u00e9sident<\/p>\n","protected":false},"excerpt":{"rendered":"<p>Deux sujets seront abord\u00e9s dans ce mot du pr\u00e9sident du mois de novembre : l\u2019assembl\u00e9e g\u00e9n\u00e9rale annuelle du 19 octobre dernier ; les bienfaits du b\u00e9n\u00e9volat.<\/p>\n","protected":false},"author":43,"featured_media":0,"comment_status":"open","ping_status":"closed","sticky":false,"template":"","format":"standard","meta":{"footnotes":""},"categories":[11],"tags":[755,569,126,870,144],"class_list":["post-42189","post","type-post","status-publish","format-standard","hentry","category-mots-du-president","tag-aga","tag-assemblee-generale-annuelle","tag-benevoles","tag-cimbcc","tag-histoire"],"_links":{"self":[{"href":"https:\/\/cimbcc.org\/test2\/wp-json\/wp\/v2\/posts\/42189","targetHints":{"allow":["GET"]}}],"collection":[{"href":"https:\/\/cimbcc.org\/test2\/wp-json\/wp\/v2\/posts"}],"about":[{"href":"https:\/\/cimbcc.org\/test2\/wp-json\/wp\/v2\/types\/post"}],"author":[{"embeddable":true,"href":"https:\/\/cimbcc.org\/test2\/wp-json\/wp\/v2\/users\/43"}],"replies":[{"embeddable":true,"href":"https:\/\/cimbcc.org\/test2\/wp-json\/wp\/v2\/comments?post=42189"}],"version-history":[{"count":5,"href":"https:\/\/cimbcc.org\/test2\/wp-json\/wp\/v2\/posts\/42189\/revisions"}],"predecessor-version":[{"id":42207,"href":"https:\/\/cimbcc.org\/test2\/wp-json\/wp\/v2\/posts\/42189\/revisions\/42207"}],"wp:attachment":[{"href":"https:\/\/cimbcc.org\/test2\/wp-json\/wp\/v2\/media?parent=42189"}],"wp:term":[{"taxonomy":"category","embeddable":true,"href":"https:\/\/cimbcc.org\/test2\/wp-json\/wp\/v2\/categories?post=42189"},{"taxonomy":"post_tag","embeddable":true,"href":"https:\/\/cimbcc.org\/test2\/wp-json\/wp\/v2\/tags?post=42189"}],"curies":[{"name":"wp","href":"https:\/\/api.w.org\/{rel}","templated":true}]}}