{"id":42215,"date":"2022-11-06T12:45:41","date_gmt":"2022-11-06T17:45:41","guid":{"rendered":"https:\/\/cimbcc.org\/test2\/?p=42215"},"modified":"2023-10-16T22:11:07","modified_gmt":"2023-10-17T02:11:07","slug":"nouveaux-systemes-dexploitation-chez-apple","status":"publish","type":"post","link":"https:\/\/cimbcc.org\/test2\/nouveaux-systemes-dexploitation-chez-apple\/","title":{"rendered":"Nouveaux syst\u00e8mes d\u2019exploitation chez Apple"},"content":{"rendered":"<figure id=\"attachment_42194\" aria-describedby=\"caption-attachment-42194\" style=\"width: 125px\" class=\"wp-caption aligncenter\"><img loading=\"lazy\" decoding=\"async\" class=\"size-full wp-image-42194\" src=\"https:\/\/cimbcc.org\/test2\/wp-content\/uploads\/photo_vinet_daniel-e1667486419612.jpg\" alt=\"Daniel Vinet\" width=\"125\" height=\"132\" \/><figcaption id=\"caption-attachment-42194\" class=\"wp-caption-text\"><span style=\"color: #ffffff;\">mnmm<\/span>Daniel Vinet<\/figcaption><\/figure>\n<p style=\"text-align: justify;\">Le 24 octobre dernier, <em>Apple<\/em> rendait disponibles au grand public les nouvelles versions de ses syst\u00e8mes d\u2019exploitation, pr\u00e9sent\u00e9s en juin dernier \u00e0 sa <a href=\"https:\/\/fr.wikipedia.org\/wiki\/Apple_Worldwide_Developers_Conference\" target=\"_blank\" rel=\"noopener\"><em>Worldwide Developers Conference<\/em><\/a> (WWDC), soit <em><a href=\"https:\/\/fr.wikipedia.org\/wiki\/MacOS\" target=\"_blank\" rel=\"noopener\">macOS<\/a> <a href=\"https:\/\/fr.wikipedia.org\/wiki\/MacOS_Ventura\" target=\"_blank\" rel=\"noopener\">Ventura<\/a><\/em> et <a href=\"https:\/\/fr.wikipedia.org\/wiki\/IPadOS\" target=\"_blank\" rel=\"noopener\">iPadOS<\/a> <a href=\"https:\/\/fr.wikipedia.org\/wiki\/IPadOS_16\" target=\"_blank\" rel=\"noopener\">16.1<\/a>.<\/p>\n<p style=\"text-align: justify;\">En ce qui concerne les ordinateurs de type <em><a href=\"https:\/\/fr.wikipedia.org\/wiki\/Macintosh\" target=\"_blank\" rel=\"noopener\">Mac<\/a>, a<\/em>pr\u00e8s avoir pr\u00e9sent\u00e9 neuf versions portant un nom de f\u00e9lin, nous en sommes maintenant \u00e0 la dixi\u00e8me montagne ou r\u00e9gion californienne avec le comt\u00e9 de Ventura<em>.<\/em> Cette derni\u00e8re mouture requiert g\u00e9n\u00e9ralement un <a href=\"https:\/\/fr.wikipedia.org\/wiki\/IMac\" target=\"_blank\" rel=\"noopener\"><em>iMac<\/em><\/a>, <a href=\"https:\/\/fr.wikipedia.org\/wiki\/MacBook\" target=\"_blank\" rel=\"noopener\"><em>MacBook<\/em><\/a> ou <a href=\"https:\/\/fr.wikipedia.org\/wiki\/MacBook_Pro\" target=\"_blank\" rel=\"noopener\"><em>MacBook Pro<\/em><\/a> produit \u00e0 partir de 2017 ou plus r\u00e9cent.<\/p>\n<p style=\"text-align: justify;\">Pour ce qui est de <a href=\"https:\/\/fr.wikipedia.org\/wiki\/IPadOS_16\" target=\"_blank\" rel=\"noopener\"><em>iPadOS<\/em> 16.1<\/a>, celui-ci n\u00e9cessite, soit un :<\/p>\n<ul style=\"text-align: justify;\">\n<li><a href=\"https:\/\/fr.wikipedia.org\/wiki\/IPad_Pro\" target=\"_blank\" rel=\"noopener\"><em>iPad Pro<\/em><\/a> (tous les mod\u00e8les) ;<\/li>\n<li><a href=\"https:\/\/fr.wikipedia.org\/wiki\/IPad_Air\" target=\"_blank\" rel=\"noopener\"><em>iPad Air<\/em><\/a> 3<sup>e<\/sup> g\u00e9n\u00e9ration ou plus r\u00e9cent ;<\/li>\n<li><a href=\"https:\/\/fr.wikipedia.org\/wiki\/IPad\" target=\"_blank\" rel=\"noopener\"><em>iPad<\/em><\/a> 5<sup>e <\/sup>g\u00e9n\u00e9ration ou plus r\u00e9cent ;<\/li>\n<li><a href=\"https:\/\/fr.wikipedia.org\/wiki\/IPad_mini\" target=\"_blank\" rel=\"noopener\"><em>iPad mini<\/em><\/a> 5<sup>e<\/sup> g\u00e9n\u00e9ration ou plus r\u00e9cent.<\/li>\n<\/ul>\n<p style=\"text-align: justify;\">Notez qu\u2019en sa version 16.1, <em>iPadOS<\/em> b\u00e9n\u00e9ficie d\u00e9j\u00e0 des mises \u00e0 jour effectu\u00e9es lors de la sortie de la <a href=\"https:\/\/fr.wikipedia.org\/wiki\/Patch_(informatique)\" target=\"_blank\" rel=\"noopener\">rustine<\/a> 16.1 de i<em>OS<\/em>.<\/p>\n<p style=\"text-align: justify;\">Ces deux nouveaux syst\u00e8mes d&rsquo;exploitation viennent donc s\u2019ajouter \u00e0 <a href=\"https:\/\/fr.wikipedia.org\/wiki\/IOS_16\" target=\"_blank\" rel=\"noopener\">i<em>OS<\/em> 16<\/a> et <a href=\"https:\/\/fr.wikipedia.org\/wiki\/WatchOS\" target=\"_blank\" rel=\"noopener\"><em>WatchOS<\/em><\/a> 9 rendus disponibles le 12 septembre dernier respectivement pour les appareils <em>iPhone<\/em> et montres <em>Apple<\/em>. Ces derniers ajouts bouclent ainsi l\u2019\u00e9cosyst\u00e8me <em>Apple<\/em> dans ses plus r\u00e9centes versions.<\/p>\n<p style=\"text-align: justify;\"><!--more--><\/p>\n<h4>Nouveaut\u00e9s dignes de mention<\/h4>\n<p style=\"text-align: justify;\">Parmi les nombreux ajouts \u00e0 ces versions, nous pouvons souligner le <a href=\"https:\/\/www.pocket-lint.com\/fr-fr\/ordinateurs\/actualites\/apple\/161397-qu-est-ce-que-le-gestionnaire-de-scene-apple-et-comment-fonctionne-t-il-sur-votre-mac\" target=\"_blank\" rel=\"noopener\"><em>Stage Manager<\/em><\/a> qui permet l\u2019utilisation d\u2019espaces de travail, une forme de regroupement d\u2019applications situ\u00e9es \u00e0 gauche de l\u2019\u00e9cran, dont le simple clic sur une pile am\u00e8ne au premier plan celle-ci, rel\u00e9guant la pile active vers la gauche pour former un nouveau regroupement. Comme une image vaut mille mots, voici un aper\u00e7u \u00e0 l\u2019\u00e9cran avec le <em>Stage Manager<\/em> activ\u00e9.<\/p>\n<figure id=\"attachment_42219\" aria-describedby=\"caption-attachment-42219\" style=\"width: 624px\" class=\"wp-caption aligncenter\"><a href=\"https:\/\/cimbcc.org\/test2\/wp-content\/uploads\/chip_2022_11_apple_1.jpg\" target=\"_blank\" rel=\"noopener\"><img loading=\"lazy\" decoding=\"async\" class=\"size-full wp-image-42219\" src=\"https:\/\/cimbcc.org\/test2\/wp-content\/uploads\/chip_2022_11_apple_1.jpg\" alt=\"\" width=\"624\" height=\"351\" srcset=\"https:\/\/cimbcc.org\/test2\/wp-content\/uploads\/chip_2022_11_apple_1.jpg 624w, https:\/\/cimbcc.org\/test2\/wp-content\/uploads\/chip_2022_11_apple_1-300x169.jpg 300w\" sizes=\"auto, (max-width: 624px) 100vw, 624px\" \/><\/a><figcaption id=\"caption-attachment-42219\" class=\"wp-caption-text\">Cliquez sur l&rsquo;image pour l&rsquo;agrandir<\/figcaption><\/figure>\n<p style=\"text-align: justify;\">Notez que cette fonctionnalit\u00e9 est \u00e9galement disponible pour les <em>iPad Pro<\/em> et <em>iPad Air<\/em> 5<sup>e<\/sup> g\u00e9n\u00e9ration uniquement.<\/p>\n<h4 style=\"text-align: justify;\">Autres nouveaut\u00e9s pertinentes<\/h4>\n<p style=\"text-align: justify;\">Notons \u00e9galement les apports suivants :<\/p>\n<h5 style=\"text-align: justify;\"><em><strong>Messages<\/strong><\/em><\/h5>\n<ul style=\"text-align: justify;\">\n<li>Possibilit\u00e9 de marquer une conversation comme non lue.<\/li>\n<li>Possibilit\u00e9 d\u2019annuler l\u2019envoi d\u2019un message jusque\u2019\u00e0 30 secondes apr\u00e8s l\u2019envoi.<\/li>\n<li>Possibilit\u00e9 d\u2019\u00e9diter un message entre utilisateurs.<\/li>\n<\/ul>\n<h5 style=\"text-align: justify;\"><em><strong>Mail<\/strong><\/em><\/h5>\n<ul style=\"text-align: justify;\">\n<li>Possibilit\u00e9 de programmer l\u2019envoi d\u2019un courriel.<\/li>\n<li>Possibilit\u00e9 d\u2019annuler l\u2019envoi d\u2019un courriel jusque\u2019\u00e0 30 secondes apr\u00e8s l\u2019envoi.<\/li>\n<li>Ajout de rappels pour des courriels re\u00e7us.<\/li>\n<li>Prise en charge de la norme BIMI pour l\u2019authentification des exp\u00e9diteurs d\u2019affaires, ceci permet la diminution des pourriels ou tentatives d\u2019hame\u00e7onnage \u00e0 votre \u00e9gard.<\/li>\n<\/ul>\n<h5 style=\"text-align: justify;\"><em><strong>Photos<\/strong><\/em><\/h5>\n<ul style=\"text-align: justify;\">\n<li>Partage de phototh\u00e8que en famille.<\/li>\n<\/ul>\n<h5 style=\"text-align: justify;\"><em><strong>Cam\u00e9ra de continuit\u00e9<\/strong><\/em><\/h5>\n<ul style=\"text-align: justify;\">\n<li>Possibilit\u00e9 d\u2019utiliser votre iPhone comme webcam ou comme micro.<\/li>\n<\/ul>\n<h4 style=\"text-align: justify;\"><strong>Toujours plus de collaboration<\/strong><\/h4>\n<p style=\"text-align: justify;\">Des fonctionnalit\u00e9s de collaboration ont \u00e9galement \u00e9t\u00e9 ajout\u00e9es \u00e0 diverses applications telles que <a href=\"https:\/\/fr.wikipedia.org\/wiki\/FaceTime\" target=\"_blank\" rel=\"noopener\"><em>FaceTime<\/em><\/a> et <a href=\"https:\/\/fr.wikipedia.org\/wiki\/Messages_(Apple)\" target=\"_blank\" rel=\"noopener\"><em>Messages<\/em><\/a>, ainsi que la suite bureautique d\u2019<em>Apple<\/em> (<a href=\"https:\/\/fr.wikipedia.org\/wiki\/Pages_(logiciel)\" target=\"_blank\" rel=\"noopener\"><em>Pages<\/em><\/a>, <a href=\"https:\/\/fr.wikipedia.org\/wiki\/Numbers_(logiciel)\" target=\"_blank\" rel=\"noopener\"><em>Numbers<\/em><\/a>, <a href=\"https:\/\/fr.wikipedia.org\/wiki\/Keynote_(logiciel)\" target=\"_blank\" rel=\"noopener\"><em>Keynote<\/em><\/a>), signe des temps du t\u00e9l\u00e9travail. D\u2019ailleurs, une nouvelle application fera son entr\u00e9e plus tard cette ann\u00e9e, <a href=\"https:\/\/www.blogdumoderateur.com\/iphone-freeform-application-collaborative-apple-ios-16-2\/\" target=\"_blank\" rel=\"noopener\"><em>Freeform<\/em><\/a>. Ce logiciel offrira un tableau blanc pour esquisser seul ou en groupe. Il s\u2019agit d\u2019un \u00e9quivalent \u00e0 <a href=\"https:\/\/www.microsoft.com\/fr-ca\/microsoft-365\/microsoft-whiteboard\/digital-whiteboard-app\" target=\"_blank\" rel=\"noopener\"><em>Whiteboard<\/em><\/a> pour les utilisateurs de <em>Windows<\/em>.<\/p>\n<p style=\"text-align: justify;\">L\u2019application <a href=\"https:\/\/apps.apple.com\/fr\/app\/m%C3%A9t%C3%A9o\/id1069513131\" target=\"_blank\" rel=\"noopener\"><em>M\u00e9t\u00e9o<\/em><\/a> d\u2019<em>Apple<\/em> fait enfin son entr\u00e9e sur <em>macOS<\/em> et <em>iPadOS<\/em>, ardemment demand\u00e9e par les utilisateurs. Jusqu\u2019\u00e0 pr\u00e9sent, celle-ci n\u2019\u00e9tait disponible que sur <em>iPhone<\/em>.<\/p>\n<h4 style=\"text-align: justify;\"><strong>La s\u00e9curit\u00e9 num\u00e9rique toujours plus importante<\/strong><\/h4>\n<p style=\"text-align: justify;\">Le volet s\u00e9curit\u00e9 n\u2019est pas en reste avec l\u2019introduction de <em>Passkeys<\/em> qui vient remplacer <em>Passwords<\/em>. Ce dernier n\u2019\u00e9tait pas tr\u00e8s convivial \u00e0 l\u2019utilisation. <em>Passkeys<\/em> repr\u00e9sente la nouvelle g\u00e9n\u00e9ration d\u2019authentification, bas\u00e9 sur le standard <em>WebAuth. <\/em>Il est plus s\u00e9curitaire et offre une cryptographie unique pour chaque compte enregistr\u00e9.<\/p>\n<h4 style=\"text-align: justify;\">Liens utiles<\/h4>\n<p>Si vous voulez en savoir davantage :<\/p>\n<ul>\n<li style=\"text-align: justify;\"><a href=\"https:\/\/www.apple.com\/ca\/fr\/macos\/ventura\/features\/\" target=\"_blank\" rel=\"noopener\">Pour une liste compl\u00e8te des nouveaut\u00e9s<\/a> de <em><strong>macOS Ventura<\/strong> ;<\/em><\/li>\n<li style=\"text-align: justify;\"><a href=\"https:\/\/www.apple.com\/ca\/fr\/ipados\/ipados-16\/features\/\" target=\"_blank\" rel=\"noopener\">Pour une liste compl\u00e8te des nouveaut\u00e9s<\/a> de <strong><em>iPadOS<\/em> 16.1<\/strong> ;<\/li>\n<li style=\"text-align: justify;\"><a href=\"https:\/\/fr.wikipedia.org\/wiki\/MacOS\" target=\"_blank\" rel=\"noopener\">Pour la petite histoire des versions de <em>Mac OS X<\/em><\/a>, puis <em><strong>macOS<\/strong>.<\/em><\/li>\n<\/ul>\n<h4 style=\"text-align: justify;\">Conclusion<\/h4>\n<p style=\"text-align: justify;\">En conclusion, l\u2019\u00e9cosyst\u00e8me <em>Apple<\/em> n\u2019a jamais \u00e9t\u00e9 aussi homog\u00e8ne, collaboratif et s\u00e9curitaire. Ces nouvelles versions feront assur\u00e9ment le bonheur des aficionados de la marque \u00e0 la pomme.<\/p>\n<p>Daniel Vinet<\/p>\n","protected":false},"excerpt":{"rendered":"<p>Le 24 octobre dernier, Apple rendait disponibles au grand public les nouvelles versions de ses syst\u00e8mes d\u2019exploitation, pr\u00e9sent\u00e9s en juin dernier \u00e0 sa Worldwide Developers Conference (WWDC), soit macOS Ventura et iPadOS 16.1. En ce qui concerne les ordinateurs de type Mac, apr\u00e8s avoir pr\u00e9sent\u00e9 neuf versions portant un nom de f\u00e9lin, nous en sommes &hellip; <a href=\"https:\/\/cimbcc.org\/test2\/nouveaux-systemes-dexploitation-chez-apple\/\" class=\"more-link\">Continuer la lecture de <span class=\"screen-reader-text\">Nouveaux syst\u00e8mes d\u2019exploitation chez Apple<\/span>  <span class=\"meta-nav\">&rarr;<\/span><\/a><\/p>\n","protected":false},"author":43,"featured_media":0,"comment_status":"open","ping_status":"closed","sticky":false,"template":"","format":"standard","meta":{"footnotes":""},"categories":[403],"tags":[427,390,1397,1721,159,1722],"class_list":["post-42215","post","type-post","status-publish","format-standard","hentry","category-applications","tag-apple","tag-ios","tag-ipados","tag-macos","tag-systeme-dexploitation","tag-watchos"],"_links":{"self":[{"href":"https:\/\/cimbcc.org\/test2\/wp-json\/wp\/v2\/posts\/42215","targetHints":{"allow":["GET"]}}],"collection":[{"href":"https:\/\/cimbcc.org\/test2\/wp-json\/wp\/v2\/posts"}],"about":[{"href":"https:\/\/cimbcc.org\/test2\/wp-json\/wp\/v2\/types\/post"}],"author":[{"embeddable":true,"href":"https:\/\/cimbcc.org\/test2\/wp-json\/wp\/v2\/users\/43"}],"replies":[{"embeddable":true,"href":"https:\/\/cimbcc.org\/test2\/wp-json\/wp\/v2\/comments?post=42215"}],"version-history":[{"count":8,"href":"https:\/\/cimbcc.org\/test2\/wp-json\/wp\/v2\/posts\/42215\/revisions"}],"predecessor-version":[{"id":42217,"href":"https:\/\/cimbcc.org\/test2\/wp-json\/wp\/v2\/posts\/42215\/revisions\/42217"}],"wp:attachment":[{"href":"https:\/\/cimbcc.org\/test2\/wp-json\/wp\/v2\/media?parent=42215"}],"wp:term":[{"taxonomy":"category","embeddable":true,"href":"https:\/\/cimbcc.org\/test2\/wp-json\/wp\/v2\/categories?post=42215"},{"taxonomy":"post_tag","embeddable":true,"href":"https:\/\/cimbcc.org\/test2\/wp-json\/wp\/v2\/tags?post=42215"}],"curies":[{"name":"wp","href":"https:\/\/api.w.org\/{rel}","templated":true}]}}