{"id":42340,"date":"2022-11-16T17:22:43","date_gmt":"2022-11-16T22:22:43","guid":{"rendered":"https:\/\/cimbcc.org\/test2\/?p=42340"},"modified":"2023-10-16T22:11:07","modified_gmt":"2023-10-17T02:11:07","slug":"un-regard-amusant-sur-lautomne-qui-se-termine","status":"publish","type":"post","link":"https:\/\/cimbcc.org\/test2\/un-regard-amusant-sur-lautomne-qui-se-termine\/","title":{"rendered":"Un regard amusant sur l&rsquo;automne qui se termine"},"content":{"rendered":"<figure id=\"attachment_24158\" aria-describedby=\"caption-attachment-24158\" style=\"width: 125px\" class=\"wp-caption aligncenter\"><img loading=\"lazy\" decoding=\"async\" class=\"size-full wp-image-24158\" src=\"https:\/\/cimbcc.org\/test2\/wp-content\/uploads\/photo_gervais_richard.jpg\" alt=\"\" width=\"125\" height=\"125\" \/><figcaption id=\"caption-attachment-24158\" class=\"wp-caption-text\"><span style=\"color: #ffffff;\">mmn<\/span>Richard Gervais<\/figcaption><\/figure>\n<p style=\"text-align: justify;\">Des <a href=\"https:\/\/www.meteomedia.com\/ca\/nouvelles\/article\/record-de-temperature-de-tous-les-temps\" target=\"_blank\" rel=\"noopener\">records de temp\u00e9rature<\/a> ont \u00e9t\u00e9 battus au Qu\u00e9bec cet automne, car il faisait 24,3<sup>o<\/sup>C \u00e0 Montr\u00e9al et 25,3<sup>o<\/sup>C \u00e0 Saint-Anicet le 5 novembre. Par contre, le 16 du m\u00eame mois,\u00a0 plus de 10 cm de neige sont tomb\u00e9s dans la r\u00e9gion de Montr\u00e9al. Tout un contraste !<\/p>\n<p style=\"text-align: justify;\">De plus, le retour \u00e0 l&rsquo;heure normale du 6 novembre dernier a assombri nos fins d&rsquo;apr\u00e8s-midi. Les personnes susceptibles \u00e0 la <a href=\"https:\/\/www.esantementale.ca\/Ottawa-Carleton\/Trouble-affectif-saisonnier-Depression-saisonniere\/index.php?m=article&amp;ID=8870#:~:text=Le%20trouble%20affectif%20saisonnier%20(alias,hiver%20et%20dispara%C3%AEt%20en%20%C3%A9t%C3%A9.\" target=\"_blank\" rel=\"noopener\">d\u00e9pression saisonni\u00e8re<\/a> en ont certainement d\u00e9j\u00e0 ressenti les effets.<\/p>\n<p style=\"text-align: justify;\">Pour vous changer les id\u00e9es, quoi de mieux que d&rsquo;\u00e9couter une prestation musicale amusante d&rsquo;<a href=\"https:\/\/www.andystlouis.com\/\" target=\"_blank\" rel=\"noopener\">Andy St-Louis<\/a> ?<\/p>\n<p style=\"text-align: justify;\"><!--more-->Le 17 avril dernier, <a href=\"https:\/\/cimbcc.org\/test2\/une-bouffee-dair-frais-nommee-andy-st-louis\" target=\"_blank\" rel=\"noopener\">je vous avais pr\u00e9sent\u00e9<\/a> cette boule d&rsquo;\u00e9nergie dot\u00e9e d&rsquo;un humour bon enfant assorti de magnifiques talents musicaux. Ses <a href=\"https:\/\/www.youtube.com\/results?search_query=andy+st-louis\" target=\"_blank\" rel=\"noopener\">vid\u00e9os sur YouTube<\/a> et sa <a href=\"https:\/\/www.twitch.tv\/andythefrenchy\" target=\"_blank\" rel=\"noopener\">cha\u00eene Twitch<\/a> m\u00e9ritent le d\u00e9tour.<\/p>\n<p style=\"text-align: justify;\">Bon visionnement !<\/p>\n<p><iframe loading=\"lazy\" title=\"Medley &quot;Automne&quot;\" width=\"474\" height=\"356\" src=\"https:\/\/www.youtube.com\/embed\/dQPgzKHPkHQ?feature=oembed\" frameborder=\"0\" allow=\"accelerometer; autoplay; clipboard-write; encrypted-media; gyroscope; picture-in-picture; web-share\" referrerpolicy=\"strict-origin-when-cross-origin\" allowfullscreen><\/iframe><\/p>\n","protected":false},"excerpt":{"rendered":"<p>Des records de temp\u00e9rature ont \u00e9t\u00e9 battus au Qu\u00e9bec cet automne, car il faisait 24,3oC \u00e0 Montr\u00e9al et 25,3oC \u00e0 Saint-Anicet le 5 novembre. Par contre, le 16 du m\u00eame mois,\u00a0 plus de 10 cm de neige sont tomb\u00e9s dans la r\u00e9gion de Montr\u00e9al. Tout un contraste ! De plus, le retour \u00e0 l&rsquo;heure normale &hellip; <a href=\"https:\/\/cimbcc.org\/test2\/un-regard-amusant-sur-lautomne-qui-se-termine\/\" class=\"more-link\">Continuer la lecture de <span class=\"screen-reader-text\">Un regard amusant sur l&rsquo;automne qui se termine<\/span>  <span class=\"meta-nav\">&rarr;<\/span><\/a><\/p>\n","protected":false},"author":43,"featured_media":0,"comment_status":"open","ping_status":"closed","sticky":false,"template":"","format":"standard","meta":{"footnotes":""},"categories":[12],"tags":[1642,1693,1602,73,349],"class_list":["post-42340","post","type-post","status-publish","format-standard","hentry","category-sites-coup-de-coeur","tag-andy-st-louis","tag-automne-2022","tag-humour","tag-musique","tag-you-tube"],"_links":{"self":[{"href":"https:\/\/cimbcc.org\/test2\/wp-json\/wp\/v2\/posts\/42340","targetHints":{"allow":["GET"]}}],"collection":[{"href":"https:\/\/cimbcc.org\/test2\/wp-json\/wp\/v2\/posts"}],"about":[{"href":"https:\/\/cimbcc.org\/test2\/wp-json\/wp\/v2\/types\/post"}],"author":[{"embeddable":true,"href":"https:\/\/cimbcc.org\/test2\/wp-json\/wp\/v2\/users\/43"}],"replies":[{"embeddable":true,"href":"https:\/\/cimbcc.org\/test2\/wp-json\/wp\/v2\/comments?post=42340"}],"version-history":[{"count":8,"href":"https:\/\/cimbcc.org\/test2\/wp-json\/wp\/v2\/posts\/42340\/revisions"}],"predecessor-version":[{"id":42351,"href":"https:\/\/cimbcc.org\/test2\/wp-json\/wp\/v2\/posts\/42340\/revisions\/42351"}],"wp:attachment":[{"href":"https:\/\/cimbcc.org\/test2\/wp-json\/wp\/v2\/media?parent=42340"}],"wp:term":[{"taxonomy":"category","embeddable":true,"href":"https:\/\/cimbcc.org\/test2\/wp-json\/wp\/v2\/categories?post=42340"},{"taxonomy":"post_tag","embeddable":true,"href":"https:\/\/cimbcc.org\/test2\/wp-json\/wp\/v2\/tags?post=42340"}],"curies":[{"name":"wp","href":"https:\/\/api.w.org\/{rel}","templated":true}]}}