{"id":42355,"date":"2022-11-18T18:54:56","date_gmt":"2022-11-18T23:54:56","guid":{"rendered":"https:\/\/cimbcc.org\/test2\/?p=42355"},"modified":"2023-10-16T22:11:07","modified_gmt":"2023-10-17T02:11:07","slug":"echos-du-conseil-dadministration-1er-novembre-2022","status":"publish","type":"post","link":"https:\/\/cimbcc.org\/test2\/echos-du-conseil-dadministration-1er-novembre-2022\/","title":{"rendered":"\u00c9chos du conseil d\u2019administration &#8211; 1er novembre 2022"},"content":{"rendered":"<figure id=\"attachment_42359\" aria-describedby=\"caption-attachment-42359\" style=\"width: 536px\" class=\"wp-caption aligncenter\"><img loading=\"lazy\" decoding=\"async\" class=\"size-full wp-image-42359\" src=\"https:\/\/cimbcc.org\/test2\/wp-content\/uploads\/photo_conseil_dadministration_2022_2023-e1668820290183.jpg\" alt=\"\" width=\"536\" height=\"267\" srcset=\"https:\/\/cimbcc.org\/test2\/wp-content\/uploads\/photo_conseil_dadministration_2022_2023-e1668820290183.jpg 536w, https:\/\/cimbcc.org\/test2\/wp-content\/uploads\/photo_conseil_dadministration_2022_2023-e1668820290183-300x149.jpg 300w\" sizes=\"auto, (max-width: 536px) 100vw, 536px\" \/><figcaption id=\"caption-attachment-42359\" class=\"wp-caption-text\">Dans l&rsquo;ordre habituel : Danielle Barab\u00e9, Nicole Comtois, R\u00e9jean C\u00f4t\u00e9, C\u00e9line Dufresne,<br \/>Michel Gagn\u00e9, Richard Gervais, Sylvie Mazur, Michel Paul<\/figcaption><\/figure>\n<p style=\"text-align: justify;\">Cette r\u00e9union, qui a suivi l\u2019assembl\u00e9e g\u00e9n\u00e9rale annuelle, fut l\u2019occasion de revoir la composition du comit\u00e9 ex\u00e9cutif et le partage des responsabilit\u00e9s entre les administrateurs.<\/p>\n<p style=\"text-align: justify;\">Le conseil d\u2019administration s\u2019est r\u00e9joui du nombre de membres atteint cet automne et de l\u2019arriv\u00e9e d\u2019un nouveau collaborateur, mais il d\u00e9plore une d\u00e9mission. Il a aussi fait le bilan des s\u00e9ances du vendredi apr\u00e8s-midi et de l\u2019activit\u00e9 de relance t\u00e9l\u00e9phonique des membres qui n\u2019avaient pas renouvel\u00e9 leur adh\u00e9sion. Enfin, le conseil a r\u00e9vis\u00e9 la mission et la politique g\u00e9n\u00e9rale du Club ainsi que ses <em>R\u00e8glements g\u00e9n\u00e9raux<\/em>.<\/p>\n<hr \/>\n<p style=\"text-align: justify;\"><strong><mark>Avant de prendre connaissance du texte d\u00e9taill\u00e9 des \u00c9chos, lisez ce <span style=\"text-decoration: underline;\">message important<\/span> de l\u2019\u00e9quipe qui travaille au recyclage de mat\u00e9riel informatique.<\/mark><\/strong><\/p>\n<p style=\"text-align: justify;\"><em><mark>Jusqu\u2019\u00e0 nouvel ordre, les personnes qui veulent se d\u00e9barrasser d\u2019un \u00e9quipement informatique sont pri\u00e9es de l\u2019apporter directement \u00e0 l\u2019atelier le mercredi.<\/mark><\/em><\/p>\n<p style=\"text-align: justify;\"><em><mark>L\u2019\u00e9quipe de l\u2019atelier de recyclage acceptera uniquement les ordinateurs portables, les ordinateurs de table (les tours) et les \u00e9crans.<\/mark><\/em><\/p>\n<p style=\"text-align: justify;\"><em><mark><strong>Adresse\u00a0:<\/strong> 1595, rue de Montarville \u00e0 Saint-Bruno \u2014 \u00e0 c\u00f4t\u00e9 de la caserne des pompiers<br \/>\n<\/mark><mark><strong>Horaire\u00a0:<\/strong> tous les mercredis\u00a0de 9\u00a0h \u00e0 15\u00a0h\u00a030<br \/>\n<\/mark><mark><strong>T\u00e9l\u00e9phone (seulement le mercredi)\u00a0:<\/strong> 450\u00a0653-2443 poste\u00a05555<\/mark><\/em><\/p>\n<p><!--more--><\/p>\n<hr \/>\n<h4 style=\"text-align: justify;\"><strong>\u00c9lection du comit\u00e9 ex\u00e9cutif et partage des responsabilit\u00e9s<\/strong><\/h4>\n<p style=\"text-align: justify;\">Sans surprise, les quatre membres du comit\u00e9 ex\u00e9cutif pr\u00e9c\u00e9dent ont \u00e9t\u00e9 r\u00e9\u00e9lus \u00e0 l\u2019unanimit\u00e9 pour 2022-2023\u00a0:<\/p>\n<ul style=\"text-align: justify;\">\n<li style=\"text-align: justify;\">Pr\u00e9sident\u00a0: R\u00e9jean C\u00f4t\u00e9<\/li>\n<li>Vice-pr\u00e9sident\u00a0: Michel Gagn\u00e9<\/li>\n<li>Tr\u00e9sori\u00e8re\u00a0: Danielle Barab\u00e9<\/li>\n<li>Secr\u00e9taire\u00a0: Sylvie Mazur<\/li>\n<\/ul>\n<p style=\"text-align: justify;\">Les administrateurs se sont aussi r\u00e9parti le parrainage des diff\u00e9rentes activit\u00e9s du Club et la r\u00e9vision des diff\u00e9rents documents de r\u00e9f\u00e9rence du Club.<\/p>\n<p style=\"text-align: justify;\">Le parrain ou la marraine d\u2019une activit\u00e9 a pour r\u00f4le de tr\u00e8s bien comprendre le fonctionnement de l\u2019activit\u00e9 pour pouvoir, au besoin, l\u2019expliquer aux autres administrateurs et pour comprendre l\u2019impact des d\u00e9cisions du conseil d\u2019administration sur l\u2019activit\u00e9. Le parrain ou la marraine apporte son soutien au responsable de l\u2019activit\u00e9 et assure la communication entre lui et le conseil d\u2019administration.<\/p>\n<p style=\"text-align: justify;\">Les documents de r\u00e9f\u00e9rence du Club ont \u00e9t\u00e9 r\u00e9dig\u00e9s pour d\u00e9finir les lignes directrices \u00e0 respecter dans le d\u00e9roulement de certaines activit\u00e9s ou la gestion de certains \u00e9l\u00e9ments. Voici quelques exemples de documents de r\u00e9f\u00e9rence dont s\u2019est dot\u00e9 le conseil d\u2019administration\u00a0: le parrainage des activit\u00e9s au sein du conseil d\u2019administration, la neutralit\u00e9 commerciale du Club, la gestion des ordinateurs du Club.<\/p>\n<hr \/>\n<h4 style=\"text-align: justify;\"><strong>Retour sur l\u2019assembl\u00e9e g\u00e9n\u00e9rale annuelle du 19\u00a0octobre<\/strong><\/h4>\n<p style=\"text-align: justify;\"><strong>\u00a0<\/strong>La formule adopt\u00e9e pour l\u2019assembl\u00e9e g\u00e9n\u00e9rale annuelle a permis de la tenir en 30\u00a0minutes, ce dont tous se sont f\u00e9licit\u00e9s. Le projet de proc\u00e8s-verbal a \u00e9t\u00e9 jug\u00e9 conforme par le conseil d\u2019administration et il sera soumis \u00e0 l\u2019approbation de la prochaine assembl\u00e9e g\u00e9n\u00e9rale annuelle des membres.<\/p>\n<hr \/>\n<h4><strong>Membres et b\u00e9n\u00e9voles<\/strong><\/h4>\n<p style=\"text-align: justify;\">Au 1<sup>er<\/sup>\u00a0novembre, le Club comptait 776\u00a0membres, soit 44 de plus qu\u2019\u00e0 la m\u00eame date l\u2019an dernier. Ce nombre se compose de 610\u00a0membres qui ont renouvel\u00e9 leur adh\u00e9sion pour 2022-2023 et de 166\u00a0nouveaux adh\u00e9rents.<\/p>\n<p style=\"text-align: justify;\">Daniel Vinet s\u2019est joint aux b\u00e9n\u00e9voles du Club. Il se propose de r\u00e9diger des articles pour le CHIP. Il pourra \u00e9ventuellement accepter d\u2019autres responsabilit\u00e9s au Club.<\/p>\n<p style=\"text-align: justify;\">Michel C\u00f4t\u00e9 a \u00e9t\u00e9 r\u00e9\u00e9lu administrateur du Club \u00e0 l\u2019occasion de la derni\u00e8re assembl\u00e9e g\u00e9n\u00e9rale, le 19\u00a0octobre dernier. Cependant, Michel C\u00f4t\u00e9 nous a inform\u00e9s qu\u2019il devait se retirer du conseil d\u2019administration pour des raisons personnelles. Il continuera toutefois \u00e0 \u0153uvrer au Club, en particulier comme responsable de <a href=\"https:\/\/cimbcc.org\/test2\/entraide\/lassistance-avant-les-seances\" target=\"_blank\" rel=\"noopener\">l\u2019assistance avant les pr\u00e9sentations<\/a>. Le conseil d\u2019administration le remercie pour sa contribution au conseil au cours des quatre derni\u00e8res ann\u00e9es.<\/p>\n<hr \/>\n<h4><strong>S\u00e9ances du vendredi au Chalet Marie-Victorin<\/strong><\/h4>\n<p style=\"text-align: justify;\">En septembre et octobre, les s\u00e9ances du vendredi ont r\u00e9uni une moyenne de 109\u00a0membres au <a href=\"https:\/\/cimbcc.org\/test2\/chalet-marie-victorin-saint-bruno\" target=\"_blank\" rel=\"noopener\">Chalet Marie-Victorin<\/a> et en ligne. Les membres pr\u00e9sents au Chalet repr\u00e9sentent 32\u00a0% de ces participants. Le conseil d\u2019administration esp\u00e8re que la fin des travaux sur la rue Marie-Victorin rendra l\u2019acc\u00e8s au Chalet plus attrayant d\u00e8s la mi-novembre.<\/p>\n<p style=\"text-align: justify;\">M\u00eame si cela exige une somme de travail importante pour l\u2019\u00e9quipe qui pr\u00e9pare chaque s\u00e9ance au <a href=\"https:\/\/cimbcc.org\/test2\/chalet-marie-victorin-saint-bruno\" target=\"_blank\" rel=\"noopener\">Chalet Marie-Victorin<\/a>, et m\u00eame si le niveau des pr\u00e9sences est inf\u00e9rieur \u00e0 ce qui est esp\u00e9r\u00e9, le conseil d\u2019administration a d\u00e9cid\u00e9 de maintenir la formule hybride jusqu\u2019en mai prochain. Ainsi, d\u00e8s janvier, ce sont les s\u00e9ances de la s\u00e9rie <em>D\u00e9couverte<\/em> qui se d\u00e9rouleront le vendredi apr\u00e8s-midi, \u00e0 la fois en ligne et en salle au Chalet Marie-Victorin.<\/p>\n<hr \/>\n<h4 style=\"text-align: justify;\"><strong>Relance t\u00e9l\u00e9phonique des membres qui n\u2019avaient pas encore renouvel\u00e9 leur adh\u00e9sion<\/strong><\/h4>\n<p style=\"text-align: justify;\">Pour une deuxi\u00e8me ann\u00e9e, le conseil a d\u00e9cid\u00e9 de communiquer avec les membres qui n\u2019avaient pas renouvel\u00e9 leur adh\u00e9sion \u00e0 la fin de septembre. C\u2019est Berthe Demers qui s\u2019est charg\u00e9e des appels avec Michel Th\u00e9roux. Ensemble, ils ont r\u00e9ussi \u00e0 joindre 83\u00a0personnes sur les 120 appel\u00e9es entre le 5 et le 12\u00a0octobre.<\/p>\n<p style=\"text-align: justify;\">L\u2019accueil a toujours \u00e9t\u00e9 positif. Dix-huit personnes ont renouvel\u00e9 leur adh\u00e9sion. Les autres ont \u00e9voqu\u00e9 plusieurs raisons pour ne pas le faire\u00a0: leurs besoins sont satisfaits, ils peuvent compter sur leur conjoint ou conjointe comme personne-ressource, ils manquent de temps, d\u2019autres priorit\u00e9s se sont impos\u00e9es, la maladie est une contrainte majeure.<\/p>\n<p style=\"text-align: justify;\">En g\u00e9n\u00e9ral, les membres ont formul\u00e9 des commentaires positifs \u00e0 l\u2019\u00e9gard des activit\u00e9s du Club et ils sont reconnaissants pour la formation et les services re\u00e7us. Les s\u00e9ances en ligne gr\u00e2ce \u00e0 Zoom sont bien accueillies, mais trois membres ont exprim\u00e9 pr\u00e9f\u00e9rer les s\u00e9ances en salle.<\/p>\n<hr \/>\n<h4><strong>R\u00e9vision de la mission et de la politique g\u00e9n\u00e9rale du Club et des R\u00e8glements g\u00e9n\u00e9raux<\/strong><\/h4>\n<p style=\"text-align: justify;\">La <a href=\"https:\/\/cimbcc.org\/test2\/a-propos-du-club\/la-mission-et-la-politique\" target=\"_blank\" rel=\"noopener\">mission et la politique g\u00e9n\u00e9rale<\/a> du Club ont \u00e9t\u00e9 reconduites sans modification parce que le conseil a jug\u00e9 que les activit\u00e9s du Club s\u2019y conforment.<\/p>\n<p style=\"text-align: justify;\">Les <a href=\"https:\/\/cimbcc.org\/test2\/a-propos-du-club\/reglements-du-club\" target=\"_blank\" rel=\"noopener\">R\u00e8glements g\u00e9n\u00e9raux<\/a> ont fait l\u2019objet de modifications qui ont principalement pour but de moderniser certaines d\u00e9finitions (celle du membre associ\u00e9, par exemple) ou d\u2019ouvrir le Club \u00e0 plus de souplesse (la composition du futur conseil d\u2019administration et la p\u00e9riode de mise en candidature des administrateurs). Ces modifications seront soumises \u00e0 l\u2019approbation de la prochaine assembl\u00e9e g\u00e9n\u00e9rale des membres. Elles n\u2019entra\u00eenent pas de changements dans les activit\u00e9s du Club et elles seront d\u00e9j\u00e0 int\u00e9gr\u00e9es dans le texte publi\u00e9 sur le site Web du Club.<\/p>\n<p>Sylvie Mazur, secr\u00e9taire du conseil d\u2019administration<\/p>\n","protected":false},"excerpt":{"rendered":"<p>Cette r\u00e9union, qui a suivi l\u2019assembl\u00e9e g\u00e9n\u00e9rale annuelle, fut l\u2019occasion de revoir la composition du comit\u00e9 ex\u00e9cutif et le partage des responsabilit\u00e9s entre les administrateurs. Le conseil d\u2019administration s\u2019est r\u00e9joui du nombre de membres atteint cet automne et de l\u2019arriv\u00e9e d\u2019un nouveau collaborateur, mais il d\u00e9plore une d\u00e9mission. Il a aussi fait le bilan des &hellip; <a href=\"https:\/\/cimbcc.org\/test2\/echos-du-conseil-dadministration-1er-novembre-2022\/\" class=\"more-link\">Continuer la lecture de <span class=\"screen-reader-text\">\u00c9chos du conseil d\u2019administration &#8211; 1er novembre 2022<\/span>  <span class=\"meta-nav\">&rarr;<\/span><\/a><\/p>\n","protected":false},"author":43,"featured_media":0,"comment_status":"open","ping_status":"closed","sticky":false,"template":"","format":"standard","meta":{"footnotes":""},"categories":[386],"tags":[755,569,126,608,1487,1048,756,594,1557,271,1675,568,1727],"class_list":["post-42355","post","type-post","status-publish","format-standard","hentry","category-echos-du-conseil-dadministration","tag-aga","tag-assemblee-generale-annuelle","tag-benevoles","tag-ca","tag-salle-marie-victorin","tag-comite-executif","tag-conseil-dadministration","tag-membres","tag-mission-du-club","tag-presentations","tag-presentations-hybrides","tag-reglements-generaux","tag-relance-telephonique"],"_links":{"self":[{"href":"https:\/\/cimbcc.org\/test2\/wp-json\/wp\/v2\/posts\/42355","targetHints":{"allow":["GET"]}}],"collection":[{"href":"https:\/\/cimbcc.org\/test2\/wp-json\/wp\/v2\/posts"}],"about":[{"href":"https:\/\/cimbcc.org\/test2\/wp-json\/wp\/v2\/types\/post"}],"author":[{"embeddable":true,"href":"https:\/\/cimbcc.org\/test2\/wp-json\/wp\/v2\/users\/43"}],"replies":[{"embeddable":true,"href":"https:\/\/cimbcc.org\/test2\/wp-json\/wp\/v2\/comments?post=42355"}],"version-history":[{"count":6,"href":"https:\/\/cimbcc.org\/test2\/wp-json\/wp\/v2\/posts\/42355\/revisions"}],"predecessor-version":[{"id":42363,"href":"https:\/\/cimbcc.org\/test2\/wp-json\/wp\/v2\/posts\/42355\/revisions\/42363"}],"wp:attachment":[{"href":"https:\/\/cimbcc.org\/test2\/wp-json\/wp\/v2\/media?parent=42355"}],"wp:term":[{"taxonomy":"category","embeddable":true,"href":"https:\/\/cimbcc.org\/test2\/wp-json\/wp\/v2\/categories?post=42355"},{"taxonomy":"post_tag","embeddable":true,"href":"https:\/\/cimbcc.org\/test2\/wp-json\/wp\/v2\/tags?post=42355"}],"curies":[{"name":"wp","href":"https:\/\/api.w.org\/{rel}","templated":true}]}}